{"id":117917,"date":"2025-07-17T04:26:42","date_gmt":"2025-07-17T07:26:42","guid":{"rendered":"https:\/\/laurbedigital.com.ar\/noticias\/?p=117917"},"modified":"2025-07-17T04:26:42","modified_gmt":"2025-07-17T07:26:42","slug":"la-realidad-de-los-salarios-55-de-caida-en-el-primer-cuatrimestre-desmintiendo-el-discurso-oficial","status":"publish","type":"post","link":"https:\/\/laurbedigital.com.ar\/noticias\/2025\/07\/17\/la-realidad-de-los-salarios-55-de-caida-en-el-primer-cuatrimestre-desmintiendo-el-discurso-oficial\/","title":{"rendered":"La realidad de los salarios: 5,5% de ca\u00edda en el primer cuatrimestre, desmintiendo el discurso oficial"},"content":{"rendered":"<p>Este dato contrasta directamente con el discurso del vocero presidencial, Manuel Adorni, quien ha insistido en una supuesta mejora del poder adquisitivo de los salarios en los \u00faltimos meses. Tambi\u00e9n desmiente a figuras como el \u00abtroll\u00bb libertario Daniel Parisini, conocido como \u00abGordo Dan\u00bb, quien en la red social X afirm\u00f3 que \u00ablos salarios promedios en 2025 acumulan una suba de 18,8% en los primeros cinco meses del a\u00f1o vs. 13,2% de la inflaci\u00f3n\u00bb.<\/p>\n<h2>El error de la comparaci\u00f3n salarial a d\u00f3lar y las proyecciones fallidas<\/h2>\n<p>La estrategia utilizada por algunos para argumentar una mejora salarial se basa en la comparaci\u00f3n de los salarios con el tipo de cambio del d\u00f3lar. Sin embargo, dado el \u00abatraso fenomenal\u00bb del d\u00f3lar, esta comparaci\u00f3n arroja un resultado artificialmente positivo para los salarios en pesos.<\/p>\n<p>Los datos concretos medidos a abril de este a\u00f1o muestran una diferencia negativa del 5,5% en t\u00e9rminos de poder adquisitivo. Para que la afirmaci\u00f3n de Parisini sobre una suba salarial del 18,8% hasta mayo fuera cierta, los salarios en ese mes deber\u00edan haber experimentado un aumento real de m\u00e1s de 23 puntos, algo que no sucedi\u00f3.<\/p>\n<h2>La presi\u00f3n sobre los salarios y el estancamiento del poder de compra<\/h2>\n<p>El informe SIPA tambi\u00e9n pone en evidencia una realidad diferente a la que el Gobierno planteaba meses atr\u00e1s, cuando sosten\u00eda que el salario estaba un 7% por encima de noviembre de 2023. Los datos definitivos muestran que el salario real \u00abno lleg\u00f3 a superar el 4% y en el \u00faltimo dato, estamos 1,4% abajo\u00bb de ese per\u00edodo.<\/p>\n<p>Esta lectura coincide con el an\u00e1lisis de Luis A. Campos, de la Central de Trabajadores de la Argentina (CTA), quien tambi\u00e9n se\u00f1al\u00f3 en X que el salario volvi\u00f3 a situarse por debajo de los niveles de noviembre de 2023 (un 1,4% por debajo), borrando la leve suba de los \u00faltimos meses de 2024.<\/p>\n<p>Adem\u00e1s, con la p\u00e9rdida del ancla cambiaria en julio, la presi\u00f3n sobre los salarios se intensifica a\u00fan m\u00e1s, mientras las paritarias se mantienen en una din\u00e1mica de aumentos entre el 1% y el 1,5%.<\/p>\n<p>Campos concluye que \u00abcon esta ca\u00edda, el salario medido por el SIPA, que no distingue la cantidad de horas trabajadas, se acerca al publicado por el INDEC, que s\u00ed las considera. La lectura es clara: <b>el salario se estanc\u00f3 hace varios meses en niveles levemente inferiores a los de noviembre de 2023<\/b>\u00ab.<\/p>\n<p>En resumen, los datos oficiales y los an\u00e1lisis de especialistas desmienten la narrativa de una mejora salarial, revelando una significativa p\u00e9rdida del poder adquisitivo en el inicio del a\u00f1o y un estancamiento en niveles por debajo de los de fines de 2023.<\/p>\n","protected":false},"excerpt":{"rendered":"<p>Este dato contrasta directamente con el discurso del vocero presidencial, Manuel Adorni, quien ha insistido en una supuesta mejora del<\/p>\n","protected":false},"author":1,"featured_media":117918,"comment_status":"closed","ping_status":"closed","sticky":false,"template":"","format":"standard","meta":{"kia_subtitle":"Contrario a las afirmaciones del Gobierno nacional y de ciertos referentes libertarios, los salarios en Argentina sufrieron una ca\u00edda acumulada del 5,5% durante el primer cuatrimestre del a\u00f1o. As\u00ed lo revela el informe Situaci\u00f3n y Evoluci\u00f3n del Trabajo Registrado (SIPA), un indicador clave que muestra el salario efectivo que perciben los trabajadores registrados del sector privado, incluyendo horas extras y otros adicionales que no se reflejan en paritarias.","footnotes":"","jetpack_publicize_message":"","jetpack_publicize_feature_enabled":true,"jetpack_social_post_already_shared":true,"jetpack_social_options":{"image_generator_settings":{"template":"highway","default_image_id":0,"font":"","enabled":false},"version":2}},"categories":[3,41],"tags":[],"class_list":["post-117917","post","type-post","status-publish","format-standard","has-post-thumbnail","hentry","category-actualidad","category-nacionales"],"jetpack_publicize_connections":[],"jetpack_featured_media_url":"https:\/\/laurbedigital.com.ar\/noticias\/wp-content\/uploads\/2025\/07\/20260717-Salario.jpg","_links":{"self":[{"href":"https:\/\/laurbedigital.com.ar\/noticias\/wp-json\/wp\/v2\/posts\/117917","targetHints":{"allow":["GET"]}}],"collection":[{"href":"https:\/\/laurbedigital.com.ar\/noticias\/wp-json\/wp\/v2\/posts"}],"about":[{"href":"https:\/\/laurbedigital.com.ar\/noticias\/wp-json\/wp\/v2\/types\/post"}],"author":[{"embeddable":true,"href":"https:\/\/laurbedigital.com.ar\/noticias\/wp-json\/wp\/v2\/users\/1"}],"replies":[{"embeddable":true,"href":"https:\/\/laurbedigital.com.ar\/noticias\/wp-json\/wp\/v2\/comments?post=117917"}],"version-history":[{"count":1,"href":"https:\/\/laurbedigital.com.ar\/noticias\/wp-json\/wp\/v2\/posts\/117917\/revisions"}],"predecessor-version":[{"id":117919,"href":"https:\/\/laurbedigital.com.ar\/noticias\/wp-json\/wp\/v2\/posts\/117917\/revisions\/117919"}],"wp:featuredmedia":[{"embeddable":true,"href":"https:\/\/laurbedigital.com.ar\/noticias\/wp-json\/wp\/v2\/media\/117918"}],"wp:attachment":[{"href":"https:\/\/laurbedigital.com.ar\/noticias\/wp-json\/wp\/v2\/media?parent=117917"}],"wp:term":[{"taxonomy":"category","embeddable":true,"href":"https:\/\/laurbedigital.com.ar\/noticias\/wp-json\/wp\/v2\/categories?post=117917"},{"taxonomy":"post_tag","embeddable":true,"href":"https:\/\/laurbedigital.com.ar\/noticias\/wp-json\/wp\/v2\/tags?post=117917"}],"curies":[{"name":"wp","href":"https:\/\/api.w.org\/{rel}","templated":true}]}}