{"id":117891,"date":"2025-07-16T02:29:48","date_gmt":"2025-07-16T05:29:48","guid":{"rendered":"https:\/\/laurbedigital.com.ar\/noticias\/?p=117891"},"modified":"2025-07-16T02:31:02","modified_gmt":"2025-07-16T05:31:02","slug":"calambres-musculares-com-aliviar-su-dolor","status":"publish","type":"post","link":"https:\/\/laurbedigital.com.ar\/noticias\/2025\/07\/16\/calambres-musculares-com-aliviar-su-dolor\/","title":{"rendered":"Calambres musculares: estrategias clave para prevenirlos y aliviar su dolor"},"content":{"rendered":"<p>Seg\u00fan la fisioterapeuta Clara Ciudad, las causas de los calambres son variadas e incluyen desde la <b>fatiga muscular<\/b> y la <b>deshidrataci\u00f3n<\/b> hasta desequilibrios de <b>electrolitos<\/b> (como potasio, sodio, calcio y magnesio), problemas circulatorios y efectos secundarios de ciertos medicamentos. Estos episodios, aunque molestos, se pueden manejar eficazmente con las estrategias adecuadas.<\/p>\n<h3>\u00bfQu\u00e9 hacer cuando aparece un calambre?<\/h3>\n<p>Cuando un calambre golpea, la prioridad es aliviar el dolor r\u00e1pidamente. Los expertos recomiendan una combinaci\u00f3n de acciones para relajar el m\u00fasculo afectado:<\/p>\n<ul>\n<li><b>Estiramiento suave<\/b>: Estir\u00e1 el m\u00fasculo afectado durante 20 a 30 segundos. Si el calambre es en la pantorrilla, prob\u00e1 a levantar la punta del pie hacia la rodilla mientras mantenes la pierna estirada.<\/li>\n<li><b>Masaje y presi\u00f3n<\/b>: Masaje\u00e1 suavemente la zona acalambrada con movimientos circulares o aplica una presi\u00f3n firme y constante.<\/li>\n<li><b>Terapia de temperatura<\/b>: Aplic\u00e1 calor si sent\u00eds rigidez en el m\u00fasculo para favorecer la relajaci\u00f3n, o fr\u00edo si hay inflamaci\u00f3n para reducir el dolor y la hinchaz\u00f3n.<\/li>\n<li><b>Movimiento ligero<\/b>: Caminar suavemente unos pasos puede ayudar a relajar el m\u00fasculo y mejorar el flujo sangu\u00edneo. Si el calambre es nocturno, levantarse y caminar descalzo enfr\u00eda los pies y alivia la contracci\u00f3n.<\/li>\n<\/ul>\n<h3>Prevenci\u00f3n: el secreto para evitar futuros calambres<\/h3>\n<p>La prevenci\u00f3n es la herramienta m\u00e1s potente contra los calambres. Adoptar h\u00e1bitos saludables y ajustar la rutina diaria puede reducir significativamente su aparici\u00f3n:<\/p>\n<ul>\n<li><b>Hidrataci\u00f3n constante<\/b>: Beb\u00e9 suficiente agua a lo largo del d\u00eda, especialmente antes, durante y despu\u00e9s del ejercicio f\u00edsico, y en climas c\u00e1lidos. La deshidrataci\u00f3n es una de las causas m\u00e1s comunes de calambres.<\/li>\n<li><b>Dieta rica en electrolitos<\/b>: Incorpor\u00e1 alimentos ricos en minerales esenciales:\n<ul>\n<li><b>Potasio<\/b>: Presente en pl\u00e1tanos, aguacates y papas.<\/li>\n<li><b>Magnesio<\/b>: Encontrado en espinacas, nueces, semillas y granos integrales.<\/li>\n<li><b>Calcio<\/b>: Abundante en l\u00e1cteos, almendras y vegetales de hoja verde oscuro.<\/li>\n<\/ul>\n<\/li>\n<li><b>Estiramientos regulares<\/b>: Realiz\u00e1 rutinas de estiramiento antes y despu\u00e9s de cualquier actividad f\u00edsica. Adem\u00e1s, estirar los m\u00fasculos suavemente antes de acostarte, especialmente los de las piernas, puede prevenir los calambres nocturnos.<\/li>\n<li><b>Calentamiento y enfriamiento<\/b>: Asegurate de realizar un calentamiento adecuado antes del ejercicio intenso y un enfriamiento gradual al finalizar, para preparar y relajar los m\u00fasculos.<\/li>\n<\/ul>\n<h3>La edad y los calambres: \u00bfcu\u00e1ndo comienzan a aparecer?<\/h3>\n<p>Los <b>calambres musculares<\/b> pueden presentarse a cualquier edad, pero su frecuencia y severidad tienden a aumentar con el envejecimiento. Los especialistas indican que a partir de los <b>50 a\u00f1os<\/b> es m\u00e1s com\u00fan experimentar calambres, especialmente los nocturnos. Esta tendencia se debe a varios factores fisiol\u00f3gicos:<\/p>\n<ul>\n<li><b>P\u00e9rdida de masa muscular<\/b>: Con la edad, hay una disminuci\u00f3n natural de la masa muscular, lo que puede hacer que los m\u00fasculos sean m\u00e1s susceptibles a la fatiga y a los calambres.<\/li>\n<li><b>Reducci\u00f3n de elasticidad<\/b>: Los tejidos musculares y tendinosos pierden elasticidad, afectando la capacidad de los m\u00fasculos para estirarse y contraerse eficientemente.<\/li>\n<li><b>Cambios nerviosos<\/b>: Se producen alteraciones en el funcionamiento de los nervios perif\u00e9ricos, que son los encargados de transmitir las se\u00f1ales a los m\u00fasculos.<\/li>\n<li><b>Problemas circulatorios<\/b>: Es m\u00e1s com\u00fan que las personas mayores presenten problemas de circulaci\u00f3n, lo que puede limitar el aporte de ox\u00edgeno y nutrientes a los m\u00fasculos.<\/li>\n<li><b>Medicamentos<\/b>: Algunos f\u00e1rmacos de uso com\u00fan en personas mayores, como los diur\u00e9ticos o las estatinas, pueden alterar el equilibrio de electrolitos y provocar calambres como efecto secundario.<\/li>\n<\/ul>\n<p>A pesar de que son m\u00e1s prevalentes en adultos mayores, los calambres tambi\u00e9n afectan a <b>j\u00f3venes deportistas<\/b> debido al sobreesfuerzo, la falta de hidrataci\u00f3n o un calentamiento\/enfriamiento inadecuado. Incluso ni\u00f1os y adolescentes pueden experimentarlos, a menudo relacionados con fases de crecimiento o falta de estiramiento.<\/p>\n<p>Comprender estas causas y aplicar las estrategias de prevenci\u00f3n y alivio adecuadas te permitir\u00e1 mantener a raya los calambres y disfrutar de una vida m\u00e1s c\u00f3moda y activa. \u00bfHas notado alguna de estas causas en tus calambres?<\/p>\n","protected":false},"excerpt":{"rendered":"<p>Seg\u00fan la fisioterapeuta Clara Ciudad, las causas de los calambres son variadas e incluyen desde la fatiga muscular y la<\/p>\n","protected":false},"author":1,"featured_media":117892,"comment_status":"closed","ping_status":"closed","sticky":false,"template":"","format":"standard","meta":{"kia_subtitle":"Los calambres musculares, esas contracciones s\u00fabitas, involuntarias y dolorosas, pueden interrumpir cualquier actividad, incluso el sue\u00f1o. Aunque son frecuentes en deportistas, afectan a personas de todas las edades, incluidos j\u00f3venes, adultos mayores y embarazadas. Comprender sus causas y saber c\u00f3mo actuar es fundamental para evitarlos y mitigar su impacto.","footnotes":"","jetpack_publicize_message":"","jetpack_publicize_feature_enabled":true,"jetpack_social_post_already_shared":true,"jetpack_social_options":{"image_generator_settings":{"template":"highway","default_image_id":0,"font":"","enabled":false},"version":2}},"categories":[15,70],"tags":[],"class_list":["post-117891","post","type-post","status-publish","format-standard","has-post-thumbnail","hentry","category-tendencias","category-salud"],"jetpack_publicize_connections":[],"jetpack_featured_media_url":"https:\/\/laurbedigital.com.ar\/noticias\/wp-content\/uploads\/2025\/07\/20260716-Calambres.jpg","_links":{"self":[{"href":"https:\/\/laurbedigital.com.ar\/noticias\/wp-json\/wp\/v2\/posts\/117891","targetHints":{"allow":["GET"]}}],"collection":[{"href":"https:\/\/laurbedigital.com.ar\/noticias\/wp-json\/wp\/v2\/posts"}],"about":[{"href":"https:\/\/laurbedigital.com.ar\/noticias\/wp-json\/wp\/v2\/types\/post"}],"author":[{"embeddable":true,"href":"https:\/\/laurbedigital.com.ar\/noticias\/wp-json\/wp\/v2\/users\/1"}],"replies":[{"embeddable":true,"href":"https:\/\/laurbedigital.com.ar\/noticias\/wp-json\/wp\/v2\/comments?post=117891"}],"version-history":[{"count":1,"href":"https:\/\/laurbedigital.com.ar\/noticias\/wp-json\/wp\/v2\/posts\/117891\/revisions"}],"predecessor-version":[{"id":117893,"href":"https:\/\/laurbedigital.com.ar\/noticias\/wp-json\/wp\/v2\/posts\/117891\/revisions\/117893"}],"wp:featuredmedia":[{"embeddable":true,"href":"https:\/\/laurbedigital.com.ar\/noticias\/wp-json\/wp\/v2\/media\/117892"}],"wp:attachment":[{"href":"https:\/\/laurbedigital.com.ar\/noticias\/wp-json\/wp\/v2\/media?parent=117891"}],"wp:term":[{"taxonomy":"category","embeddable":true,"href":"https:\/\/laurbedigital.com.ar\/noticias\/wp-json\/wp\/v2\/categories?post=117891"},{"taxonomy":"post_tag","embeddable":true,"href":"https:\/\/laurbedigital.com.ar\/noticias\/wp-json\/wp\/v2\/tags?post=117891"}],"curies":[{"name":"wp","href":"https:\/\/api.w.org\/{rel}","templated":true}]}}