{"id":11749,"date":"2018-02-19T17:14:05","date_gmt":"2018-02-19T20:14:05","guid":{"rendered":"http:\/\/laurbedigital.com.ar\/noticias\/?p=11749"},"modified":"2018-02-19T17:14:05","modified_gmt":"2018-02-19T20:14:05","slug":"14-escuelas-bonaerenses-se-ensenara-educacion-ambiental","status":"publish","type":"post","link":"https:\/\/laurbedigital.com.ar\/noticias\/2018\/02\/19\/14-escuelas-bonaerenses-se-ensenara-educacion-ambiental\/","title":{"rendered":"En 14 escuelas bonaerenses se ense\u00f1ara educaci\u00f3n ambiental"},"content":{"rendered":"<p>Las localidades que integran el proyecto son: Almirante Brown, Presidente Per\u00f3n, Avellaneda, Lomas de Zamora, Merlo, Ca\u00f1uelas, Ezeiza, Marcos Paz, Esteban Echeverr\u00eda, La Matanza, Lan\u00fas, General Las Heras, Mor\u00f3n y San Vicente.<\/p>\n<p>El Organismo provincial para el Desarrollo Sostenible (OPDS), la Direcci\u00f3n General de Cultura y Educaci\u00f3n y la Autoridad de Cuenca Matanza-Riachuelo (ACUMAR), acordaron impulsar el programa Escuelas Verdes en todos los municipios de la Cuenca.<\/p>\n<p>Con la firma de un convenio marco de colaboraci\u00f3n y trabajo conjunto, las tres \u00e1reas avanzar\u00e1n en proyectos relacionados con capacitaci\u00f3n, reciclaje, separaci\u00f3n de residuos, higiene y h\u00e1bitos saludables, eficiencia energ\u00e9tica, energ\u00edas renovables y buenas pr\u00e1cticas de alumnos, docentes y auxiliares en relaci\u00f3n al cuidado del ambiente. As\u00ed lo informaron al t\u00e9rmino del encuentro, el director general de Escuelas, Gabriel S\u00e1nchez Zinny, el titular de OPDS, Rodrigo Aybar y la presidenta de Acumar, Dorina Bonetti.<\/p>\n<p>\u201cEl objetivo es cambiar nuestra forma de relacionarnos con el ambiente. Es fundamental todo lo que se pueda trabajar desde la escuela hacia la comunidad. Hoy celebramos esta decisi\u00f3n, hist\u00f3rica, del Director General de Escuelas y de los dos organismos que son autoridad ambiental como OPDS y Acumar, de avanzar en este sentido y abrir las escuelas para cambiar h\u00e1bitos y valores con educaci\u00f3n ambiental\u201d, afirm\u00f3 Rodrigo Aybar. Y adelant\u00f3 que \u201cla semana pr\u00f3xima vamos a presentar un proyecto para capacitar a los auxiliares docentes en gesti\u00f3n de residuos, separaci\u00f3n y reciclaje, para todos aquellos que deseen hacerlo\u201d.<\/p>\n<p>Por su parte, Dorina Bonetti explic\u00f3 que el programa \u201cEscuelas Verdes se iniciar\u00e1 en 14 escuelas de los municipios de la cuenca Matanza \u2013 Riachuelo a modo de prueba piloto y la idea es extenderlo a todas las escuelas de la Cuenca\u201d. En el programa se compromete toda la instituci\u00f3n, desde los alumnos y la familia, el docente, hasta el auxiliar. Son proyectos que duran todo el a\u00f1o. Y cada escuela recibe un certificado oficial. \u201cEstamos convencidos que los chicos son agentes de cambio. Por eso es tan importante este trabajo conjunto\u201d, destac\u00f3 Bonetti.<\/p>\n<p>Las escuelas participantes ser\u00e1n: N\u00b0 55 de Almirante Brown, N\u00b0 4 de Presidente Per\u00f3n, N\u00b0 67 de Avellaneda, N\u00b0 58 de Lomas de Zamora, N\u00b0 4 de Merlo, N\u00b0 34 de Ca\u00f1uelas, N\u00b0 19 de Ezeiza, N\u00b0 19 de Marcos Paz, N\u00b0 26 de Esteban Echeverr\u00eda, N\u00b0 84 de La Matanza, N\u00b0 72 de Lan\u00fas, N\u00b0 11 de General Las Heras, N\u00b0 40 de Mor\u00f3n y N\u00b0 16 de San Vicente. (Ig)<\/p>\n","protected":false},"excerpt":{"rendered":"<p>Las localidades que integran el proyecto son: Almirante Brown, Presidente Per\u00f3n, Avellaneda, Lomas de Zamora, Merlo, Ca\u00f1uelas, Ezeiza, Marcos Paz,<\/p>\n","protected":false},"author":1,"featured_media":11750,"comment_status":"closed","ping_status":"closed","sticky":false,"template":"","format":"standard","meta":{"kia_subtitle":"","footnotes":"","jetpack_publicize_message":"","jetpack_publicize_feature_enabled":true,"jetpack_social_post_already_shared":true,"jetpack_social_options":{"image_generator_settings":{"template":"highway","default_image_id":0,"font":"","enabled":false},"version":2}},"categories":[13,20,34,22,38,46,36,244,246],"tags":[],"class_list":["post-11749","post","type-post","status-publish","format-standard","has-post-thumbnail","hentry","category-region","category-avellaneda","category-canuelas","category-esteban-echeverria","category-ezeiza","category-la-matanza","category-lomas","category-presidente-peron","category-san-vicente"],"jetpack_publicize_connections":[],"jetpack_featured_media_url":"https:\/\/laurbedigital.com.ar\/noticias\/wp-content\/uploads\/2018\/02\/20180219-reg.jpg","_links":{"self":[{"href":"https:\/\/laurbedigital.com.ar\/noticias\/wp-json\/wp\/v2\/posts\/11749","targetHints":{"allow":["GET"]}}],"collection":[{"href":"https:\/\/laurbedigital.com.ar\/noticias\/wp-json\/wp\/v2\/posts"}],"about":[{"href":"https:\/\/laurbedigital.com.ar\/noticias\/wp-json\/wp\/v2\/types\/post"}],"author":[{"embeddable":true,"href":"https:\/\/laurbedigital.com.ar\/noticias\/wp-json\/wp\/v2\/users\/1"}],"replies":[{"embeddable":true,"href":"https:\/\/laurbedigital.com.ar\/noticias\/wp-json\/wp\/v2\/comments?post=11749"}],"version-history":[{"count":1,"href":"https:\/\/laurbedigital.com.ar\/noticias\/wp-json\/wp\/v2\/posts\/11749\/revisions"}],"predecessor-version":[{"id":11751,"href":"https:\/\/laurbedigital.com.ar\/noticias\/wp-json\/wp\/v2\/posts\/11749\/revisions\/11751"}],"wp:featuredmedia":[{"embeddable":true,"href":"https:\/\/laurbedigital.com.ar\/noticias\/wp-json\/wp\/v2\/media\/11750"}],"wp:attachment":[{"href":"https:\/\/laurbedigital.com.ar\/noticias\/wp-json\/wp\/v2\/media?parent=11749"}],"wp:term":[{"taxonomy":"category","embeddable":true,"href":"https:\/\/laurbedigital.com.ar\/noticias\/wp-json\/wp\/v2\/categories?post=11749"},{"taxonomy":"post_tag","embeddable":true,"href":"https:\/\/laurbedigital.com.ar\/noticias\/wp-json\/wp\/v2\/tags?post=11749"}],"curies":[{"name":"wp","href":"https:\/\/api.w.org\/{rel}","templated":true}]}}