{"id":117120,"date":"2025-06-24T00:40:02","date_gmt":"2025-06-24T03:40:02","guid":{"rendered":"https:\/\/laurbedigital.com.ar\/noticias\/?p=117120"},"modified":"2025-06-24T00:40:02","modified_gmt":"2025-06-24T03:40:02","slug":"dia-internacional-contra-la-contaminacion-electromagnetica-por-que-se-celebra-cada-24-de-junio-2","status":"publish","type":"post","link":"https:\/\/laurbedigital.com.ar\/noticias\/2025\/06\/24\/dia-internacional-contra-la-contaminacion-electromagnetica-por-que-se-celebra-cada-24-de-junio-2\/","title":{"rendered":"D\u00eda Internacional contra la Contaminaci\u00f3n Electromagn\u00e9tica: \u00bfPor qu\u00e9 se celebra cada 24 de junio?"},"content":{"rendered":"<p>Cada 24 de junio se celebra el D\u00eda Internacional contra la Contaminaci\u00f3n Electromagn\u00e9tica, una efem\u00e9ride que tiene como objetivo sensibilizar a la poblaci\u00f3n sobre los riesgos asociados a la exposici\u00f3n a radiaciones electromagn\u00e9ticas. Esta fecha se instaur\u00f3 para fomentar el debate sobre las medidas necesarias para minimizar los efectos nocivos de estas radiaciones en la salud humana y en el medio ambiente.<\/p>\n<p>La contaminaci\u00f3n electromagn\u00e9tica, tambi\u00e9n conocida como electrosmog, se refiere a la exposici\u00f3n excesiva a campos electromagn\u00e9ticos generados por dispositivos electr\u00f3nicos como tel\u00e9fonos m\u00f3viles, antenas de telecomunicaciones, routers WiFi, electrodom\u00e9sticos y l\u00edneas el\u00e9ctricas. A pesar de que la tecnolog\u00eda ha tra\u00eddo numerosos beneficios a la vida cotidiana, el uso indiscriminado y la creciente presencia de estos dispositivos han generado preocupaciones sobre sus posibles efectos adversos.<\/p>\n<p>Diversos estudios han explorado la relaci\u00f3n entre la exposici\u00f3n a radiaciones electromagn\u00e9ticas y problemas de salud como trastornos del sue\u00f1o, dolores de cabeza, fatiga cr\u00f3nica, y en casos m\u00e1s severos, enfermedades como el c\u00e1ncer. Aunque la evidencia cient\u00edfica no es concluyente, la incertidumbre ha llevado a la comunidad internacional a adoptar una postura precautoria, recomendando reducir la exposici\u00f3n innecesaria a estas radiaciones.<\/p>\n<p>El D\u00eda Internacional contra la Contaminaci\u00f3n Electromagn\u00e9tica busca promover pr\u00e1cticas seguras y responsables en el uso de dispositivos electr\u00f3nicos. Entre las recomendaciones m\u00e1s comunes se encuentran:<\/p>\n<ul>\n<li>Limitar el tiempo de uso de tel\u00e9fonos m\u00f3viles y mantenerlos alejados del cuerpo cuando no se utilizan.<\/li>\n<li>Usar auriculares o el altavoz del tel\u00e9fono para reducir la exposici\u00f3n directa.<\/li>\n<li>Desconectar dispositivos electr\u00f3nicos durante la noche y mantenerlos fuera de los dormitorios.<\/li>\n<li>Optar por conexiones por cable en lugar de WiFi siempre que sea posible.<\/li>\n<li>Instalar y utilizar dispositivos de protecci\u00f3n contra radiaciones electromagn\u00e9ticas.<\/li>\n<\/ul>\n<p>Adem\u00e1s, esta fecha busca incentivar la investigaci\u00f3n y el desarrollo de tecnolog\u00edas menos invasivas y m\u00e1s seguras. Tambi\u00e9n se insta a los gobiernos y organismos reguladores a establecer normativas que limiten la exposici\u00f3n a radiaciones electromagn\u00e9ticas y a educar a la poblaci\u00f3n sobre los riesgos y precauciones.<\/p>\n<p>La celebraci\u00f3n de este d\u00eda tambi\u00e9n sirve para recordar a la comunidad global la importancia de un entorno saludable, donde el progreso tecnol\u00f3gico no comprometa la salud de los individuos ni el equilibrio del ecosistema. A trav\u00e9s de campa\u00f1as de concienciaci\u00f3n y educaci\u00f3n, se espera que las personas adopten h\u00e1bitos m\u00e1s seguros y que se promueva la investigaci\u00f3n continua en este \u00e1mbito.<\/p>\n","protected":false},"excerpt":{"rendered":"<p>Cada 24 de junio se celebra el D\u00eda Internacional contra la Contaminaci\u00f3n Electromagn\u00e9tica, una efem\u00e9ride que tiene como objetivo sensibilizar<\/p>\n","protected":false},"author":1,"featured_media":106289,"comment_status":"closed","ping_status":"closed","sticky":false,"template":"","format":"standard","meta":{"kia_subtitle":"El 24 de junio se conmemora el D\u00eda Internacional contra la Contaminaci\u00f3n Electromagn\u00e9tica, una fecha que busca concienciar sobre los efectos de la exposici\u00f3n a radiaciones electromagn\u00e9ticas y promover medidas para proteger la salud y el medio ambiente.","footnotes":"","jetpack_publicize_message":"","jetpack_publicize_feature_enabled":true,"jetpack_social_post_already_shared":true,"jetpack_social_options":{"image_generator_settings":{"template":"highway","default_image_id":0,"font":"","enabled":false},"version":2}},"categories":[5,2594],"tags":[],"class_list":["post-117120","post","type-post","status-publish","format-standard","has-post-thumbnail","hentry","category-cultura","category-efemerides"],"jetpack_publicize_connections":[],"jetpack_featured_media_url":"https:\/\/laurbedigital.com.ar\/noticias\/wp-content\/uploads\/2024\/06\/20240624-electricidad.jpg","_links":{"self":[{"href":"https:\/\/laurbedigital.com.ar\/noticias\/wp-json\/wp\/v2\/posts\/117120","targetHints":{"allow":["GET"]}}],"collection":[{"href":"https:\/\/laurbedigital.com.ar\/noticias\/wp-json\/wp\/v2\/posts"}],"about":[{"href":"https:\/\/laurbedigital.com.ar\/noticias\/wp-json\/wp\/v2\/types\/post"}],"author":[{"embeddable":true,"href":"https:\/\/laurbedigital.com.ar\/noticias\/wp-json\/wp\/v2\/users\/1"}],"replies":[{"embeddable":true,"href":"https:\/\/laurbedigital.com.ar\/noticias\/wp-json\/wp\/v2\/comments?post=117120"}],"version-history":[{"count":1,"href":"https:\/\/laurbedigital.com.ar\/noticias\/wp-json\/wp\/v2\/posts\/117120\/revisions"}],"predecessor-version":[{"id":117121,"href":"https:\/\/laurbedigital.com.ar\/noticias\/wp-json\/wp\/v2\/posts\/117120\/revisions\/117121"}],"wp:featuredmedia":[{"embeddable":true,"href":"https:\/\/laurbedigital.com.ar\/noticias\/wp-json\/wp\/v2\/media\/106289"}],"wp:attachment":[{"href":"https:\/\/laurbedigital.com.ar\/noticias\/wp-json\/wp\/v2\/media?parent=117120"}],"wp:term":[{"taxonomy":"category","embeddable":true,"href":"https:\/\/laurbedigital.com.ar\/noticias\/wp-json\/wp\/v2\/categories?post=117120"},{"taxonomy":"post_tag","embeddable":true,"href":"https:\/\/laurbedigital.com.ar\/noticias\/wp-json\/wp\/v2\/tags?post=117120"}],"curies":[{"name":"wp","href":"https:\/\/api.w.org\/{rel}","templated":true}]}}