{"id":116917,"date":"2025-06-16T04:19:57","date_gmt":"2025-06-16T07:19:57","guid":{"rendered":"https:\/\/laurbedigital.com.ar\/noticias\/?p=116917"},"modified":"2025-06-16T04:19:57","modified_gmt":"2025-06-16T07:19:57","slug":"dia-del-ingeniero-por-que-se-celebra-el-16-de-junio-2","status":"publish","type":"post","link":"https:\/\/laurbedigital.com.ar\/noticias\/2025\/06\/16\/dia-del-ingeniero-por-que-se-celebra-el-16-de-junio-2\/","title":{"rendered":"D\u00eda del Ingeniero: \u00bfpor qu\u00e9 se celebra el 16 de junio?"},"content":{"rendered":"<p>El\u00a0<b>D\u00eda del Ingeniero<\/b>\u00a0se celebra el\u00a0<b>16 de juni<\/b><strong>o<\/strong> ya que a\u00a0<b>ese d\u00eda se le atribuye el comienzo<\/b>\u00a0y la implementaci\u00f3n de la\u00a0<b>carrera Ingenier\u00eda\u00a0<\/b>en Argentina.<\/p>\n<p><b>Esto se dio luego de la iniciativa de Carlos Enrique Pellegrini en 1855, quien le propuso al rector de la Universidad de Buenos Aires (UBA) crear la carrera de Ingenier\u00eda.<\/b>\u00a0Diez a\u00f1os despu\u00e9s se firm\u00f3 un decreto y se comenz\u00f3 a ense\u00f1ar esta disciplina dentro de la instituci\u00f3n.<\/p>\n<h4><strong>D\u00eda del Ingeniero: cu\u00e1ndo se celebra en otros pa\u00edses<\/strong><\/h4>\n<ul>\n<li>El D\u00eda Mundial de la Ingenier\u00eda es el 4 de marzo<\/li>\n<li>El D\u00eda del Ingeniero en Colombia se celebra el 17 de agosto<\/li>\n<li>El D\u00eda del Ingeniero en Per\u00fa es el 8 de junio<\/li>\n<li>El D\u00eda del Ingeniero en El Salvador es el 20 de julio<\/li>\n<li>El D\u00eda del Ingeniero en Chile, el 14 de mayo<\/li>\n<li>El D\u00eda del Ingeniero en Bolivia, el 5 de octubre<\/li>\n<li>El D\u00eda del Ingeniero en Paraguay, el 23 de julio<\/li>\n<li>El D\u00eda del Ingeniero en Costa Rica, el 3 de julio<\/li>\n<\/ul>\n<p>&nbsp;<\/p>\n","protected":false},"excerpt":{"rendered":"<p>El\u00a0D\u00eda del Ingeniero\u00a0se celebra el\u00a016 de junio ya que a\u00a0ese d\u00eda se le atribuye el comienzo\u00a0y la implementaci\u00f3n de la\u00a0carrera<\/p>\n","protected":false},"author":1,"featured_media":77730,"comment_status":"closed","ping_status":"closed","sticky":false,"template":"","format":"standard","meta":{"kia_subtitle":"El\u00a0D\u00eda del Ingeniero se conmemora el domingo 16 de junio\u00a0en la\u00a0Argentina, con el objetivo de celebrar la contribuci\u00f3n de los ingenieros de nuestro pa\u00eds para un mundo mejor y m\u00e1s sostenible.","footnotes":"","jetpack_publicize_message":"","jetpack_publicize_feature_enabled":true,"jetpack_social_post_already_shared":true,"jetpack_social_options":{"image_generator_settings":{"template":"highway","default_image_id":0,"font":"","enabled":false},"version":2}},"categories":[5,2594],"tags":[],"class_list":["post-116917","post","type-post","status-publish","format-standard","has-post-thumbnail","hentry","category-cultura","category-efemerides"],"jetpack_publicize_connections":[],"jetpack_featured_media_url":"https:\/\/laurbedigital.com.ar\/noticias\/wp-content\/uploads\/2022\/06\/20220616-Dia-de-Ingeniero.jpg","_links":{"self":[{"href":"https:\/\/laurbedigital.com.ar\/noticias\/wp-json\/wp\/v2\/posts\/116917","targetHints":{"allow":["GET"]}}],"collection":[{"href":"https:\/\/laurbedigital.com.ar\/noticias\/wp-json\/wp\/v2\/posts"}],"about":[{"href":"https:\/\/laurbedigital.com.ar\/noticias\/wp-json\/wp\/v2\/types\/post"}],"author":[{"embeddable":true,"href":"https:\/\/laurbedigital.com.ar\/noticias\/wp-json\/wp\/v2\/users\/1"}],"replies":[{"embeddable":true,"href":"https:\/\/laurbedigital.com.ar\/noticias\/wp-json\/wp\/v2\/comments?post=116917"}],"version-history":[{"count":1,"href":"https:\/\/laurbedigital.com.ar\/noticias\/wp-json\/wp\/v2\/posts\/116917\/revisions"}],"predecessor-version":[{"id":116918,"href":"https:\/\/laurbedigital.com.ar\/noticias\/wp-json\/wp\/v2\/posts\/116917\/revisions\/116918"}],"wp:featuredmedia":[{"embeddable":true,"href":"https:\/\/laurbedigital.com.ar\/noticias\/wp-json\/wp\/v2\/media\/77730"}],"wp:attachment":[{"href":"https:\/\/laurbedigital.com.ar\/noticias\/wp-json\/wp\/v2\/media?parent=116917"}],"wp:term":[{"taxonomy":"category","embeddable":true,"href":"https:\/\/laurbedigital.com.ar\/noticias\/wp-json\/wp\/v2\/categories?post=116917"},{"taxonomy":"post_tag","embeddable":true,"href":"https:\/\/laurbedigital.com.ar\/noticias\/wp-json\/wp\/v2\/tags?post=116917"}],"curies":[{"name":"wp","href":"https:\/\/api.w.org\/{rel}","templated":true}]}}