{"id":116786,"date":"2025-06-11T03:08:44","date_gmt":"2025-06-11T06:08:44","guid":{"rendered":"https:\/\/laurbedigital.com.ar\/noticias\/?p=116786"},"modified":"2025-06-11T03:08:44","modified_gmt":"2025-06-11T06:08:44","slug":"la-corte-suprema-y-un-fallo-que-redefine-el-juego-politico-en-argentina","status":"publish","type":"post","link":"https:\/\/laurbedigital.com.ar\/noticias\/2025\/06\/11\/la-corte-suprema-y-un-fallo-que-redefine-el-juego-politico-en-argentina\/","title":{"rendered":"La Corte Suprema y un fallo que redefine el juego pol\u00edtico en Argentina"},"content":{"rendered":"<p data-sourcepos=\"7:1-7:783\">La resonancia de la frase \u00ablo primero que hay que hacer ac\u00e1 es traicionar al que te trajo\u00bb, atribuida al exjuez Enrique Petracchi, adquiere un nuevo significado en el Palacio de Tribunales. La reciente decisi\u00f3n de la Corte Suprema, con los votos de Horacio Rosatti, Carlos Rosenkrantz y Ricardo Lorenzetti, que condena a Cristina Fern\u00e1ndez de Kirchner en la causa por la obra p\u00fablica en Santa Cruz, es celebrada con euforia por el macrismo y el viejo anti-kirchnerismo. Este sector, que no logr\u00f3 la reelecci\u00f3n tras un gobierno marcado por un revanchismo in\u00e9dito y un \u00abfestival de prisiones preventivas\u00bb \u2013como la aplicaci\u00f3n de la doctrina Irurzun\u2013, alcanza ahora una victoria que los obsesionaba: la potencial inhabilitaci\u00f3n de la exmandataria para participar en el juego democr\u00e1tico.<\/p>\n<p data-sourcepos=\"9:1-9:492\">La condena contra la dos veces presidenta, vicepresidenta y actual titular del Partido Justicialista, es vista como la culminaci\u00f3n de una larga escalada de Comodoro Py contra la figura pol\u00edtica m\u00e1s importante de las \u00faltimas dos d\u00e9cadas. Impedirle ser candidata abre un escenario in\u00e9dito en democracia, que subordina la pol\u00edtica a la persecuci\u00f3n judicial. Esta situaci\u00f3n plantea un dilema central para el peronismo: \u00bfla respuesta de la oposici\u00f3n se limitar\u00e1 a lo que ordene la a\u00fan jefa del PJ?<\/p>\n<h3 data-sourcepos=\"13:1-13:55\">Implicaciones pol\u00edticas y dilemas de gobernabilidad<\/h3>\n<p data-sourcepos=\"15:1-15:551\">Para algunos analistas y figuras pol\u00edticas cercanas al peronismo, la situaci\u00f3n es a\u00fan m\u00e1s gr\u00e1fica: un peronista \u2013Rosatti\u2013, designado por N\u00e9stor Kirchner, queda ahora como cabeza de un poder que proscribe a la jefa del peronismo bajo acusaciones que en otro tiempo tuvieron como blanco al propio Juan Domingo Per\u00f3n. La conflictiva relaci\u00f3n de Cristina con quien fue ministro de Justicia de su marido, termin\u00f3 en una \u00abencerrona\u00bb para ambos: CFK con una condena que podr\u00eda llevarla a la c\u00e1rcel, y Rosatti al servicio de lo que se denuncia como <em>lawfare<\/em>.<\/p>\n<p data-sourcepos=\"17:1-17:521\"><span class=\"citation-0 citation-end-0\">Mientras tanto, el presidente Javier Milei, desde Israel, ha celebrado la decisi\u00f3n de la Corte, a pesar de no haber podido reformarla.<\/span> Sin embargo, los riesgos para la gobernabilidad no son menores. El comportamiento de los fondos de inversi\u00f3n extranjeros, a los que el gobierno ha dado libertad para entrar y salir del pa\u00eds en un intento desesperado por tomar nueva deuda y disimular el incumplimiento de las metas del FMI, ser\u00e1 clave. La pregunta que flota en el aire es: \u00bfla gobernabilidad est\u00e1 asegurada?<\/p>\n<h3 data-sourcepos=\"21:1-21:66\">Una Corte \u00abreconciliada\u00bb y cuestionamientos a su imparcialidad<\/h3>\n<p data-sourcepos=\"23:1-23:947\">En el fallo de 27 p\u00e1ginas, Rosatti, Lorenzetti y Rosenkrantz, a pesar de sus brutales enfrentamientos internos durante los \u00faltimos ocho a\u00f1os, se reconcilian para considerar a CFK como la jefa de una asociaci\u00f3n il\u00edcita en la causa por la obra p\u00fablica en Santa Cruz, iniciada por Javier Iguacel durante el gobierno de Macri. Esta sentencia, seg\u00fan algunas voces, salda una guerra de poder y favorece a un bloque con \u00abcomponentes mafiosos\u00bb, siempre en l\u00ednea con las pretensiones del poder econ\u00f3mico. Esta decisi\u00f3n se da en un contexto de ajuste in\u00e9dito sobre los ingresos de la poblaci\u00f3n y un gobierno de extrema derecha que, a trav\u00e9s de un megadecreto, busca \u00abdar vuelta como una media\u00bb la Constituci\u00f3n que, parad\u00f3jicamente, los supremos dicen defender. Todo esto, liderado por un presidente que, en lo que se considera una \u00abvenganza de clase\u00bb, reedita escenas de endeudamiento y represi\u00f3n sin obst\u00e1culos institucionales por parte del Poder Judicial.<\/p>\n<p data-sourcepos=\"25:1-25:375\">La imparcialidad de la Corte, en este contexto, es puesta en tela de juicio. Se trata de la misma Corte que hace apenas seis meses benefici\u00f3 a Macri al remitir la causa Correo al Tribunal Superior de Justicia de la Ciudad, donde, seg\u00fan se denuncia, \u00abreinan los amigos del expresidente\u00bb, entre ellos In\u00e9s Weinberg de Roca, la frustrada candidata del macrismo a la Procuraci\u00f3n.<\/p>\n<p data-sourcepos=\"27:1-27:426\">La Corte de tres miembros, una anomal\u00eda que la dirigencia pol\u00edtica no ha podido saldar, exhibe una asimetr\u00eda fenomenal con los \u00abinquilinos del poder que se creen due\u00f1os\u00bb. El execonomista de Eduardo Eurnekian tal vez deba tenerlo presente en alg\u00fan momento. Las irregularidades que se convalidaron no son pocas, como haberle permitido a Lorenzetti rechazar la impugnaci\u00f3n en su contra que le hizo la defensa de la ex presidenta.<\/p>\n<h3 data-sourcepos=\"31:1-31:52\">Precedentes hist\u00f3ricos y el futuro del peronismo<\/h3>\n<p data-sourcepos=\"33:1-33:366\">A partir de ahora, Argentina queda emparentada con el Brasil que llev\u00f3 a Lula da Silva a la c\u00e1rcel por orden de un juez que termin\u00f3 como ministro de Bolsonaro. No parece casual que el fallo de los supremos llegue apenas semanas despu\u00e9s de la muerte del Papa Francisco, figura que para muchos actuaba como un \u00abdique de contenci\u00f3n\u00bb sobre el llamado \u00abpartido judicial\u00bb.<\/p>\n<p data-sourcepos=\"35:1-35:734\">Se abre un escenario de incertidumbre donde chocar\u00e1n las fuerzas que pretenden apurar un nuevo reparto de poder \u2013con un posible candidato del peronismo a medida del <em>establishment<\/em>\u2013 y el intento del cristinismo de preservar la centralidad de su jefa a partir de su car\u00e1cter de \u00abproscripta\u00bb. Este es un dilema para los sectores de la dirigencia y la militancia que se fueron alejando de Cristina por diferencias pol\u00edticas y que deber\u00e1n encontrar una nueva forma de relacionarse con ella. Fuera del \u00abpatio chico\u00bb del viejo kirchnerismo, el peronismo no kirchnerista y la clase pol\u00edtica tienen, en teor\u00eda, un debate que se sald\u00f3 hace tiempo, cuando la mayor\u00eda de sus exponentes se volcaron como ap\u00e9ndices de las demandas de los \u00abdue\u00f1os\u00bb.<\/p>\n<p data-sourcepos=\"37:1-37:922\">En medio de la \u00abfiesta de los guardianes de la rep\u00fablica\u00bb y el cinismo de los \u00abganadores\u00bb, resuena la historia de persecuci\u00f3n que sufri\u00f3 el peronismo a lo largo de su historia. Bajo el imperio de las formas y los criterios del anti-kirchnerismo penal, la Corte cruza un umbral y se define como nunca. Es aplaudida en los estudios de televisi\u00f3n de los grandes medios y rechazada en las plazas que todav\u00eda congregan al peronismo de Cristina. El triunvirato se aferra a \u00abla profusa prueba producida\u00bb en las entra\u00f1as de Comodoro Py, pero tambi\u00e9n queda emparentado con una historia que se remonta casi un siglo en el tiempo. Como recordaba ayer un experimentado hombre del PJ judicial, que se alej\u00f3 de la primera l\u00ednea de fuego, comienza con la acordada del 10 de septiembre de 1930, cuando la Corte Suprema declar\u00f3 v\u00e1lido el golpe de Estado contra Hip\u00f3lito Yrigoyen y abri\u00f3 un largu\u00edsimo per\u00edodo de inestabilidad y dictaduras.<\/p>\n","protected":false},"excerpt":{"rendered":"<p>La resonancia de la frase \u00ablo primero que hay que hacer ac\u00e1 es traicionar al que te trajo\u00bb, atribuida al<\/p>\n","protected":false},"author":1,"featured_media":116787,"comment_status":"closed","ping_status":"closed","sticky":false,"template":"","format":"standard","meta":{"kia_subtitle":"La decisi\u00f3n de la Corte Suprema en la causa Vialidad, que involucra a Cristina Fern\u00e1ndez de Kirchner, genera un terremoto pol\u00edtico. El fallo, que consagra una condena por asociaci\u00f3n il\u00edcita, es interpretado como un cruce in\u00e9dito en el juego democr\u00e1tico y genera fuertes reacciones en el peronismo y el anti-kirchnerismo.","footnotes":"","jetpack_publicize_message":"","jetpack_publicize_feature_enabled":true,"jetpack_social_post_already_shared":true,"jetpack_social_options":{"image_generator_settings":{"template":"highway","default_image_id":0,"font":"","enabled":false},"version":2}},"categories":[3,41],"tags":[],"class_list":["post-116786","post","type-post","status-publish","format-standard","has-post-thumbnail","hentry","category-actualidad","category-nacionales"],"jetpack_publicize_connections":[],"jetpack_featured_media_url":"https:\/\/laurbedigital.com.ar\/noticias\/wp-content\/uploads\/2025\/06\/20250610-Corte-Suprema.jpg","_links":{"self":[{"href":"https:\/\/laurbedigital.com.ar\/noticias\/wp-json\/wp\/v2\/posts\/116786","targetHints":{"allow":["GET"]}}],"collection":[{"href":"https:\/\/laurbedigital.com.ar\/noticias\/wp-json\/wp\/v2\/posts"}],"about":[{"href":"https:\/\/laurbedigital.com.ar\/noticias\/wp-json\/wp\/v2\/types\/post"}],"author":[{"embeddable":true,"href":"https:\/\/laurbedigital.com.ar\/noticias\/wp-json\/wp\/v2\/users\/1"}],"replies":[{"embeddable":true,"href":"https:\/\/laurbedigital.com.ar\/noticias\/wp-json\/wp\/v2\/comments?post=116786"}],"version-history":[{"count":1,"href":"https:\/\/laurbedigital.com.ar\/noticias\/wp-json\/wp\/v2\/posts\/116786\/revisions"}],"predecessor-version":[{"id":116788,"href":"https:\/\/laurbedigital.com.ar\/noticias\/wp-json\/wp\/v2\/posts\/116786\/revisions\/116788"}],"wp:featuredmedia":[{"embeddable":true,"href":"https:\/\/laurbedigital.com.ar\/noticias\/wp-json\/wp\/v2\/media\/116787"}],"wp:attachment":[{"href":"https:\/\/laurbedigital.com.ar\/noticias\/wp-json\/wp\/v2\/media?parent=116786"}],"wp:term":[{"taxonomy":"category","embeddable":true,"href":"https:\/\/laurbedigital.com.ar\/noticias\/wp-json\/wp\/v2\/categories?post=116786"},{"taxonomy":"post_tag","embeddable":true,"href":"https:\/\/laurbedigital.com.ar\/noticias\/wp-json\/wp\/v2\/tags?post=116786"}],"curies":[{"name":"wp","href":"https:\/\/api.w.org\/{rel}","templated":true}]}}