{"id":116782,"date":"2025-06-11T02:18:31","date_gmt":"2025-06-11T05:18:31","guid":{"rendered":"https:\/\/laurbedigital.com.ar\/noticias\/?p=116782"},"modified":"2025-06-11T02:20:05","modified_gmt":"2025-06-11T05:20:05","slug":"dia-del-vecino-celebracion-de-la-convivencia-y-solidaridad-el-11-de-junio-2","status":"publish","type":"post","link":"https:\/\/laurbedigital.com.ar\/noticias\/2025\/06\/11\/dia-del-vecino-celebracion-de-la-convivencia-y-solidaridad-el-11-de-junio-2\/","title":{"rendered":"D\u00eda del Vecino: Celebraci\u00f3n de la convivencia y solidaridad el 11 de junio"},"content":{"rendered":"<p data-sourcepos=\"5:1-5:429\">Hoy, 11 de junio, Argentina celebra el <strong>D\u00eda del Vecino<\/strong>, una jornada que invita a reflexionar sobre la importancia de la convivencia y la solidaridad en cada rinc\u00f3n de nuestros barrios. La conmemoraci\u00f3n de esta fecha, arraigada en la historia de la Ciudad de Buenos Aires, tiene como objetivo principal destacar el valor de los lazos comunitarios y el trabajo mancomunado entre ciudadanos, organizaciones barriales y el Estado.<\/p>\n<p data-sourcepos=\"7:1-7:800\">El origen de esta efem\u00e9ride se remonta a la iniciativa de Romeo Raffo Bont\u00e1, un vecino del barrio porte\u00f1o de Villa del Parque. Desde la Asociaci\u00f3n Vecinal de su barrio, Bont\u00e1 impuls\u00f3 la celebraci\u00f3n anual del D\u00eda del Vecino, buscando promover los valores de una buena relaci\u00f3n entre los individuos de la comunidad. Aunque la fecha se festej\u00f3 de forma independiente y autogestiva durante mucho tiempo, fue en 1959 cuando la entonces Municipalidad de la Ciudad de Buenos Aires la acept\u00f3 oficialmente en su calendario. Posteriormente, en 1990, cinco a\u00f1os despu\u00e9s del fallecimiento de Raffo Bont\u00e1, se instituy\u00f3 por decreto en la Ciudad de Buenos Aires como el \u00abD\u00eda del Vecino Participativo\u00bb, en honor a sus esfuerzos por fomentar esta buena predisposici\u00f3n a la relaci\u00f3n entre los miembros de la comunidad.<\/p>\n<h3 data-sourcepos=\"11:1-11:46\">La importancia de tejer lazos comunitarios<\/h3>\n<p data-sourcepos=\"13:1-13:515\">La celebraci\u00f3n del D\u00eda del Vecino subraya la relevancia de valores fundamentales para una convivencia armoniosa. La <strong>tolerancia<\/strong>, el <strong>respeto mutuo<\/strong>, la <strong>cooperaci\u00f3n<\/strong> y la <strong>participaci\u00f3n solidaria<\/strong> son pilares esenciales que esta fecha busca difundir. Va m\u00e1s all\u00e1 de la cercan\u00eda f\u00edsica; busca fomentar una cercan\u00eda afectiva y un compromiso conjunto para lograr proyectos y trabajos que beneficien a todos, superando los intereses individuales en pos del bien com\u00fan y generando as\u00ed un valioso capital social.<\/p>\n<p data-sourcepos=\"15:1-15:331\">En este d\u00eda, se busca reconocer a aquellos vecinos y vecinas que se destacan por su labor solidaria y su compromiso con la comunidad, promoviendo un ambiente de ayuda mutua. Muchas veces, son propuestas por asociaciones e instituciones barriales, destacando su rol en la construcci\u00f3n de un entorno vecinal respetuoso y cooperativo.<\/p>\n<h3 data-sourcepos=\"19:1-19:46\">C\u00f3mo celebrar la vecindad y la solidaridad<\/h3>\n<p data-sourcepos=\"21:1-21:94\">Aunque no existen protocolos fijos para el D\u00eda del Vecino, la jornada es una oportunidad para:<\/p>\n<ul data-sourcepos=\"23:1-28:0\">\n<li data-sourcepos=\"23:1-23:173\"><strong>Promover el respeto de horarios:<\/strong> Recordar la importancia de respetar los horarios de descanso para evitar ruidos molestos, contribuyendo a la tranquilidad del entorno.<\/li>\n<li data-sourcepos=\"24:1-24:139\"><strong>Fomentar la responsabilidad con mascotas:<\/strong> Asegurarse de que las mascotas no causen molestias a otros vecinos, manteniendo la armon\u00eda.<\/li>\n<li data-sourcepos=\"25:1-25:143\"><strong>Participaci\u00f3n activa:<\/strong> Involucrarse en reuniones y decisiones que afectan a la comunidad, contribuyendo al bienestar colectivo del barrio.<\/li>\n<li data-sourcepos=\"26:1-26:203\"><strong>Organizar encuentros vecinales:<\/strong> Desde una simple mateada en la vereda hasta peque\u00f1os eventos comunitarios, cualquier iniciativa que fomente el di\u00e1logo y el conocimiento entre vecinos es bienvenida.<\/li>\n<li data-sourcepos=\"27:1-28:0\"><strong>Reconocer a vecinos destacados:<\/strong> Algunas localidades y organizaciones barriales aprovechan este d\u00eda para distinguir a aquellos vecinos que realizan acciones significativas para el bien com\u00fan, inspirando a otros a seguir su ejemplo.<\/li>\n<\/ul>\n<p data-sourcepos=\"29:1-29:223\">El D\u00eda del Vecino es, en esencia, un recordatorio de que una comunidad fuerte se construye desde el respeto y la colaboraci\u00f3n entre sus habitantes, fortaleciendo los lazos que hacen de cada barrio un mejor lugar para vivir.<\/p>\n","protected":false},"excerpt":{"rendered":"<p>Hoy, 11 de junio, Argentina celebra el D\u00eda del Vecino, una jornada que invita a reflexionar sobre la importancia de<\/p>\n","protected":false},"author":1,"featured_media":77460,"comment_status":"closed","ping_status":"closed","sticky":false,"template":"","format":"standard","meta":{"kia_subtitle":"El 11 de junio se conmemora en Argentina el D\u00eda del Vecino, una jornada dedicada a resaltar la importancia de la buena convivencia y la solidaridad entre quienes comparten un mismo barrio. Esta fecha busca fortalecer los lazos comunitarios y promover un entorno social m\u00e1s armonioso.","footnotes":"","jetpack_publicize_message":"","jetpack_publicize_feature_enabled":true,"jetpack_social_post_already_shared":true,"jetpack_social_options":{"image_generator_settings":{"template":"highway","default_image_id":0,"font":"","enabled":false},"version":2}},"categories":[5,2594],"tags":[],"class_list":["post-116782","post","type-post","status-publish","format-standard","has-post-thumbnail","hentry","category-cultura","category-efemerides"],"jetpack_publicize_connections":[],"jetpack_featured_media_url":"https:\/\/laurbedigital.com.ar\/noticias\/wp-content\/uploads\/2022\/06\/20220611-Dia-de-vecino-e1718077258459.jpg","_links":{"self":[{"href":"https:\/\/laurbedigital.com.ar\/noticias\/wp-json\/wp\/v2\/posts\/116782","targetHints":{"allow":["GET"]}}],"collection":[{"href":"https:\/\/laurbedigital.com.ar\/noticias\/wp-json\/wp\/v2\/posts"}],"about":[{"href":"https:\/\/laurbedigital.com.ar\/noticias\/wp-json\/wp\/v2\/types\/post"}],"author":[{"embeddable":true,"href":"https:\/\/laurbedigital.com.ar\/noticias\/wp-json\/wp\/v2\/users\/1"}],"replies":[{"embeddable":true,"href":"https:\/\/laurbedigital.com.ar\/noticias\/wp-json\/wp\/v2\/comments?post=116782"}],"version-history":[{"count":3,"href":"https:\/\/laurbedigital.com.ar\/noticias\/wp-json\/wp\/v2\/posts\/116782\/revisions"}],"predecessor-version":[{"id":116785,"href":"https:\/\/laurbedigital.com.ar\/noticias\/wp-json\/wp\/v2\/posts\/116782\/revisions\/116785"}],"wp:featuredmedia":[{"embeddable":true,"href":"https:\/\/laurbedigital.com.ar\/noticias\/wp-json\/wp\/v2\/media\/77460"}],"wp:attachment":[{"href":"https:\/\/laurbedigital.com.ar\/noticias\/wp-json\/wp\/v2\/media?parent=116782"}],"wp:term":[{"taxonomy":"category","embeddable":true,"href":"https:\/\/laurbedigital.com.ar\/noticias\/wp-json\/wp\/v2\/categories?post=116782"},{"taxonomy":"post_tag","embeddable":true,"href":"https:\/\/laurbedigital.com.ar\/noticias\/wp-json\/wp\/v2\/tags?post=116782"}],"curies":[{"name":"wp","href":"https:\/\/api.w.org\/{rel}","templated":true}]}}