{"id":116779,"date":"2025-06-11T02:16:08","date_gmt":"2025-06-11T05:16:08","guid":{"rendered":"https:\/\/laurbedigital.com.ar\/noticias\/?p=116779"},"modified":"2025-06-11T02:16:08","modified_gmt":"2025-06-11T05:16:08","slug":"industria-textil-en-emergencia-6-de-cada-10-empresas-redujeron-personal","status":"publish","type":"post","link":"https:\/\/laurbedigital.com.ar\/noticias\/2025\/06\/11\/industria-textil-en-emergencia-6-de-cada-10-empresas-redujeron-personal\/","title":{"rendered":"Industria textil en emergencia: 6 de cada 10 empresas redujeron personal"},"content":{"rendered":"<p data-sourcepos=\"7:1-7:658\">La industria textil y de indumentaria de Argentina est\u00e1 inmersa en uno de los momentos m\u00e1s cr\u00edticos de su historia reciente. La alarmante situaci\u00f3n se visibiliza en un reciente informe de la Fundaci\u00f3n Pro Tejer, que detalla un panorama de ca\u00eddas generalizadas en ventas, producci\u00f3n y empleo. Durante el primer trimestre de 2025, el 50% de las empresas del sector report\u00f3 una disminuci\u00f3n en sus ventas respecto al mismo per\u00edodo de 2024, con una baja promedio del 5%. Si se extiende la comparaci\u00f3n a los \u00faltimos dos a\u00f1os, el escenario es a\u00fan m\u00e1s desolador: 7 de cada 10 compa\u00f1\u00edas experimentaron una contracci\u00f3n en sus ventas, con un retroceso promedio del 21%.<\/p>\n<p data-sourcepos=\"9:1-9:653\">Esta dr\u00e1stica ca\u00edda en las ventas impact\u00f3 directamente en el mercado laboral. Desde fines de 2023 hasta marzo de 2025, el 72% de las empresas textiles adopt\u00f3 medidas que afectaron a su personal, y un preocupante 6 de cada 10 firmas <strong>redujeron su plantilla de empleados<\/strong>. Esto consolid\u00f3 un ajuste masivo en el sector, resultando en miles de despidos y suspensiones a lo largo y ancho del pa\u00eds. En cuanto a la producci\u00f3n, la mitad de las firmas consultadas registr\u00f3 una contracci\u00f3n promedio del 3% interanual. Sin embargo, al comparar con el mismo trimestre de 2023, el desplome productivo alcanza al 75% de las empresas, con una ca\u00edda promedio del 20%.<\/p>\n<h3 data-sourcepos=\"13:1-13:50\">Capacidad ociosa y sin se\u00f1ales de reactivaci\u00f3n<\/h3>\n<p data-sourcepos=\"15:1-15:444\">La utilizaci\u00f3n de la capacidad instalada en la industria textil se mantiene en niveles hist\u00f3ricamente bajos. Solo el 35% de las empresas mostr\u00f3 una mejora marginal respecto a 2024, pero ninguna logr\u00f3 recuperar los niveles de producci\u00f3n de hace dos a\u00f1os. En una comparaci\u00f3n m\u00e1s amplia, el 80% de las compa\u00f1\u00edas inform\u00f3 retrocesos en la utilizaci\u00f3n de su capacidad, lo que evidencia un aparato productivo inmovilizado y sin signos de reactivaci\u00f3n.<\/p>\n<p data-sourcepos=\"17:1-17:762\">El informe de Pro Tejer identific\u00f3 tres factores clave que explican la profundidad de esta crisis. En primer lugar, la <strong>p\u00e9rdida del poder adquisitivo<\/strong> por parte de los consumidores fue mencionada por el 82% de las firmas, afectando directamente la demanda interna. Le siguen el avance descontrolado de las importaciones (mencionado por el 63% de las empresas) y la apreciaci\u00f3n del tipo de cambio (40%), que encarece la producci\u00f3n nacional y abarata los productos extranjeros. Estos elementos no solo desplomaron la actividad, sino que adem\u00e1s generaron un freno total a la inversi\u00f3n: durante 2024, 7 de cada 10 empresas no invirtieron en maquinaria ni ampliaron su capacidad, y un contundente 80% no prev\u00e9 hacerlo este a\u00f1o, lo que hipoteca el futuro del sector.<\/p>\n<h3 data-sourcepos=\"21:1-21:62\">Importaciones r\u00e9cord, subfacturaci\u00f3n y aranceles a la baja<\/h3>\n<p data-sourcepos=\"23:1-23:430\">El contexto externo tampoco ofrece alivio. La pol\u00edtica de apertura comercial aceler\u00f3 el ingreso de productos del exterior. En el primer trimestre de 2025, las importaciones de ropa crecieron un asombroso 86%, mientras que las de textiles para el hogar aumentaron un 109%. Este \u00abboom\u00bb de importaciones fue impulsado, en gran medida, por la eliminaci\u00f3n de aranceles y el auge del comercio electr\u00f3nico a trav\u00e9s del sistema <em>courier<\/em>.<\/p>\n<p data-sourcepos=\"25:1-25:513\">Actualmente, el 67% de la ropa que se consume en Argentina es importada, y en los shoppings ese n\u00famero asciende al 75%, ejerciendo una presi\u00f3n inmensa sobre la producci\u00f3n nacional. Pro Tejer advirti\u00f3 adem\u00e1s sobre posibles maniobras de subfacturaci\u00f3n. Por ejemplo, los tejidos de punto importados ingresaron al pa\u00eds con un precio FOB promedio un 45% inferior al registrado entre 2015 y 2024. Esto se atribuye a la eliminaci\u00f3n de valores criterio y a un menor control aduanero, que facilitan la competencia desleal.<\/p>\n<p data-sourcepos=\"27:1-27:390\">La desregulaci\u00f3n se reflej\u00f3 en una baja generalizada de aranceles: la indumentaria y el calzado pasaron de un 35% a un 20%, los tejidos de un 26% a un 18%, y los hilados se redujeron hasta un 12%. Sumado a la apreciaci\u00f3n del peso y un excedente global de oferta, el resultado fue un mercado local inundado de productos importados a precios imposibles de competir para la industria nacional.<\/p>\n<h3 data-sourcepos=\"31:1-31:47\">Incertidumbre en las expectativas para 2025<\/h3>\n<p data-sourcepos=\"33:1-33:484\">Las expectativas para el resto de 2025 son mayormente sombr\u00edas. Un 40% de las empresas cree que su situaci\u00f3n empeorar\u00e1, otro 40% no prev\u00e9 cambios y apenas el 20% vislumbra alguna mejora. La mayor\u00eda plantea como necesidades urgentes una <strong>reforma tributaria productiva<\/strong> (84%), medidas contra la competencia desleal (54%) y una correcci\u00f3n del tipo de cambio (38%). Tambi\u00e9n se destacan pedidos de financiamiento al consumo y pol\u00edticas que refuercen el poder adquisitivo de la poblaci\u00f3n.<\/p>\n<p data-sourcepos=\"35:1-35:495\">La Fundaci\u00f3n Pro Tejer concluy\u00f3 que esta profunda crisis no solo afecta la rentabilidad actual, sino que directamente compromete el desarrollo tecnol\u00f3gico alcanzado por el sector, desalienta inversiones futuras y profundiza la dependencia externa del pa\u00eds. La p\u00e9rdida de empleo, el cierre de empresas y la desarticulaci\u00f3n de la cadena de valor son efectos visibles de una pol\u00edtica que, a su entender, privilegi\u00f3 las importaciones por sobre el sostenimiento y desarrollo de la industria nacional.<\/p>\n","protected":false},"excerpt":{"rendered":"<p>La industria textil y de indumentaria de Argentina est\u00e1 inmersa en uno de los momentos m\u00e1s cr\u00edticos de su historia<\/p>\n","protected":false},"author":1,"featured_media":116764,"comment_status":"closed","ping_status":"closed","sticky":false,"template":"","format":"standard","meta":{"kia_subtitle":"La industria textil y de indumentaria argentina atraviesa su peor momento en a\u00f1os, con ventas en picada, despidos masivos y un avance r\u00e9cord de las importaciones. Un informe de Pro Tejer revela la magnitud de la crisis.","footnotes":"","jetpack_publicize_message":"","jetpack_publicize_feature_enabled":true,"jetpack_social_post_already_shared":true,"jetpack_social_options":{"image_generator_settings":{"template":"highway","default_image_id":0,"font":"","enabled":false},"version":2}},"categories":[3,41],"tags":[],"class_list":["post-116779","post","type-post","status-publish","format-standard","has-post-thumbnail","hentry","category-actualidad","category-nacionales"],"jetpack_publicize_connections":[],"jetpack_featured_media_url":"https:\/\/laurbedigital.com.ar\/noticias\/wp-content\/uploads\/2025\/06\/20250610-Textil.jpg","_links":{"self":[{"href":"https:\/\/laurbedigital.com.ar\/noticias\/wp-json\/wp\/v2\/posts\/116779","targetHints":{"allow":["GET"]}}],"collection":[{"href":"https:\/\/laurbedigital.com.ar\/noticias\/wp-json\/wp\/v2\/posts"}],"about":[{"href":"https:\/\/laurbedigital.com.ar\/noticias\/wp-json\/wp\/v2\/types\/post"}],"author":[{"embeddable":true,"href":"https:\/\/laurbedigital.com.ar\/noticias\/wp-json\/wp\/v2\/users\/1"}],"replies":[{"embeddable":true,"href":"https:\/\/laurbedigital.com.ar\/noticias\/wp-json\/wp\/v2\/comments?post=116779"}],"version-history":[{"count":2,"href":"https:\/\/laurbedigital.com.ar\/noticias\/wp-json\/wp\/v2\/posts\/116779\/revisions"}],"predecessor-version":[{"id":116781,"href":"https:\/\/laurbedigital.com.ar\/noticias\/wp-json\/wp\/v2\/posts\/116779\/revisions\/116781"}],"wp:featuredmedia":[{"embeddable":true,"href":"https:\/\/laurbedigital.com.ar\/noticias\/wp-json\/wp\/v2\/media\/116764"}],"wp:attachment":[{"href":"https:\/\/laurbedigital.com.ar\/noticias\/wp-json\/wp\/v2\/media?parent=116779"}],"wp:term":[{"taxonomy":"category","embeddable":true,"href":"https:\/\/laurbedigital.com.ar\/noticias\/wp-json\/wp\/v2\/categories?post=116779"},{"taxonomy":"post_tag","embeddable":true,"href":"https:\/\/laurbedigital.com.ar\/noticias\/wp-json\/wp\/v2\/tags?post=116779"}],"curies":[{"name":"wp","href":"https:\/\/api.w.org\/{rel}","templated":true}]}}