{"id":116746,"date":"2025-06-10T00:37:24","date_gmt":"2025-06-10T03:37:24","guid":{"rendered":"https:\/\/laurbedigital.com.ar\/noticias\/?p=116746"},"modified":"2025-06-10T00:37:24","modified_gmt":"2025-06-10T03:37:24","slug":"por-que-el-10-de-junio-es-el-dia-de-la-seguridad-vial","status":"publish","type":"post","link":"https:\/\/laurbedigital.com.ar\/noticias\/2025\/06\/10\/por-que-el-10-de-junio-es-el-dia-de-la-seguridad-vial\/","title":{"rendered":"Por qu\u00e9 el 10 de junio es el D\u00eda de la Seguridad Vial"},"content":{"rendered":"<p>El 10 de junio se celebra el D\u00eda de la Seguridad Vial en varios pa\u00edses, entre ellos Argentina, en conmemoraci\u00f3n de un hecho hist\u00f3rico significativo. Esta fecha fue establecida para recordar y concientizar a la poblaci\u00f3n sobre la importancia de la seguridad en las v\u00edas de tr\u00e1nsito, promoviendo comportamientos responsables y la educaci\u00f3n vial.<\/p>\n<p>En Argentina, el D\u00eda de la Seguridad Vial tiene su origen en un cambio significativo en la normativa del tr\u00e1nsito. El 10 de junio de 1945, se modific\u00f3 el sentido de circulaci\u00f3n en las calles del pa\u00eds. Hasta esa fecha, los veh\u00edculos circulaban por la izquierda, al estilo brit\u00e1nico. A partir de entonces, se implement\u00f3 la circulaci\u00f3n por la derecha, siguiendo la normativa que rige en la mayor\u00eda de los pa\u00edses del mundo. Esta modificaci\u00f3n fue un hito en la historia vial argentina, ya que implic\u00f3 un gran esfuerzo de adaptaci\u00f3n y concientizaci\u00f3n tanto por parte de las autoridades como de los ciudadanos.<\/p>\n<p>El D\u00eda de la Seguridad Vial se celebra con diversas actividades y campa\u00f1as de concientizaci\u00f3n dirigidas a todos los usuarios de la v\u00eda p\u00fablica, incluyendo peatones, ciclistas, motociclistas y conductores de veh\u00edculos. Las acciones incluyen talleres educativos, campa\u00f1as de difusi\u00f3n en medios de comunicaci\u00f3n, actividades en escuelas y la implementaci\u00f3n de controles de tr\u00e1nsito m\u00e1s estrictos. El objetivo principal es reducir la cantidad de accidentes viales, que representan una de las principales causas de muerte y lesiones en muchos pa\u00edses, fomentando una cultura de respeto y responsabilidad en el uso de las v\u00edas p\u00fablicas.<\/p>\n<p>Este d\u00eda tambi\u00e9n se utiliza para recordar la importancia de respetar las normas de tr\u00e1nsito, utilizar los elementos de seguridad como el cintur\u00f3n de seguridad y el casco, y promover la conducci\u00f3n sin influencias de alcohol o drogas. La educaci\u00f3n vial es clave para prevenir accidentes y salvar vidas, y el 10 de junio se convierte en una oportunidad para reforzar estos mensajes y trabajar por una mayor seguridad en las carreteras y calles.<\/p>\n","protected":false},"excerpt":{"rendered":"<p>El 10 de junio se celebra el D\u00eda de la Seguridad Vial en varios pa\u00edses, entre ellos Argentina, en conmemoraci\u00f3n<\/p>\n","protected":false},"author":1,"featured_media":77423,"comment_status":"closed","ping_status":"closed","sticky":false,"template":"","format":"standard","meta":{"kia_subtitle":"El 10 de junio de 1945 se decret\u00f3 en la Argentina el sentido del tr\u00e1nsito por la derecha; es por eso que en esa fecha se celebra el\u00a0D\u00eda Nacional de la Seguridad Vial, a trav\u00e9s de diferentes acciones que tienen como objetivo\u00a0promover la educaci\u00f3n vial para reducir los accidentes de tr\u00e1nsito.","footnotes":"","jetpack_publicize_message":"","jetpack_publicize_feature_enabled":true,"jetpack_social_post_already_shared":true,"jetpack_social_options":{"image_generator_settings":{"template":"highway","default_image_id":0,"font":"","enabled":false},"version":2}},"categories":[5,2594],"tags":[],"class_list":["post-116746","post","type-post","status-publish","format-standard","has-post-thumbnail","hentry","category-cultura","category-efemerides"],"jetpack_publicize_connections":[],"jetpack_featured_media_url":"https:\/\/laurbedigital.com.ar\/noticias\/wp-content\/uploads\/2022\/06\/20220610-Seguridad-vial.jpg","_links":{"self":[{"href":"https:\/\/laurbedigital.com.ar\/noticias\/wp-json\/wp\/v2\/posts\/116746","targetHints":{"allow":["GET"]}}],"collection":[{"href":"https:\/\/laurbedigital.com.ar\/noticias\/wp-json\/wp\/v2\/posts"}],"about":[{"href":"https:\/\/laurbedigital.com.ar\/noticias\/wp-json\/wp\/v2\/types\/post"}],"author":[{"embeddable":true,"href":"https:\/\/laurbedigital.com.ar\/noticias\/wp-json\/wp\/v2\/users\/1"}],"replies":[{"embeddable":true,"href":"https:\/\/laurbedigital.com.ar\/noticias\/wp-json\/wp\/v2\/comments?post=116746"}],"version-history":[{"count":1,"href":"https:\/\/laurbedigital.com.ar\/noticias\/wp-json\/wp\/v2\/posts\/116746\/revisions"}],"predecessor-version":[{"id":116747,"href":"https:\/\/laurbedigital.com.ar\/noticias\/wp-json\/wp\/v2\/posts\/116746\/revisions\/116747"}],"wp:featuredmedia":[{"embeddable":true,"href":"https:\/\/laurbedigital.com.ar\/noticias\/wp-json\/wp\/v2\/media\/77423"}],"wp:attachment":[{"href":"https:\/\/laurbedigital.com.ar\/noticias\/wp-json\/wp\/v2\/media?parent=116746"}],"wp:term":[{"taxonomy":"category","embeddable":true,"href":"https:\/\/laurbedigital.com.ar\/noticias\/wp-json\/wp\/v2\/categories?post=116746"},{"taxonomy":"post_tag","embeddable":true,"href":"https:\/\/laurbedigital.com.ar\/noticias\/wp-json\/wp\/v2\/tags?post=116746"}],"curies":[{"name":"wp","href":"https:\/\/api.w.org\/{rel}","templated":true}]}}