{"id":116692,"date":"2025-06-09T02:06:11","date_gmt":"2025-06-09T05:06:11","guid":{"rendered":"https:\/\/laurbedigital.com.ar\/noticias\/?p=116692"},"modified":"2025-06-09T02:08:42","modified_gmt":"2025-06-09T05:08:42","slug":"dia-del-primo-por-que-se-celebra-el-9-de-junio-2","status":"publish","type":"post","link":"https:\/\/laurbedigital.com.ar\/noticias\/2025\/06\/09\/dia-del-primo-por-que-se-celebra-el-9-de-junio-2\/","title":{"rendered":"D\u00eda del Primo: por qu\u00e9 se celebra el 9 de junio"},"content":{"rendered":"<p>La raz\u00f3n del festejo<b>\u00a0se remonta a los tiempos de la antigua Roma, donde nacieron San Feliciano y San Primo.<\/b>\u00a0Ellos eran dos hermanos que fueron v\u00edctimas de la persecuci\u00f3n del emperador Diocleciano.<\/p>\n<p>Fueron\u00a0<b>acusados de cristianos\u00a0<\/b>antes los emperadores Diocleciano y Maximiano. Por este motivo, fueron tomados presos y encarcelados hasta que, finalmente, fueron\u00a0<b>degollados el 9 de junio de 297 o 303<\/b>, aunque la fecha todav\u00eda sigue sin confirmar.<\/p>\n<p>San Feliciano y San Primo parecen ser los primeros m\u00e1rtires en ser enterrados dentro de las murallas de Roma.\u00a0<b>El D\u00eda de los Primos se celebra, precisamente, por el nombre del segundo.<\/b><\/p>\n<h4><strong>D\u00eda del Primo: d\u00f3nde se celebra, adem\u00e1s de la Argentina<\/strong><\/h4>\n<ul>\n<li>Colombia<\/li>\n<li>Ecuador<\/li>\n<li>M\u00e9xico<\/li>\n<li>Venezuela<\/li>\n<li>Uruguay<\/li>\n<li>Chile<\/li>\n<li>Otros pa\u00edses de Latinoam\u00e9rica<\/li>\n<\/ul>\n<p>&nbsp;<\/p>\n","protected":false},"excerpt":{"rendered":"<p>La raz\u00f3n del festejo\u00a0se remonta a los tiempos de la antigua Roma, donde nacieron San Feliciano y San Primo.\u00a0Ellos eran<\/p>\n","protected":false},"author":1,"featured_media":77342,"comment_status":"closed","ping_status":"closed","sticky":false,"template":"","format":"standard","meta":{"kia_subtitle":"El\u00a0D\u00eda del Primo\u00a0se celebra este viernes 9 de junio\u00a0en la\u00a0Argentina, como as\u00ed tambi\u00e9n en gran parte del mundo. Esta fecha especial est\u00e1 dedicada a celebrar esos lazos de sangre entre t\u00fa y los hijos del hermano\/a de mam\u00e1 o pap\u00e1.","footnotes":"","jetpack_publicize_message":"","jetpack_publicize_feature_enabled":true,"jetpack_social_post_already_shared":true,"jetpack_social_options":{"image_generator_settings":{"template":"highway","default_image_id":0,"font":"","enabled":false},"version":2}},"categories":[5,2594],"tags":[],"class_list":["post-116692","post","type-post","status-publish","format-standard","has-post-thumbnail","hentry","category-cultura","category-efemerides"],"jetpack_publicize_connections":[],"jetpack_featured_media_url":"https:\/\/laurbedigital.com.ar\/noticias\/wp-content\/uploads\/2022\/06\/20220609-Primos.jpg","_links":{"self":[{"href":"https:\/\/laurbedigital.com.ar\/noticias\/wp-json\/wp\/v2\/posts\/116692","targetHints":{"allow":["GET"]}}],"collection":[{"href":"https:\/\/laurbedigital.com.ar\/noticias\/wp-json\/wp\/v2\/posts"}],"about":[{"href":"https:\/\/laurbedigital.com.ar\/noticias\/wp-json\/wp\/v2\/types\/post"}],"author":[{"embeddable":true,"href":"https:\/\/laurbedigital.com.ar\/noticias\/wp-json\/wp\/v2\/users\/1"}],"replies":[{"embeddable":true,"href":"https:\/\/laurbedigital.com.ar\/noticias\/wp-json\/wp\/v2\/comments?post=116692"}],"version-history":[{"count":1,"href":"https:\/\/laurbedigital.com.ar\/noticias\/wp-json\/wp\/v2\/posts\/116692\/revisions"}],"predecessor-version":[{"id":116693,"href":"https:\/\/laurbedigital.com.ar\/noticias\/wp-json\/wp\/v2\/posts\/116692\/revisions\/116693"}],"wp:featuredmedia":[{"embeddable":true,"href":"https:\/\/laurbedigital.com.ar\/noticias\/wp-json\/wp\/v2\/media\/77342"}],"wp:attachment":[{"href":"https:\/\/laurbedigital.com.ar\/noticias\/wp-json\/wp\/v2\/media?parent=116692"}],"wp:term":[{"taxonomy":"category","embeddable":true,"href":"https:\/\/laurbedigital.com.ar\/noticias\/wp-json\/wp\/v2\/categories?post=116692"},{"taxonomy":"post_tag","embeddable":true,"href":"https:\/\/laurbedigital.com.ar\/noticias\/wp-json\/wp\/v2\/tags?post=116692"}],"curies":[{"name":"wp","href":"https:\/\/api.w.org\/{rel}","templated":true}]}}