{"id":116688,"date":"2025-06-09T01:50:56","date_gmt":"2025-06-09T04:50:56","guid":{"rendered":"https:\/\/laurbedigital.com.ar\/noticias\/?p=116688"},"modified":"2025-06-09T01:50:56","modified_gmt":"2025-06-09T04:50:56","slug":"cascallares-participo-de-una-jornada-recreativa-junto-a-300-jovenes-del-programa-envion","status":"publish","type":"post","link":"https:\/\/laurbedigital.com.ar\/noticias\/2025\/06\/09\/cascallares-participo-de-una-jornada-recreativa-junto-a-300-jovenes-del-programa-envion\/","title":{"rendered":"Cascallares particip\u00f3 de una jornada recreativa junto a 300 j\u00f3venes del \u00abPrograma Envi\u00f3n\u00bb"},"content":{"rendered":"<p>La actividad se llev\u00f3 adelante en el establecimiento ubicado en el cruce de 25 de Mayo y Quiroga, donde se pusieron a disposici\u00f3n dentro del predio distintas postas deportivas y l\u00fadicas.<\/p>\n<p>All\u00ed los j\u00f3venes del Envi\u00f3n pudieron realizar distintas actividades como ajedrez, arte y de salud integral, y tambi\u00e9n vinculadas al atletismo, f\u00fatbol, v\u00f3ley y handball, entre otras.<\/p>\n<h5><strong><em>\u201cSiempre es una alegr\u00eda acompa\u00f1ar a los j\u00f3venes de nuestro distrito, nuestro presente y futuro, en este caso pertenecientes al Programa Envi\u00f3n, una importante iniciativa que se lleva adelante en nuestro distrito de contenci\u00f3n, inclusi\u00f3n y de abordaje integral\u201d, destac\u00f3 Cascallares.<\/em><\/strong><\/h5>\n<p><img loading=\"lazy\" decoding=\"async\" class=\"alignnone size-full wp-image-116690\" src=\"https:\/\/laurbedigital.com.ar\/noticias\/wp-content\/uploads\/2025\/06\/20250608-Brown-Cascallares-PROGRAMA-ENVION-1.jpg\" alt=\"\" width=\"768\" height=\"428\" title=\"\" srcset=\"https:\/\/laurbedigital.com.ar\/noticias\/wp-content\/uploads\/2025\/06\/20250608-Brown-Cascallares-PROGRAMA-ENVION-1.jpg 768w, https:\/\/laurbedigital.com.ar\/noticias\/wp-content\/uploads\/2025\/06\/20250608-Brown-Cascallares-PROGRAMA-ENVION-1-300x167.jpg 300w\" sizes=\"auto, (max-width: 768px) 100vw, 768px\" \/><\/p>\n<p>Cabe recordar que el Programa Envi\u00f3n en Almirante Brown cuenta con 18 sedes -cinco de ellas comunitarias- en las cuales m\u00e1s de 2900 j\u00f3venes dicen presente, con el foco puesto en la inclusi\u00f3n desde una perspectiva integral.<\/p>\n<p>Dijeron presente la secretaria de Desarrollo, Seguridad Social y DD.HH, B\u00e1rbara Mi\u00f1\u00e1n; el subsecretario de Desarrollo Social, Adri\u00e1n Arano;\u00a0\u00a0el presidente del Instituto Municipal del Deporte, Mauricio G\u00f3mez; el director General de Deporte, Juan Crupi, y la coordinadora General de Pol\u00edticas Socio Comunitarias, Ana Paula Gadea.<\/p>\n","protected":false},"excerpt":{"rendered":"<p>La actividad se llev\u00f3 adelante en el establecimiento ubicado en el cruce de 25 de Mayo y Quiroga, donde se<\/p>\n","protected":false},"author":1,"featured_media":116689,"comment_status":"closed","ping_status":"closed","sticky":false,"template":"","format":"standard","meta":{"kia_subtitle":"El intendente de Almirante Brown, Mariano Cascallares, acompa\u00f1\u00f3 a 300 j\u00f3venes pertenecientes al programa Envi\u00f3n que realizaron una importante jornada deportiva y recreativa en el Polideportivo de Ministro Rivadavia.","footnotes":"","jetpack_publicize_message":"","jetpack_publicize_feature_enabled":true,"jetpack_social_post_already_shared":true,"jetpack_social_options":{"image_generator_settings":{"template":"highway","default_image_id":0,"font":"","enabled":false},"version":2}},"categories":[2,33,250],"tags":[],"class_list":["post-116688","post","type-post","status-publish","format-standard","has-post-thumbnail","hentry","category-alte-brown","category-alte-brown-alte-brown","category-ministro-rivadavia"],"jetpack_publicize_connections":[],"jetpack_featured_media_url":"https:\/\/laurbedigital.com.ar\/noticias\/wp-content\/uploads\/2025\/06\/20250608-Brown-Cascallares-PROGRAMA-ENVION.jpg","_links":{"self":[{"href":"https:\/\/laurbedigital.com.ar\/noticias\/wp-json\/wp\/v2\/posts\/116688","targetHints":{"allow":["GET"]}}],"collection":[{"href":"https:\/\/laurbedigital.com.ar\/noticias\/wp-json\/wp\/v2\/posts"}],"about":[{"href":"https:\/\/laurbedigital.com.ar\/noticias\/wp-json\/wp\/v2\/types\/post"}],"author":[{"embeddable":true,"href":"https:\/\/laurbedigital.com.ar\/noticias\/wp-json\/wp\/v2\/users\/1"}],"replies":[{"embeddable":true,"href":"https:\/\/laurbedigital.com.ar\/noticias\/wp-json\/wp\/v2\/comments?post=116688"}],"version-history":[{"count":1,"href":"https:\/\/laurbedigital.com.ar\/noticias\/wp-json\/wp\/v2\/posts\/116688\/revisions"}],"predecessor-version":[{"id":116691,"href":"https:\/\/laurbedigital.com.ar\/noticias\/wp-json\/wp\/v2\/posts\/116688\/revisions\/116691"}],"wp:featuredmedia":[{"embeddable":true,"href":"https:\/\/laurbedigital.com.ar\/noticias\/wp-json\/wp\/v2\/media\/116689"}],"wp:attachment":[{"href":"https:\/\/laurbedigital.com.ar\/noticias\/wp-json\/wp\/v2\/media?parent=116688"}],"wp:term":[{"taxonomy":"category","embeddable":true,"href":"https:\/\/laurbedigital.com.ar\/noticias\/wp-json\/wp\/v2\/categories?post=116688"},{"taxonomy":"post_tag","embeddable":true,"href":"https:\/\/laurbedigital.com.ar\/noticias\/wp-json\/wp\/v2\/tags?post=116688"}],"curies":[{"name":"wp","href":"https:\/\/api.w.org\/{rel}","templated":true}]}}