{"id":116677,"date":"2025-06-07T04:19:41","date_gmt":"2025-06-07T07:19:41","guid":{"rendered":"https:\/\/laurbedigital.com.ar\/noticias\/?p=116677"},"modified":"2025-06-07T04:19:41","modified_gmt":"2025-06-07T07:19:41","slug":"caso-nora-dalmasso-un-documental-que-busca-revelar-la-verdad-detras-del-femicidio","status":"publish","type":"post","link":"https:\/\/laurbedigital.com.ar\/noticias\/2025\/06\/07\/caso-nora-dalmasso-un-documental-que-busca-revelar-la-verdad-detras-del-femicidio\/","title":{"rendered":"Caso Nora Dalmasso: Un documental que busca revelar la verdad detr\u00e1s del femicidio"},"content":{"rendered":"<h3 data-sourcepos=\"7:1-7:61\">Testimonios in\u00e9ditos y acceso exclusivo al c\u00edrculo \u00edntimo<\/h3>\n<p data-sourcepos=\"9:1-9:430\">El documental narra el caso desde una perspectiva \u00edntima, a partir de los testimonios de su familia. Por primera vez, sus hijos, Facundo y Valentina Macarr\u00f3n, y su viudo, Marcelo Macarr\u00f3n, compartir\u00e1n sus vivencias y perspectivas sobre el tr\u00e1gico suceso. A estas voces se sumar\u00e1n las de amigos de Nora, periodistas especializados y figuras del \u00e1mbito judicial y policial, brindando una visi\u00f3n multifac\u00e9tica de los acontecimientos.<\/p>\n<p data-sourcepos=\"11:1-11:403\">En noviembre de 2006, Nora Dalmasso fue v\u00edctima de un crimen brutal en su casa de R\u00edo Cuarto, C\u00f3rdoba. Sin embargo, m\u00e1s all\u00e1 del femicidio, la producci\u00f3n busca destacar c\u00f3mo Nora fue tambi\u00e9n \u00abv\u00edctima del juicio despiadado de la opini\u00f3n p\u00fablica, que la conden\u00f3 sin pruebas\u00bb. La serie documental se propone reconstruir el crimen, que hasta el d\u00eda de hoy sigue sin tener una resoluci\u00f3n judicial definitiva.<\/p>\n<p data-sourcepos=\"13:1-13:285\">Con acceso exclusivo a su c\u00edrculo \u00edntimo, material de archivo in\u00e9dito y testimonios clave, el documental promete ofrecer una mirada profunda y humana sobre la historia, buscando una nueva forma de entender el caso Dalmasso, m\u00e1s all\u00e1 de la intriga medi\u00e1tica y el esc\u00e1ndalo que lo rode\u00f3.<\/p>\n<p data-sourcepos=\"13:1-13:285\"><iframe loading=\"lazy\" title=\"Las mil muertes de Nora Dalmasso | Clip oficial | Netflix\" src=\"https:\/\/www.youtube.com\/embed\/YY3nxbs3Zj8\" width=\"657\" height=\"370\" frameborder=\"0\" allowfullscreen=\"allowfullscreen\"><\/iframe><\/p>\n<h3 data-sourcepos=\"17:1-17:56\">La visi\u00f3n del director y la b\u00fasqueda de la humanidad<\/h3>\n<p data-sourcepos=\"19:1-19:527\">Jamie Crawford, director de la producci\u00f3n, comparti\u00f3 su perspectiva sobre el proyecto: \u00abEl asesinato de Nora Dalmasso es uno de los cr\u00edmenes m\u00e1s infames de Argentina, un femicidio transformado en una telenovela y alimentado por la intriga sexual, corrupci\u00f3n y conspiraci\u00f3n\u00bb. Crawford revel\u00f3 una conexi\u00f3n personal con el caso, al haber vivido en R\u00edo Cuarto, lo que lo motiv\u00f3 a \u00abbuscar la humanidad detr\u00e1s de los titulares, mostrar qui\u00e9n era realmente Nora Dalmasso y c\u00f3mo sobrevivieron sus allegados a este calvario de d\u00e9cadas\u00bb.<\/p>\n<p data-sourcepos=\"21:1-21:364\">El documental aspira a ofrecer nuevas perspectivas sobre un femicidio que conmovi\u00f3 al pa\u00eds, trascendiendo la superficialidad del sensacionalismo para indagar en las complejidades del caso y el impacto que tuvo en la vida de quienes rodeaban a Nora. Se espera que la producci\u00f3n genere un renovado debate sobre la investigaci\u00f3n y la percepci\u00f3n p\u00fablica del femicidio.<\/p>\n","protected":false},"excerpt":{"rendered":"<p>Testimonios in\u00e9ditos y acceso exclusivo al c\u00edrculo \u00edntimo El documental narra el caso desde una perspectiva \u00edntima, a partir de<\/p>\n","protected":false},"author":1,"featured_media":116678,"comment_status":"closed","ping_status":"closed","sticky":false,"template":"","format":"standard","meta":{"kia_subtitle":"El brutal asesinato de Nora Dalmasso, uno de los femicidios que m\u00e1s conmovieron a la sociedad argentina, ser\u00e1 el eje central de un nuevo documental que promete profundizar en el caso y explorar la figura de la v\u00edctima m\u00e1s all\u00e1 del esc\u00e1ndalo medi\u00e1tico. La producci\u00f3n, que constar\u00e1 de tres cap\u00edtulos, ofrecer\u00e1 una mirada \u00edntima y reveladora, buscando arrojar luz sobre este crimen que a\u00fan permanece sin resolverse.","footnotes":"","jetpack_publicize_message":"","jetpack_publicize_feature_enabled":true,"jetpack_social_post_already_shared":true,"jetpack_social_options":{"image_generator_settings":{"template":"highway","default_image_id":0,"font":"","enabled":false},"version":2}},"categories":[2600,68],"tags":[],"class_list":["post-116677","post","type-post","status-publish","format-standard","has-post-thumbnail","hentry","category-espectaculo","category-cine-y-series"],"jetpack_publicize_connections":[],"jetpack_featured_media_url":"https:\/\/laurbedigital.com.ar\/noticias\/wp-content\/uploads\/2025\/06\/20250607-Nora-Salmasso.jpg","_links":{"self":[{"href":"https:\/\/laurbedigital.com.ar\/noticias\/wp-json\/wp\/v2\/posts\/116677","targetHints":{"allow":["GET"]}}],"collection":[{"href":"https:\/\/laurbedigital.com.ar\/noticias\/wp-json\/wp\/v2\/posts"}],"about":[{"href":"https:\/\/laurbedigital.com.ar\/noticias\/wp-json\/wp\/v2\/types\/post"}],"author":[{"embeddable":true,"href":"https:\/\/laurbedigital.com.ar\/noticias\/wp-json\/wp\/v2\/users\/1"}],"replies":[{"embeddable":true,"href":"https:\/\/laurbedigital.com.ar\/noticias\/wp-json\/wp\/v2\/comments?post=116677"}],"version-history":[{"count":2,"href":"https:\/\/laurbedigital.com.ar\/noticias\/wp-json\/wp\/v2\/posts\/116677\/revisions"}],"predecessor-version":[{"id":116680,"href":"https:\/\/laurbedigital.com.ar\/noticias\/wp-json\/wp\/v2\/posts\/116677\/revisions\/116680"}],"wp:featuredmedia":[{"embeddable":true,"href":"https:\/\/laurbedigital.com.ar\/noticias\/wp-json\/wp\/v2\/media\/116678"}],"wp:attachment":[{"href":"https:\/\/laurbedigital.com.ar\/noticias\/wp-json\/wp\/v2\/media?parent=116677"}],"wp:term":[{"taxonomy":"category","embeddable":true,"href":"https:\/\/laurbedigital.com.ar\/noticias\/wp-json\/wp\/v2\/categories?post=116677"},{"taxonomy":"post_tag","embeddable":true,"href":"https:\/\/laurbedigital.com.ar\/noticias\/wp-json\/wp\/v2\/tags?post=116677"}],"curies":[{"name":"wp","href":"https:\/\/api.w.org\/{rel}","templated":true}]}}