{"id":116625,"date":"2025-06-05T17:00:37","date_gmt":"2025-06-05T20:00:37","guid":{"rendered":"https:\/\/laurbedigital.com.ar\/noticias\/?p=116625"},"modified":"2025-06-05T17:01:08","modified_gmt":"2025-06-05T20:01:08","slug":"calzada-y-adrogue-el-dia-del-padre","status":"publish","type":"post","link":"https:\/\/laurbedigital.com.ar\/noticias\/2025\/06\/05\/calzada-y-adrogue-el-dia-del-padre\/","title":{"rendered":"\u201cAnticipate\u201d: Comercios de Calzada y Adrogu\u00e9 ofrecen descuentos especiales por el D\u00eda del Padre"},"content":{"rendered":"<p>Con la iniciativa \u201cAntic\u00edpate\u201d, promovida por la Comuna browniana a trav\u00e9s de la secretaria de Relaciones con la Comunidad, las vecinas y vecinos podr\u00e1n anticipar sus compras y aprovechar un 20 por ciento de descuento en productos seleccionados de diversos rubros en los locales adheridos.<\/p>\n<p>Cada a\u00f1o, pensar en un regalo para agasajar a pap\u00e1 es un gran desaf\u00edo y si bien son muchas las variantes, poder acceder a descuentos representa una importante ayuda para la econom\u00eda de los brownianos.<\/p>\n<p>En esta oportunidad, son un total de veinte los comercios de Rafael Calzada y Adrogu\u00e9 que se sumaron a la propuesta que se extender\u00e1 por tres d\u00edas.<\/p>\n<p>Durante estas jornadas los vecinos acceder\u00e1n a importantes promociones en indumentaria, calzados, libros, ropa interior y deportiva, adem\u00e1s de electrodom\u00e9sticos, entre otros productos.<\/p>\n<h5><em><strong>\u201cEste a\u00f1o para celebrar el D\u00eda del Padre nos anticipamos a las compras con importantes promociones en diferentes comercios de Rafael Calzada y Adrogu\u00e9. Invitamos a los vecinos y vecinas a sumarse a la propuesta y aprovechar los descuentos \u201c, indic\u00f3 el intendente de Almirante Brown, Mariano Cascallares.<\/strong><\/em><\/h5>\n<p><img loading=\"lazy\" decoding=\"async\" class=\"alignnone wp-image-116627 size-full\" src=\"https:\/\/laurbedigital.com.ar\/noticias\/wp-content\/uploads\/2025\/06\/20250604-Brown-Rafael-Calzada-peatonal-Anticipe-Dia-del-Padre.jpg\" alt=\"D\u00eda del Padre Rafael Calzada\" width=\"768\" height=\"428\" title=\"\" srcset=\"https:\/\/laurbedigital.com.ar\/noticias\/wp-content\/uploads\/2025\/06\/20250604-Brown-Rafael-Calzada-peatonal-Anticipe-Dia-del-Padre.jpg 768w, https:\/\/laurbedigital.com.ar\/noticias\/wp-content\/uploads\/2025\/06\/20250604-Brown-Rafael-Calzada-peatonal-Anticipe-Dia-del-Padre-300x167.jpg 300w\" sizes=\"auto, (max-width: 768px) 100vw, 768px\" \/><\/p>\n<p>Los comercios adheridos de Rafael Calzada son: \u201cMagik\u201d (Col\u00f3n 3128); \u201cEl Nacional\u201d (20 de Septiembre 1715); \u201cPassion Sports\u201d (20 de septiembre 1528); \u201cSchiera Deportes\u201d (Col\u00f3n esquina 20 de septiembre); \u201cFarenheite\u201d (20 de septiembre 1524); \u201c\u00d3ptica Illodo\u201d, (Arturo Illia 3110); \u201cCasa Diaz\u201d (Av. San Mart\u00edn 3089); \u201cLencer\u00eda C\u00e1ndemi\u201d (20 de Septiembre 1772); \u201dMade in Selen\u201d (20 de Septiembre 1615); \u201cAnna Express\u201d (20 de Septiembre 1570).<\/p>\n<p>En Adrogu\u00e9 los locales que se adhieren a la iniciativa son los siguientes:<\/p>\n<p>\u201cColor Uno\u201d -fotograf\u00eda- (Mitre 1209); \u201cLibrer\u00eda Alas\u201d (Esteban Adrogu\u00e9 1045); \u201cRayuela Calzados\u201d (Esteban Adrogu\u00e9 1180-local 43-); \u201cPlaza Bazar Adrogu\u00e9\u201d (Segu\u00ed 875); \u201cMya\u201d- calzados e indumentaria- (Esteban Adrogu\u00e9 1039); \u201cSasha -indumentaria- (Esteban Adrogu\u00e9 1180 -local 24-); \u201cAlguna Vez\u201d (Esteban Adrogu\u00e9 1180 -local 49-); \u201cSalom\u00e9 Mercer\u00eda\u201d (Esteban Adrogu\u00e9 1201, esquina Mac\u00edas); \u201cBeat Van\u201d -indumentaria- (Mitre 1066); \u201cDeseos Tienda Hippie chic\u201d- indumentaria- (Macias 672, Galer\u00eda La Rochelle, local 2).<\/p>\n","protected":false},"excerpt":{"rendered":"<p>Con la iniciativa \u201cAntic\u00edpate\u201d, promovida por la Comuna browniana a trav\u00e9s de la secretaria de Relaciones con la Comunidad, las<\/p>\n","protected":false},"author":1,"featured_media":116626,"comment_status":"closed","ping_status":"closed","sticky":false,"template":"","format":"standard","meta":{"kia_subtitle":"El Municipio de Almirante Brown inform\u00f3 que del viernes 6 al domingo 8 de junio los comercios de Rafael Calzada y Adrogu\u00e9 ofrecer\u00e1n de forma anticipada promociones especiales por el D\u00eda del Padre que este a\u00f1o se celebra el pr\u00f3ximo domingo 15 de junio.","footnotes":"","jetpack_publicize_message":"","jetpack_publicize_feature_enabled":true,"jetpack_social_post_already_shared":true,"jetpack_social_options":{"image_generator_settings":{"template":"highway","default_image_id":0,"font":"","enabled":false},"version":2}},"categories":[2,51,33,251],"tags":[],"class_list":["post-116625","post","type-post","status-publish","format-standard","has-post-thumbnail","hentry","category-alte-brown","category-adrogue","category-alte-brown-alte-brown","category-rafael-calzada"],"jetpack_publicize_connections":[],"jetpack_featured_media_url":"https:\/\/laurbedigital.com.ar\/noticias\/wp-content\/uploads\/2025\/06\/20250604-Brown-Adrogue-peatonal-Anticipe-Dia-del-Padre.jpg","_links":{"self":[{"href":"https:\/\/laurbedigital.com.ar\/noticias\/wp-json\/wp\/v2\/posts\/116625","targetHints":{"allow":["GET"]}}],"collection":[{"href":"https:\/\/laurbedigital.com.ar\/noticias\/wp-json\/wp\/v2\/posts"}],"about":[{"href":"https:\/\/laurbedigital.com.ar\/noticias\/wp-json\/wp\/v2\/types\/post"}],"author":[{"embeddable":true,"href":"https:\/\/laurbedigital.com.ar\/noticias\/wp-json\/wp\/v2\/users\/1"}],"replies":[{"embeddable":true,"href":"https:\/\/laurbedigital.com.ar\/noticias\/wp-json\/wp\/v2\/comments?post=116625"}],"version-history":[{"count":2,"href":"https:\/\/laurbedigital.com.ar\/noticias\/wp-json\/wp\/v2\/posts\/116625\/revisions"}],"predecessor-version":[{"id":116629,"href":"https:\/\/laurbedigital.com.ar\/noticias\/wp-json\/wp\/v2\/posts\/116625\/revisions\/116629"}],"wp:featuredmedia":[{"embeddable":true,"href":"https:\/\/laurbedigital.com.ar\/noticias\/wp-json\/wp\/v2\/media\/116626"}],"wp:attachment":[{"href":"https:\/\/laurbedigital.com.ar\/noticias\/wp-json\/wp\/v2\/media?parent=116625"}],"wp:term":[{"taxonomy":"category","embeddable":true,"href":"https:\/\/laurbedigital.com.ar\/noticias\/wp-json\/wp\/v2\/categories?post=116625"},{"taxonomy":"post_tag","embeddable":true,"href":"https:\/\/laurbedigital.com.ar\/noticias\/wp-json\/wp\/v2\/tags?post=116625"}],"curies":[{"name":"wp","href":"https:\/\/api.w.org\/{rel}","templated":true}]}}