{"id":116607,"date":"2025-06-05T04:10:14","date_gmt":"2025-06-05T07:10:14","guid":{"rendered":"https:\/\/laurbedigital.com.ar\/noticias\/?p=116607"},"modified":"2025-06-05T04:10:14","modified_gmt":"2025-06-05T07:10:14","slug":"makintach","status":"publish","type":"post","link":"https:\/\/laurbedigital.com.ar\/noticias\/2025\/06\/05\/makintach\/","title":{"rendered":"Conte Grand pide juicio pol\u00edtico para la jueza Makintach por el caso Maradona"},"content":{"rendered":"<p data-sourcepos=\"6:1-6:529\">La justicia bonaerense vive horas de alta tensi\u00f3n tras la solicitud de juicio pol\u00edtico presentada por el procurador general de la provincia de Buenos Aires, <strong>Julio Conte Grand<\/strong>, contra la jueza <strong>Julieta Makintach<\/strong>. La magistrada, vocal del Tribunal Oral en lo Criminal N\u00b02 de San Isidro, fue recusada y suspendida de su cargo debido a su presunta implicaci\u00f3n en la producci\u00f3n de \u00ab<strong>Justicia Divina<\/strong>\u00ab, un documental que abord\u00f3 el proceso judicial por la muerte de <strong>Diego Armando Maradona<\/strong>.<\/p>\n<p data-sourcepos=\"8:1-8:582\">La presentaci\u00f3n de <strong>Conte Grand<\/strong> se realiz\u00f3 este mi\u00e9rcoles ante la <strong>Secretar\u00eda Permanente de Enjuiciamiento de Magistrados bonaerense<\/strong>, presidida por <strong>Ulises Gim\u00e9nez<\/strong>. Este representa el sexto planteo formal contra la jueza, quien se encontraba a cargo del medi\u00e1tico juicio que investiga un posible homicidio con dolo eventual en el fallecimiento del exfutbolista, ocurrido el 25 de noviembre de 2020 en Tigre. Fuentes judiciales consultadas por <strong>Noticias Argentinas<\/strong> indicaron que, aunque la jueza a\u00fan no fue notificada, se espera que el aviso llegue en las pr\u00f3ximas horas.<\/p>\n<h3 data-sourcepos=\"12:1-12:50\">Una ola de pedidos y una suspensi\u00f3n preventiva<\/h3>\n<p data-sourcepos=\"14:1-14:162\">El pedido de <strong>Conte Grand<\/strong> se suma a una serie de denuncias ya formalizadas por diversos actores. Entre los que ya solicitaron el juicio pol\u00edtico se encuentran:<\/p>\n<ul data-sourcepos=\"16:1-21:0\">\n<li data-sourcepos=\"16:1-16:90\"><strong>Julio C\u00e9sar Coria<\/strong>, ex custodio de Maradona, quien fue detenido por falso testimonio.<\/li>\n<li data-sourcepos=\"17:1-17:105\">Los diputados de <strong>La Libertad Avanza Agust\u00edn Romo<\/strong>, <strong>Florencia Retamozo<\/strong> y <strong>Fernando Compagnoni<\/strong>.<\/li>\n<li data-sourcepos=\"18:1-18:87\">El abogado <strong>Fernando Burlando<\/strong>, representante de <strong>Dalma<\/strong> y <strong>Gianinna Maradona<\/strong>.<\/li>\n<li data-sourcepos=\"19:1-19:87\">El titular de la <strong>Fundaci\u00f3n por la Paz y el Cambio Clim\u00e1tico<\/strong>, <strong>Fernando Miguez<\/strong>.<\/li>\n<li data-sourcepos=\"20:1-21:0\">El <strong>Colegio de Abogados de San Isidro<\/strong>.<\/li>\n<\/ul>\n<p data-sourcepos=\"22:1-22:501\">Todas estas acusaciones apuntan a un supuesto conflicto de inter\u00e9s por la participaci\u00f3n de la magistrada en el mencionado documental. Aunque a\u00fan no se estren\u00f3, el material ya es se\u00f1alado como un intento de influir tanto en la opini\u00f3n p\u00fablica como en la causa judicial. Como consecuencia de este esc\u00e1ndalo, <strong>Makintach<\/strong> fue suspendida preventivamente por 90 d\u00edas y, adem\u00e1s, qued\u00f3 fuera de la c\u00e1tedra que dictaba en la <strong>Universidad Austral<\/strong>, una medida que resalta la magnitud institucional del caso.<\/p>\n<h3 data-sourcepos=\"26:1-26:58\">Juicio en punto muerto y nuevas estrategias defensivas<\/h3>\n<p data-sourcepos=\"28:1-28:254\">El juicio oral por la muerte de <strong>Maradona<\/strong> fue declarado nulo tras el esc\u00e1ndalo del documental y la recusaci\u00f3n de la jueza, dejando en un punto muerto el proceso que buscaba establecer responsabilidades penales por el fallecimiento del \u00eddolo argentino.<\/p>\n<p data-sourcepos=\"30:1-30:43\">Los principales acusados en esta causa son:<\/p>\n<ul data-sourcepos=\"32:1-39:0\">\n<li data-sourcepos=\"32:1-32:57\"><strong>Leopoldo Luque<\/strong>, neurocirujano personal de Maradona.<\/li>\n<li data-sourcepos=\"33:1-33:36\"><strong>Agustina Cosachov<\/strong>, psiquiatra.<\/li>\n<li data-sourcepos=\"34:1-34:38\"><strong>Pedro Di Spagna<\/strong>, m\u00e9dico cl\u00ednico.<\/li>\n<li data-sourcepos=\"35:1-35:33\"><strong>Ricardo Almir\u00f3n<\/strong>, enfermero.<\/li>\n<li data-sourcepos=\"36:1-36:39\"><strong>Mariano Perroni<\/strong>, jefe de Almir\u00f3n.<\/li>\n<li data-sourcepos=\"37:1-37:51\"><strong>Nancy Forlini<\/strong>, coordinadora de Swiss Medical.<\/li>\n<li data-sourcepos=\"38:1-39:0\"><strong>Carlos D\u00edaz<\/strong>, psic\u00f3logo.<\/li>\n<\/ul>\n<p data-sourcepos=\"40:1-40:135\">La enfermera <strong>Dahiana Madrid<\/strong> ser\u00e1 juzgada bajo la modalidad de jurado popular, lo que a\u00f1ade otra particularidad al ya complejo caso.<\/p>\n<p data-sourcepos=\"42:1-42:442\">En medio de esta par\u00e1lisis judicial, se conoci\u00f3 una novedad clave en el frente defensivo: <strong>Leopoldo Luque<\/strong> design\u00f3 como su nuevo abogado defensor a <strong>Francisco Oneto<\/strong>, quien tambi\u00e9n representa al presidente <strong>Javier Milei<\/strong>. <strong>Oneto<\/strong> se suma a un equipo ya integrado por <strong>Julio Rivas<\/strong>, <strong>Mara Digiuni<\/strong> y <strong>Pablo Ignacio Speranza<\/strong>, lo que sugiere un endurecimiento de la estrategia de defensa de cara a un eventual reinicio del juicio.<\/p>\n<h3 data-sourcepos=\"46:1-46:59\">El futuro de la jueza Makintach y la justicia medi\u00e1tica<\/h3>\n<p data-sourcepos=\"48:1-48:351\">El destino de la jueza <strong>Makintach<\/strong> ser\u00e1 definido por un jurado mixto de diez miembros, seg\u00fan lo establece la ley bonaerense: cinco conjueces de la <strong>Suprema Corte provincial<\/strong> y cinco legisladores con t\u00edtulo de abogado, sin importar su filiaci\u00f3n pol\u00edtica. Hasta el momento, el tribunal que evaluar\u00e1 la situaci\u00f3n de la magistrada a\u00fan no fue sorteado.<\/p>\n<p data-sourcepos=\"50:1-50:400\">La controversia generada por el documental, la presi\u00f3n de diversos sectores pol\u00edticos y la prolongada par\u00e1lisis del juicio m\u00e1s medi\u00e1tico de los \u00faltimos a\u00f1os han colocado a la justicia bonaerense en una situaci\u00f3n inc\u00f3moda. El caso <strong>Maradona<\/strong> sigue demostrando que, en <strong>Argentina<\/strong>, los l\u00edmites entre justicia, medios de comunicaci\u00f3n y pol\u00edtica son, en ocasiones, porosos y funcionales al esc\u00e1ndalo.<\/p>\n","protected":false},"excerpt":{"rendered":"<p>La justicia bonaerense vive horas de alta tensi\u00f3n tras la solicitud de juicio pol\u00edtico presentada por el procurador general de<\/p>\n","protected":false},"author":1,"featured_media":116596,"comment_status":"closed","ping_status":"closed","sticky":false,"template":"","format":"standard","meta":{"kia_subtitle":"El procurador bonaerense, Julio Conte Grand, sum\u00f3 un sexto pedido de juicio pol\u00edtico contra la jueza Julieta Makintach. Apartada del juicio por la muerte de Diego Maradona por su presunta participaci\u00f3n en un documental, la magistrada enfrenta una ola de denuncias que se\u00f1alan conflicto de inter\u00e9s y un posible intento de influir en la causa.","footnotes":"","jetpack_publicize_message":"","jetpack_publicize_feature_enabled":true,"jetpack_social_post_already_shared":true,"jetpack_social_options":{"image_generator_settings":{"template":"highway","default_image_id":0,"font":"","enabled":false},"version":2}},"categories":[8],"tags":[],"class_list":["post-116607","post","type-post","status-publish","format-standard","has-post-thumbnail","hentry","category-policiales"],"jetpack_publicize_connections":[],"jetpack_featured_media_url":"https:\/\/laurbedigital.com.ar\/noticias\/wp-content\/uploads\/2025\/06\/20250605-Makintach.jpg","_links":{"self":[{"href":"https:\/\/laurbedigital.com.ar\/noticias\/wp-json\/wp\/v2\/posts\/116607","targetHints":{"allow":["GET"]}}],"collection":[{"href":"https:\/\/laurbedigital.com.ar\/noticias\/wp-json\/wp\/v2\/posts"}],"about":[{"href":"https:\/\/laurbedigital.com.ar\/noticias\/wp-json\/wp\/v2\/types\/post"}],"author":[{"embeddable":true,"href":"https:\/\/laurbedigital.com.ar\/noticias\/wp-json\/wp\/v2\/users\/1"}],"replies":[{"embeddable":true,"href":"https:\/\/laurbedigital.com.ar\/noticias\/wp-json\/wp\/v2\/comments?post=116607"}],"version-history":[{"count":2,"href":"https:\/\/laurbedigital.com.ar\/noticias\/wp-json\/wp\/v2\/posts\/116607\/revisions"}],"predecessor-version":[{"id":116609,"href":"https:\/\/laurbedigital.com.ar\/noticias\/wp-json\/wp\/v2\/posts\/116607\/revisions\/116609"}],"wp:featuredmedia":[{"embeddable":true,"href":"https:\/\/laurbedigital.com.ar\/noticias\/wp-json\/wp\/v2\/media\/116596"}],"wp:attachment":[{"href":"https:\/\/laurbedigital.com.ar\/noticias\/wp-json\/wp\/v2\/media?parent=116607"}],"wp:term":[{"taxonomy":"category","embeddable":true,"href":"https:\/\/laurbedigital.com.ar\/noticias\/wp-json\/wp\/v2\/categories?post=116607"},{"taxonomy":"post_tag","embeddable":true,"href":"https:\/\/laurbedigital.com.ar\/noticias\/wp-json\/wp\/v2\/tags?post=116607"}],"curies":[{"name":"wp","href":"https:\/\/api.w.org\/{rel}","templated":true}]}}