{"id":116604,"date":"2025-06-05T04:06:00","date_gmt":"2025-06-05T07:06:00","guid":{"rendered":"https:\/\/laurbedigital.com.ar\/noticias\/?p=116604"},"modified":"2025-06-05T04:06:00","modified_gmt":"2025-06-05T07:06:00","slug":"melanoma","status":"publish","type":"post","link":"https:\/\/laurbedigital.com.ar\/noticias\/2025\/06\/05\/melanoma\/","title":{"rendered":"Alerta por Melanoma: proyecciones de un crecimiento superior al 50% en 20 a\u00f1os"},"content":{"rendered":"<p data-sourcepos=\"6:1-6:533\">El melanoma, el tipo de c\u00e1ncer de piel m\u00e1s agresivo, representa una preocupaci\u00f3n creciente a nivel global. Las proyecciones son alarmantes: la <strong>Agencia Internacional de Investigaci\u00f3n sobre el C\u00e1ncer (IARC)<\/strong> estima que la incidencia global de esta enfermedad podr\u00eda crecer m\u00e1s del 50% para 2040, superando los 500.000 casos a nivel mundial. Para entender la magnitud de esta advertencia, <strong>Nota al Pie<\/strong> convers\u00f3 con la <strong>Dra. Gabriela Bugarin<\/strong>, directora m\u00e9dica de oncolog\u00eda en <strong>MSD Argentina<\/strong>.<\/p>\n<p data-sourcepos=\"8:1-8:323\">En di\u00e1logo con nuestro medio, la onc\u00f3loga <strong>Gabriela Bugarin<\/strong> explic\u00f3 que, si bien el melanoma representa apenas el 1% de todos los tumores cut\u00e1neos, es responsable de la mayor\u00eda de las muertes por c\u00e1ncer de piel en el mundo. Esta desproporci\u00f3n subraya su particular agresividad y la necesidad de una atenci\u00f3n prioritaria.<\/p>\n<p data-sourcepos=\"10:1-10:552\">El melanoma se origina en los <strong>melanocitos<\/strong>, las c\u00e9lulas encargadas de producir melanina, el pigmento que da color a la piel. Puede surgir tanto en piel sana como a partir de un lunar preexistente, y manifestarse en cualquier parte del cuerpo, incluso en zonas no directamente expuestas al sol, como las palmas de las manos, plantas de los pies, cuero cabelludo o u\u00f1as. Aunque frecuentemente se presenta como lesiones oscuras, la <strong>Dra. Bugarin<\/strong> advirti\u00f3 que tambi\u00e9n puede tener tonalidades rosadas, blancas o incluso ser amelan\u00f3tico (sin pigmento).<\/p>\n<p data-sourcepos=\"12:1-12:246\">Las cifras para <strong>Argentina<\/strong> son igualmente preocupantes. La <strong>Dra. Bugarin<\/strong> mencion\u00f3 que durante 2024 se registraron 1.600 casos de melanoma en el pa\u00eds. Al respecto, alert\u00f3: \u00abSe proyecta que para el a\u00f1o 2045 esta cifra supere los 2.400 casos\u00bb.<\/p>\n<h3 data-sourcepos=\"16:1-16:80\">Prevenci\u00f3n y detecci\u00f3n temprana: claves frente a la agresividad del melanoma<\/h3>\n<p data-sourcepos=\"18:1-18:400\">A pesar de las sombr\u00edas proyecciones, la doctora transmiti\u00f3 un mensaje esperanzador al asegurar que \u00abhay que tener en cuenta que es un tumor prevenible\u00bb. En este aspecto, resalt\u00f3 que la detecci\u00f3n temprana es crucial para el \u00e9xito del tratamiento. \u00abEs importante el autoexamen e ir al dermat\u00f3logo para los cuidados\u00bb, subray\u00f3, enfatizando el rol activo que cada persona debe asumir en su salud cut\u00e1nea.<\/p>\n<p data-sourcepos=\"20:1-20:264\">Ante la proyecci\u00f3n de la <strong>IARC<\/strong> de un aumento de m\u00e1s del 50% en los casos de melanoma para 2040, la <strong>Dra. Bugarin<\/strong> explic\u00f3 que este crecimiento alarmante se debe fundamentalmente al \u00abimpacto de la radiaci\u00f3n solar de los rayos UV sobre la piel de las personas\u00bb.<\/p>\n<p data-sourcepos=\"22:1-22:377\">Respecto a los desaf\u00edos urgentes que enfrenta el sistema de salud, la especialista destac\u00f3 que, aunque el melanoma es el c\u00e1ncer de piel menos frecuente, \u00abpuede complicarse y causar mayor mortalidad\u00bb. Por ello, el incremento proyectado de casos hace que \u00abla importancia de la prevenci\u00f3n y la detecci\u00f3n precoz desde el punto de vista de la salud de las personas sea fundamental\u00bb.<\/p>\n<h3 data-sourcepos=\"26:1-26:63\">Diferencias con otros c\u00e1nceres de piel y factores de riesgo<\/h3>\n<p data-sourcepos=\"28:1-28:412\">Al ser consultada sobre qu\u00e9 diferencia al melanoma de otros tipos de c\u00e1ncer de piel, la <strong>Dra. Bugarin<\/strong> fue enf\u00e1tica: \u00abLo que lo diferencia es la agresividad\u00bb. A pesar de que existen otros c\u00e1nceres de piel mucho m\u00e1s frecuentes, el melanoma tiene una \u00abmayor posibilidad de generar la muerte en las personas que lo padecen si no es detectado a tiempo y oportunamente se toman las medidas de tratamiento adecuado\u00bb.<\/p>\n<p data-sourcepos=\"30:1-30:549\">Sobre el desarrollo del melanoma incluso en zonas no expuestas al sol, la doctora profundiz\u00f3: \u00abEl melanoma se desarrolla fundamentalmente por la exposici\u00f3n a los rayos UV, A y B que recibimos. El tema de tener o no la piel expuesta no es tan importante como la exposici\u00f3n que recibimos a estos rayos UV\u00bb. No obstante, aclar\u00f3 que \u00abtambi\u00e9n hay que tener en cuenta que existen factores gen\u00e9ticos, antecedentes familiares o algunas alteraciones gen\u00e9ticas que son extra\u00f1as o raras, por decirlo as\u00ed, que pueden tambi\u00e9n facilitar la aparici\u00f3n de melanoma\u00bb.<\/p>\n<p data-sourcepos=\"32:1-32:353\">Los principales factores de riesgo, seg\u00fan la onc\u00f3loga, son la exposici\u00f3n a los rayos UV, con un \u00abmayor impacto\u00bb cuando esta exposici\u00f3n ocurre en la ni\u00f1ez. Tambi\u00e9n influyen \u00abalgunas historias en la familia de personas que tienen melanoma o algunas alteraciones gen\u00e9ticas que pueden hacer que algunas personas tengan mayor riesgo de desarrollar melanoma\u00bb.<\/p>\n<h3 data-sourcepos=\"36:1-36:52\">Prevenci\u00f3n desde edades tempranas: una necesidad<\/h3>\n<p data-sourcepos=\"38:1-38:548\">Para prevenir el melanoma desde edades tempranas, la <strong>Dra. Bugarin<\/strong> recomend\u00f3 \u00abla protecci\u00f3n solar en los horarios pico, sobre todo cuando la radiaci\u00f3n UV es 3 o m\u00e1s de 3 seg\u00fan la recomendaci\u00f3n de la <strong>OMS<\/strong>\u00ab. Hizo especial hincapi\u00e9 en la protecci\u00f3n de los ni\u00f1os peque\u00f1os: \u00abantes del a\u00f1o no es conveniente que vayan a la playa ni est\u00e9n expuestos al sol, y despu\u00e9s del a\u00f1o de vida, tampoco en las horas pico\u00bb. Concluy\u00f3 que \u00abest\u00e1 estudiado que la radiaci\u00f3n solar en la ni\u00f1ez es un factor predisponente a desarrollar c\u00e1nceres en general de la piel\u00bb.<\/p>\n","protected":false},"excerpt":{"rendered":"<p>El melanoma, el tipo de c\u00e1ncer de piel m\u00e1s agresivo, representa una preocupaci\u00f3n creciente a nivel global. Las proyecciones son<\/p>\n","protected":false},"author":1,"featured_media":116597,"comment_status":"closed","ping_status":"closed","sticky":false,"template":"","format":"standard","meta":{"kia_subtitle":"Especialistas advierten sobre un aumento sostenido de este tipo de c\u00e1ncer de piel. La incidencia global podr\u00eda superar el medio mill\u00f3n de casos para 2040, seg\u00fan la IARC. La Dra. Gabriela Bugarin enfatiza la importancia de la prevenci\u00f3n y la detecci\u00f3n temprana, especialmente por la agresividad de este tumor.","footnotes":"","jetpack_publicize_message":"","jetpack_publicize_feature_enabled":true,"jetpack_social_post_already_shared":true,"jetpack_social_options":{"image_generator_settings":{"template":"highway","default_image_id":0,"font":"","enabled":false},"version":2}},"categories":[15,70],"tags":[],"class_list":["post-116604","post","type-post","status-publish","format-standard","has-post-thumbnail","hentry","category-tendencias","category-salud"],"jetpack_publicize_connections":[],"jetpack_featured_media_url":"https:\/\/laurbedigital.com.ar\/noticias\/wp-content\/uploads\/2025\/06\/20250605-Melanoma.jpg","_links":{"self":[{"href":"https:\/\/laurbedigital.com.ar\/noticias\/wp-json\/wp\/v2\/posts\/116604","targetHints":{"allow":["GET"]}}],"collection":[{"href":"https:\/\/laurbedigital.com.ar\/noticias\/wp-json\/wp\/v2\/posts"}],"about":[{"href":"https:\/\/laurbedigital.com.ar\/noticias\/wp-json\/wp\/v2\/types\/post"}],"author":[{"embeddable":true,"href":"https:\/\/laurbedigital.com.ar\/noticias\/wp-json\/wp\/v2\/users\/1"}],"replies":[{"embeddable":true,"href":"https:\/\/laurbedigital.com.ar\/noticias\/wp-json\/wp\/v2\/comments?post=116604"}],"version-history":[{"count":2,"href":"https:\/\/laurbedigital.com.ar\/noticias\/wp-json\/wp\/v2\/posts\/116604\/revisions"}],"predecessor-version":[{"id":116606,"href":"https:\/\/laurbedigital.com.ar\/noticias\/wp-json\/wp\/v2\/posts\/116604\/revisions\/116606"}],"wp:featuredmedia":[{"embeddable":true,"href":"https:\/\/laurbedigital.com.ar\/noticias\/wp-json\/wp\/v2\/media\/116597"}],"wp:attachment":[{"href":"https:\/\/laurbedigital.com.ar\/noticias\/wp-json\/wp\/v2\/media?parent=116604"}],"wp:term":[{"taxonomy":"category","embeddable":true,"href":"https:\/\/laurbedigital.com.ar\/noticias\/wp-json\/wp\/v2\/categories?post=116604"},{"taxonomy":"post_tag","embeddable":true,"href":"https:\/\/laurbedigital.com.ar\/noticias\/wp-json\/wp\/v2\/tags?post=116604"}],"curies":[{"name":"wp","href":"https:\/\/api.w.org\/{rel}","templated":true}]}}