{"id":116591,"date":"2025-06-05T02:26:26","date_gmt":"2025-06-05T05:26:26","guid":{"rendered":"https:\/\/laurbedigital.com.ar\/noticias\/?p=116591"},"modified":"2025-06-05T02:26:26","modified_gmt":"2025-06-05T05:26:26","slug":"dia-mundial-del-medio-ambiente","status":"publish","type":"post","link":"https:\/\/laurbedigital.com.ar\/noticias\/2025\/06\/05\/dia-mundial-del-medio-ambiente\/","title":{"rendered":"D\u00eda Mundial del Medio Ambiente: Una llamada a la acci\u00f3n global"},"content":{"rendered":"<p>El D\u00eda Mundial del Medio Ambiente, celebrado el 5 de junio, es una de las efem\u00e9rides m\u00e1s importantes en el calendario ambiental. Establecido por las Naciones Unidas en 1974, este d\u00eda se dedica a sensibilizar a la poblaci\u00f3n mundial sobre la importancia de cuidar nuestro planeta y tomar medidas concretas para enfrentar los desaf\u00edos ambientales.<\/p>\n<p>Cada a\u00f1o, el D\u00eda Mundial del Medio Ambiente se centra en un tema espec\u00edfico que destaca un \u00e1rea urgente de preocupaci\u00f3n ambiental. En 2024, el lema es \u00abRestaurar. Reimaginar. Recuperar.\u00bb, poniendo \u00e9nfasis en la restauraci\u00f3n de ecosistemas degradados y la necesidad de reimaginar nuestra relaci\u00f3n con la naturaleza. La p\u00e9rdida de biodiversidad, la deforestaci\u00f3n, la contaminaci\u00f3n y el cambio clim\u00e1tico son solo algunos de los problemas que requieren acciones inmediatas y sostenidas.<\/p>\n<p>Este d\u00eda sirve como plataforma global para que gobiernos, organizaciones no gubernamentales, empresas y ciudadanos se unan en actividades de concienciaci\u00f3n y acci\u00f3n. Desde campa\u00f1as de limpieza comunitaria hasta iniciativas de reforestaci\u00f3n y proyectos educativos, el D\u00eda Mundial del Medio Ambiente inspira a millones de personas a participar activamente en la protecci\u00f3n del entorno natural.<\/p>\n<h3><strong>Importancia de la restauraci\u00f3n de ecosistemas<\/strong><\/h3>\n<p>La restauraci\u00f3n de ecosistemas es un aspecto crucial en la lucha contra el cambio clim\u00e1tico y la p\u00e9rdida de biodiversidad. Los ecosistemas saludables, como bosques, humedales y oc\u00e9anos, act\u00faan como sumideros de carbono, ayudan a regular el clima y proporcionan servicios esenciales para la vida humana, incluidos el agua limpia, la polinizaci\u00f3n de cultivos y la protecci\u00f3n contra desastres naturales.<\/p>\n<p>La degradaci\u00f3n de estos ecosistemas ha sido acelerada por actividades humanas como la agricultura no sostenible, la urbanizaci\u00f3n y la sobreexplotaci\u00f3n de recursos naturales. Sin una intervenci\u00f3n significativa, la capacidad de estos ecosistemas para soportar la vida y proporcionar servicios vitales se ver\u00e1 seriamente comprometida.<\/p>\n<h3><strong>Acciones globales y locales<\/strong><\/h3>\n<p>Este D\u00eda Mundial del Medio Ambiente, diversas organizaciones han lanzado iniciativas globales para fomentar la restauraci\u00f3n de ecosistemas. La campa\u00f1a \u00abDecenio de las Naciones Unidas para la Restauraci\u00f3n de Ecosistemas\u00bb es una de las m\u00e1s destacadas, con el objetivo de prevenir, detener y revertir la degradaci\u00f3n de los ecosistemas en todo el mundo.<\/p>\n<p>En el \u00e1mbito local, comunidades y ciudades est\u00e1n adoptando medidas innovadoras para mejorar su entorno. Programas de plantaci\u00f3n de \u00e1rboles, proyectos de agricultura urbana sostenible y esfuerzos de conservaci\u00f3n de agua son solo algunos ejemplos de c\u00f3mo las acciones locales pueden tener un impacto global significativo.<\/p>\n<h3><strong>Participaci\u00f3n ciudadana<\/strong><\/h3>\n<p>La participaci\u00f3n de cada individuo es fundamental para el \u00e9xito de estos esfuerzos. Los ciudadanos pueden contribuir de m\u00faltiples maneras, como reducir el uso de pl\u00e1sticos, optar por medios de transporte sostenibles, apoyar productos y empresas ecol\u00f3gicas, y participar en actividades de voluntariado ambiental.<\/p>\n<p>Educar a las generaciones m\u00e1s j\u00f3venes sobre la importancia del medio ambiente y fomentar h\u00e1bitos sostenibles desde una edad temprana tambi\u00e9n es crucial. Las escuelas y las familias juegan un papel vital en la inculcaci\u00f3n de estos valores y en la preparaci\u00f3n de los futuros custodios de nuestro planeta.<\/p>\n","protected":false},"excerpt":{"rendered":"<p>El D\u00eda Mundial del Medio Ambiente, celebrado el 5 de junio, es una de las efem\u00e9rides m\u00e1s importantes en el<\/p>\n","protected":false},"author":1,"featured_media":77168,"comment_status":"closed","ping_status":"closed","sticky":false,"template":"","format":"standard","meta":{"kia_subtitle":"Cada 5 de junio, el mundo se une para reflexionar y actuar en pro del cuidado del planeta. Este d\u00eda es un recordatorio de la urgencia de proteger nuestro entorno natural para las generaciones futuras.","footnotes":"","jetpack_publicize_message":"","jetpack_publicize_feature_enabled":true,"jetpack_social_post_already_shared":true,"jetpack_social_options":{"image_generator_settings":{"template":"highway","default_image_id":0,"font":"","enabled":false},"version":2}},"categories":[5,2594],"tags":[],"class_list":["post-116591","post","type-post","status-publish","format-standard","has-post-thumbnail","hentry","category-cultura","category-efemerides"],"jetpack_publicize_connections":[],"jetpack_featured_media_url":"https:\/\/laurbedigital.com.ar\/noticias\/wp-content\/uploads\/2022\/06\/20220605-Medio-Ambiente.jpg","_links":{"self":[{"href":"https:\/\/laurbedigital.com.ar\/noticias\/wp-json\/wp\/v2\/posts\/116591","targetHints":{"allow":["GET"]}}],"collection":[{"href":"https:\/\/laurbedigital.com.ar\/noticias\/wp-json\/wp\/v2\/posts"}],"about":[{"href":"https:\/\/laurbedigital.com.ar\/noticias\/wp-json\/wp\/v2\/types\/post"}],"author":[{"embeddable":true,"href":"https:\/\/laurbedigital.com.ar\/noticias\/wp-json\/wp\/v2\/users\/1"}],"replies":[{"embeddable":true,"href":"https:\/\/laurbedigital.com.ar\/noticias\/wp-json\/wp\/v2\/comments?post=116591"}],"version-history":[{"count":1,"href":"https:\/\/laurbedigital.com.ar\/noticias\/wp-json\/wp\/v2\/posts\/116591\/revisions"}],"predecessor-version":[{"id":116593,"href":"https:\/\/laurbedigital.com.ar\/noticias\/wp-json\/wp\/v2\/posts\/116591\/revisions\/116593"}],"wp:featuredmedia":[{"embeddable":true,"href":"https:\/\/laurbedigital.com.ar\/noticias\/wp-json\/wp\/v2\/media\/77168"}],"wp:attachment":[{"href":"https:\/\/laurbedigital.com.ar\/noticias\/wp-json\/wp\/v2\/media?parent=116591"}],"wp:term":[{"taxonomy":"category","embeddable":true,"href":"https:\/\/laurbedigital.com.ar\/noticias\/wp-json\/wp\/v2\/categories?post=116591"},{"taxonomy":"post_tag","embeddable":true,"href":"https:\/\/laurbedigital.com.ar\/noticias\/wp-json\/wp\/v2\/tags?post=116591"}],"curies":[{"name":"wp","href":"https:\/\/api.w.org\/{rel}","templated":true}]}}