{"id":116586,"date":"2025-06-04T19:10:04","date_gmt":"2025-06-04T22:10:04","guid":{"rendered":"https:\/\/laurbedigital.com.ar\/noticias\/?p=116586"},"modified":"2025-06-04T19:10:40","modified_gmt":"2025-06-04T22:10:40","slug":"congregacion-del-verbo-divino","status":"publish","type":"post","link":"https:\/\/laurbedigital.com.ar\/noticias\/2025\/06\/04\/congregacion-del-verbo-divino\/","title":{"rendered":"Emotiva celebraci\u00f3n por el 150 aniversario de la Congregaci\u00f3n del Verbo Divino"},"content":{"rendered":"<p>La jornada se llev\u00f3 adelante en el Colegio Estrada, en Lavalle y Murature, y cont\u00f3 con la presencia del superior provincial ARS del Verbo Divino, Jorge Faliszek; el padre Saju Aruveil y el representante legal del centro educativo anfitri\u00f3n, Patricio Alvelo.<\/p>\n<p>En este marco, durante la actividad se entonaron las estrofas del Himno Nacional Argentino y se hizo una oraci\u00f3n del Jubileo Verbita, al tiempo que Cascallares entreg\u00f3 una placa conmemorativa por la ocasi\u00f3n con la declaraci\u00f3n de Inter\u00e9s Municipal y recorri\u00f3 las instalaciones del colegio para dialogar con sus estudiantes.<\/p>\n<h5><strong><em>\u201cSentimos una enorme alegr\u00eda de acompa\u00f1ar a toda la comunidad del Verbo Divino de Rafael Calzada en la celebraci\u00f3n de sus 150 a\u00f1os, la cual fue y ser\u00e1 un pilar important\u00edsimo para el desarrollo educativo, laboral y social en Almirante Brown\u201d, sostuvo Mariano Cascallares.<\/em><\/strong><\/h5>\n<p><img loading=\"lazy\" decoding=\"async\" class=\"alignnone size-full wp-image-116588\" src=\"https:\/\/laurbedigital.com.ar\/noticias\/wp-content\/uploads\/2025\/06\/20250604-BROWN-Congregacion-del-Verbo-Divino-1.jpg\" alt=\"\" width=\"768\" height=\"428\" title=\"\" srcset=\"https:\/\/laurbedigital.com.ar\/noticias\/wp-content\/uploads\/2025\/06\/20250604-BROWN-Congregacion-del-Verbo-Divino-1.jpg 768w, https:\/\/laurbedigital.com.ar\/noticias\/wp-content\/uploads\/2025\/06\/20250604-BROWN-Congregacion-del-Verbo-Divino-1-300x167.jpg 300w\" sizes=\"auto, (max-width: 768px) 100vw, 768px\" \/><\/p>\n<p>Cabe recordar que la Congregaci\u00f3n fue fundada por San Arnoldo Janssen en la ciudad de Steyl, Holanda en 1875 y en 1889 llegaron los primeros misioneros a nuestro pa\u00eds con la tarea de brindar asistencia espiritual y educaci\u00f3n a los inmigrantes de habla alemana que ya poblaban distintas colonias.<\/p>\n<p>La celebraci\u00f3n de este aniversario representa para la comunidad un hecho muy significativo, ya que desde 1917 se registra la presencia en la \u201cVilla Calzada\u201d de los misioneros Verbitas y en 1920 se coloc\u00f3 la piedra fundacional de la antigua casa de formaci\u00f3n y lugar de descanso, siendo un eslab\u00f3n fundamental en el desarrollo de la localidad.<\/p>\n<p>Por parte del Municipio estuvieron tambi\u00e9n el presidente del Honorable Concejo Deliberante, Nicol\u00e1s Jawtuschenko; el secretario de Educaci\u00f3n, Ciencia y Tecnolog\u00eda, Sergio Pianciola; el concejal, Pablo Repetto, y el delegado Municipal de Rafael Calzada, Claudio Villagra.<\/p>\n","protected":false},"excerpt":{"rendered":"<p>La jornada se llev\u00f3 adelante en el Colegio Estrada, en Lavalle y Murature, y cont\u00f3 con la presencia del superior<\/p>\n","protected":false},"author":1,"featured_media":116587,"comment_status":"closed","ping_status":"closed","sticky":false,"template":"","format":"standard","meta":{"kia_subtitle":"Junto a cientos de estudiantes, el intendente de Almirante Brown, Mariano Cascallares, particip\u00f3 de una emotiva celebraci\u00f3n realizada en la localidad de Rafael Calzada por los 150 a\u00f1os de la fundaci\u00f3n de la Congregaci\u00f3n del Verbo Divino.","footnotes":"","jetpack_publicize_message":"","jetpack_publicize_feature_enabled":true,"jetpack_social_post_already_shared":true,"jetpack_social_options":{"image_generator_settings":{"template":"highway","default_image_id":0,"font":"","enabled":false},"version":2}},"categories":[2,33,251],"tags":[],"class_list":["post-116586","post","type-post","status-publish","format-standard","has-post-thumbnail","hentry","category-alte-brown","category-alte-brown-alte-brown","category-rafael-calzada"],"jetpack_publicize_connections":[],"jetpack_featured_media_url":"https:\/\/laurbedigital.com.ar\/noticias\/wp-content\/uploads\/2025\/06\/20250604-BROWN-Congregacion-del-Verbo-Divino.jpg","_links":{"self":[{"href":"https:\/\/laurbedigital.com.ar\/noticias\/wp-json\/wp\/v2\/posts\/116586","targetHints":{"allow":["GET"]}}],"collection":[{"href":"https:\/\/laurbedigital.com.ar\/noticias\/wp-json\/wp\/v2\/posts"}],"about":[{"href":"https:\/\/laurbedigital.com.ar\/noticias\/wp-json\/wp\/v2\/types\/post"}],"author":[{"embeddable":true,"href":"https:\/\/laurbedigital.com.ar\/noticias\/wp-json\/wp\/v2\/users\/1"}],"replies":[{"embeddable":true,"href":"https:\/\/laurbedigital.com.ar\/noticias\/wp-json\/wp\/v2\/comments?post=116586"}],"version-history":[{"count":2,"href":"https:\/\/laurbedigital.com.ar\/noticias\/wp-json\/wp\/v2\/posts\/116586\/revisions"}],"predecessor-version":[{"id":116590,"href":"https:\/\/laurbedigital.com.ar\/noticias\/wp-json\/wp\/v2\/posts\/116586\/revisions\/116590"}],"wp:featuredmedia":[{"embeddable":true,"href":"https:\/\/laurbedigital.com.ar\/noticias\/wp-json\/wp\/v2\/media\/116587"}],"wp:attachment":[{"href":"https:\/\/laurbedigital.com.ar\/noticias\/wp-json\/wp\/v2\/media?parent=116586"}],"wp:term":[{"taxonomy":"category","embeddable":true,"href":"https:\/\/laurbedigital.com.ar\/noticias\/wp-json\/wp\/v2\/categories?post=116586"},{"taxonomy":"post_tag","embeddable":true,"href":"https:\/\/laurbedigital.com.ar\/noticias\/wp-json\/wp\/v2\/tags?post=116586"}],"curies":[{"name":"wp","href":"https:\/\/api.w.org\/{rel}","templated":true}]}}