{"id":116578,"date":"2025-06-04T01:45:56","date_gmt":"2025-06-04T04:45:56","guid":{"rendered":"https:\/\/laurbedigital.com.ar\/noticias\/?p=116578"},"modified":"2025-06-04T01:45:56","modified_gmt":"2025-06-04T04:45:56","slug":"dia-internacional-de-los-ninos-victimas-inocentes-de-agresion-un-llamado-a-la-proteccion-y-la-justicia-2","status":"publish","type":"post","link":"https:\/\/laurbedigital.com.ar\/noticias\/2025\/06\/04\/dia-internacional-de-los-ninos-victimas-inocentes-de-agresion-un-llamado-a-la-proteccion-y-la-justicia-2\/","title":{"rendered":"D\u00eda Internacional de los Ni\u00f1os V\u00edctimas Inocentes de Agresi\u00f3n: Un llamado a la protecci\u00f3n y la justicia"},"content":{"rendered":"<h4><strong>Un d\u00eda para recordar y actuar<\/strong><\/h4>\n<p>Cada a\u00f1o, el 4 de junio, el mundo observa el D\u00eda Internacional de los Ni\u00f1os V\u00edctimas Inocentes de Agresi\u00f3n. Este d\u00eda, establecido por la Asamblea General de las Naciones Unidas en 1982, se dedica a reconocer el sufrimiento de los ni\u00f1os que son v\u00edctimas de abusos f\u00edsicos, mentales y emocionales en todo el mundo. La conmemoraci\u00f3n de este d\u00eda busca no solo honrar a las v\u00edctimas, sino tambi\u00e9n movilizar esfuerzos globales para prevenir y erradicar todas las formas de violencia contra los ni\u00f1os.<\/p>\n<h3><strong>El impacto devastador de la violencia en los ni\u00f1os<\/strong><\/h3>\n<p><strong>La magnitud del problema<\/strong><\/p>\n<p>La violencia contra los ni\u00f1os es una realidad sombr\u00eda que afecta a millones de menores en todo el mundo. Seg\u00fan datos de UNICEF, cada a\u00f1o se reportan miles de casos de abuso y explotaci\u00f3n infantil. Estos actos de violencia tienen consecuencias devastadoras y duraderas en el desarrollo f\u00edsico, emocional y psicol\u00f3gico de los ni\u00f1os, afectando su capacidad para llevar una vida plena y productiva.<\/p>\n<p><strong>Tipos de agresi\u00f3n y sus efectos<\/strong><\/p>\n<p>Los ni\u00f1os pueden ser v\u00edctimas de diversas formas de agresi\u00f3n, incluyendo abusos f\u00edsicos, sexuales, emocionales y negligencia. Cada una de estas formas de violencia tiene efectos profundos y duraderos. El abuso f\u00edsico puede resultar en lesiones graves o permanentes, mientras que el abuso emocional puede da\u00f1ar la autoestima y el desarrollo emocional del ni\u00f1o. El abuso sexual, adem\u00e1s de causar traumas f\u00edsicos, puede llevar a graves problemas psicol\u00f3gicos y emocionales que perduran en la vida adulta.<\/p>\n<h4><strong>El rol de la comunidad internacional<\/strong><\/h4>\n<p>La conmemoraci\u00f3n del D\u00eda Internacional de los Ni\u00f1os V\u00edctimas Inocentes de Agresi\u00f3n subraya la responsabilidad de la comunidad internacional en la protecci\u00f3n de los derechos de los ni\u00f1os. Organizaciones como las Naciones Unidas, UNICEF y numerosas ONG trabajan incansablemente para crear conciencia, implementar pol\u00edticas y programas de protecci\u00f3n infantil, y brindar apoyo a las v\u00edctimas.<\/p>\n<h3><strong>Un llamado a la acci\u00f3n<\/strong><\/h3>\n<p><strong>Medidas para la prevenci\u00f3n y protecci\u00f3n<\/strong><\/p>\n<p>Para abordar eficazmente la violencia contra los ni\u00f1os, es crucial adoptar un enfoque integral que incluya pol\u00edticas s\u00f3lidas, programas educativos y sistemas de apoyo. Los gobiernos deben promulgar y hacer cumplir leyes estrictas contra el abuso infantil, mientras que las comunidades y las familias deben estar equipadas con las herramientas y conocimientos necesarios para prevenir y detectar signos de violencia.<\/p>\n<p><strong>El papel de la educaci\u00f3n<\/strong><\/p>\n<p>La educaci\u00f3n es una herramienta poderosa en la prevenci\u00f3n de la violencia infantil. Programas educativos que ense\u00f1an a los ni\u00f1os sobre sus derechos, y que proporcionan formaci\u00f3n a padres y educadores sobre pr\u00e1cticas de crianza positivas y no violentas, son fundamentales para crear un entorno seguro y protector.<\/p>\n<p><strong>Apoyo a las v\u00edctimas<\/strong><\/p>\n<p>Es vital proporcionar apoyo integral a los ni\u00f1os que han sido v\u00edctimas de agresi\u00f3n. Esto incluye atenci\u00f3n m\u00e9dica, apoyo psicol\u00f3gico y servicios de rehabilitaci\u00f3n. Las v\u00edctimas necesitan un entorno seguro donde puedan sanar y recuperar su confianza y autoestima.<\/p>\n<h4><strong>Un Futuro Mejor para los Ni\u00f1os<\/strong><\/h4>\n<p>El D\u00eda Internacional de los Ni\u00f1os V\u00edctimas Inocentes de Agresi\u00f3n nos recuerda la urgencia de proteger a los m\u00e1s vulnerables de la sociedad. Al unirnos en la lucha contra la violencia infantil, podemos garantizar que los ni\u00f1os, en todas partes, crezcan en un entorno seguro y amoroso, libre de miedo y violencia. Este d\u00eda es un llamado a la acci\u00f3n, a la reflexi\u00f3n y, sobre todo, a la esperanza de un futuro donde todos los ni\u00f1os puedan vivir con dignidad y respeto.<\/p>\n","protected":false},"excerpt":{"rendered":"<p>Un d\u00eda para recordar y actuar Cada a\u00f1o, el 4 de junio, el mundo observa el D\u00eda Internacional de los<\/p>\n","protected":false},"author":1,"featured_media":105636,"comment_status":"closed","ping_status":"closed","sticky":false,"template":"","format":"standard","meta":{"kia_subtitle":"El 4 de junio se conmemora el D\u00eda Internacional de los Ni\u00f1os V\u00edctimas Inocentes de Agresi\u00f3n, una fecha que resalta la urgente necesidad de proteger a los ni\u00f1os de la violencia y garantizar su bienestar.","footnotes":"","jetpack_publicize_message":"","jetpack_publicize_feature_enabled":true,"jetpack_social_post_already_shared":true,"jetpack_social_options":{"image_generator_settings":{"template":"highway","default_image_id":0,"font":"","enabled":false},"version":2}},"categories":[5,2594],"tags":[],"class_list":["post-116578","post","type-post","status-publish","format-standard","has-post-thumbnail","hentry","category-cultura","category-efemerides"],"jetpack_publicize_connections":[],"jetpack_featured_media_url":"https:\/\/laurbedigital.com.ar\/noticias\/wp-content\/uploads\/2024\/06\/20240604-Ninos-Victimas.jpg","_links":{"self":[{"href":"https:\/\/laurbedigital.com.ar\/noticias\/wp-json\/wp\/v2\/posts\/116578","targetHints":{"allow":["GET"]}}],"collection":[{"href":"https:\/\/laurbedigital.com.ar\/noticias\/wp-json\/wp\/v2\/posts"}],"about":[{"href":"https:\/\/laurbedigital.com.ar\/noticias\/wp-json\/wp\/v2\/types\/post"}],"author":[{"embeddable":true,"href":"https:\/\/laurbedigital.com.ar\/noticias\/wp-json\/wp\/v2\/users\/1"}],"replies":[{"embeddable":true,"href":"https:\/\/laurbedigital.com.ar\/noticias\/wp-json\/wp\/v2\/comments?post=116578"}],"version-history":[{"count":1,"href":"https:\/\/laurbedigital.com.ar\/noticias\/wp-json\/wp\/v2\/posts\/116578\/revisions"}],"predecessor-version":[{"id":116579,"href":"https:\/\/laurbedigital.com.ar\/noticias\/wp-json\/wp\/v2\/posts\/116578\/revisions\/116579"}],"wp:featuredmedia":[{"embeddable":true,"href":"https:\/\/laurbedigital.com.ar\/noticias\/wp-json\/wp\/v2\/media\/105636"}],"wp:attachment":[{"href":"https:\/\/laurbedigital.com.ar\/noticias\/wp-json\/wp\/v2\/media?parent=116578"}],"wp:term":[{"taxonomy":"category","embeddable":true,"href":"https:\/\/laurbedigital.com.ar\/noticias\/wp-json\/wp\/v2\/categories?post=116578"},{"taxonomy":"post_tag","embeddable":true,"href":"https:\/\/laurbedigital.com.ar\/noticias\/wp-json\/wp\/v2\/tags?post=116578"}],"curies":[{"name":"wp","href":"https:\/\/api.w.org\/{rel}","templated":true}]}}