{"id":116576,"date":"2025-06-04T01:43:15","date_gmt":"2025-06-04T04:43:15","guid":{"rendered":"https:\/\/laurbedigital.com.ar\/noticias\/?p=116576"},"modified":"2025-06-04T01:43:15","modified_gmt":"2025-06-04T04:43:15","slug":"sara-la-mujer-en-las-sombras-el-nuevo-drama-criminal-italiano-de-netflix-que-promete-misterio-y-un-pasado-oculto","status":"publish","type":"post","link":"https:\/\/laurbedigital.com.ar\/noticias\/2025\/06\/04\/sara-la-mujer-en-las-sombras-el-nuevo-drama-criminal-italiano-de-netflix-que-promete-misterio-y-un-pasado-oculto\/","title":{"rendered":"\u00abSara, la mujer en las sombras\u00bb: el nuevo drama criminal italiano de Netflix que promete misterio y un pasado oculto"},"content":{"rendered":"<p data-sourcepos=\"5:1-5:316\">La plataforma de <em>streaming<\/em> renueva su oferta con \u00abSara, la mujer en las sombras\u00bb, una propuesta que promete mantener a los espectadores al borde de sus asientos. Esta serie italiana, que se enmarca dentro del g\u00e9nero del drama criminal y el misterio, ya est\u00e1 disponible para el p\u00fablico desde este martes 3 de junio.<\/p>\n<h3 data-sourcepos=\"9:1-9:47\">De qu\u00e9 trata \u00abSara, la mujer en las sombras\u00bb<\/h3>\n<p data-sourcepos=\"11:1-11:366\">La trama central de \u00abSara, la mujer en las sombras\u00bb gira en torno a Sara, una mujer que, en apariencia, lleva una vida tranquila como contadora en un sal\u00f3n de bodas en los suburbios. Sin embargo, esta fachada de normalidad esconde un pasado doloroso y traum\u00e1tico que la ha llevado a vivir de forma discreta, buscando mantenerse alejada de cualquier tipo de atenci\u00f3n.<\/p>\n<p data-sourcepos=\"13:1-13:351\">El verdadero conflicto se desata cuando un caso de una adolescente desaparecida reabre sus viejas heridas y saca a la luz secretos que Sara cre\u00eda haber enterrado para siempre. A medida que se involucra en la investigaci\u00f3n, se ve arrastrada nuevamente a un mundo que intent\u00f3 dejar atr\u00e1s, un universo plagado de peligros, corrupci\u00f3n y verdades a medias.<\/p>\n<p data-sourcepos=\"15:1-15:592\">\u00abSara, la mujer en las sombras\u00bb es un drama criminal que explora temas profundos como la identidad oculta, la b\u00fasqueda de justicia, la redenci\u00f3n personal y las complejidades de las relaciones familiares. La serie sumerge al espectador en los oscuros rincones del pasado de Sara, mientras ella lucha por proteger a sus seres queridos y desentra\u00f1ar la verdad detr\u00e1s de las desapariciones y los cr\u00edmenes que la rodean. Es, en esencia, una historia sobre c\u00f3mo el pasado siempre encuentra la manera de volver y las consecuencias que esto trae a la vida de una mujer que solo anhelaba vivir en paz.<\/p>\n<h3 data-sourcepos=\"19:1-19:39\">Protagonistas y equipo de producci\u00f3n<\/h3>\n<p data-sourcepos=\"21:1-21:71\">El elenco principal de la serie est\u00e1 conformado por destacados actores:<\/p>\n<ul data-sourcepos=\"23:1-31:0\">\n<li data-sourcepos=\"23:1-23:34\"><strong>Teresa Saponangelo<\/strong> como Sara<\/li>\n<li data-sourcepos=\"24:1-24:38\"><strong>Carmine Recano<\/strong> como Massimiliano<\/li>\n<li data-sourcepos=\"25:1-25:31\"><strong>Chiara Celotto<\/strong> como Viola<\/li>\n<li data-sourcepos=\"26:1-26:34\"><strong>Antonio Gerardi<\/strong> como Tarallo<\/li>\n<li data-sourcepos=\"27:1-27:32\"><strong>Claudia Gerini<\/strong> como Teresa<\/li>\n<li data-sourcepos=\"28:1-28:39\"><strong>Giacomo Giorgio<\/strong> como Ciro Musella<\/li>\n<li data-sourcepos=\"29:1-29:22\"><strong>Ivan Castiglione<\/strong><\/li>\n<li data-sourcepos=\"30:1-31:0\"><strong>Flavio Furno<\/strong><\/li>\n<\/ul>\n<p data-sourcepos=\"32:1-32:146\">La direcci\u00f3n de la serie estuvo a cargo de Carmine Elia, y los guiones fueron escritos por Mario Cristiani, Donatella Diamanti y Giovanni Galassi.<\/p>\n","protected":false},"excerpt":{"rendered":"<p>La plataforma de streaming renueva su oferta con \u00abSara, la mujer en las sombras\u00bb, una propuesta que promete mantener a<\/p>\n","protected":false},"author":1,"featured_media":116562,"comment_status":"closed","ping_status":"closed","sticky":false,"template":"","format":"standard","meta":{"kia_subtitle":"Netflix suma a su cat\u00e1logo \"Sara, la mujer en las sombras\", una producci\u00f3n italiana de drama criminal y misterio que se estren\u00f3 este martes 3 de junio. Basada en una novela, la serie sigue a Sara, una contadora con un pasado traum\u00e1tico que se ve obligada a enfrentar viejos secretos cuando la desaparici\u00f3n de una adolescente reabre heridas y la arrastra a un peligroso mundo de verdades ocultas.","footnotes":"","jetpack_publicize_message":"","jetpack_publicize_feature_enabled":true,"jetpack_social_post_already_shared":true,"jetpack_social_options":{"image_generator_settings":{"template":"highway","default_image_id":0,"font":"","enabled":false},"version":2}},"categories":[2600,68],"tags":[],"class_list":["post-116576","post","type-post","status-publish","format-standard","has-post-thumbnail","hentry","category-espectaculo","category-cine-y-series"],"jetpack_publicize_connections":[],"jetpack_featured_media_url":"https:\/\/laurbedigital.com.ar\/noticias\/wp-content\/uploads\/2025\/06\/20250604-Sar-la-mujer-en-las-sombras.jpg","_links":{"self":[{"href":"https:\/\/laurbedigital.com.ar\/noticias\/wp-json\/wp\/v2\/posts\/116576","targetHints":{"allow":["GET"]}}],"collection":[{"href":"https:\/\/laurbedigital.com.ar\/noticias\/wp-json\/wp\/v2\/posts"}],"about":[{"href":"https:\/\/laurbedigital.com.ar\/noticias\/wp-json\/wp\/v2\/types\/post"}],"author":[{"embeddable":true,"href":"https:\/\/laurbedigital.com.ar\/noticias\/wp-json\/wp\/v2\/users\/1"}],"replies":[{"embeddable":true,"href":"https:\/\/laurbedigital.com.ar\/noticias\/wp-json\/wp\/v2\/comments?post=116576"}],"version-history":[{"count":1,"href":"https:\/\/laurbedigital.com.ar\/noticias\/wp-json\/wp\/v2\/posts\/116576\/revisions"}],"predecessor-version":[{"id":116577,"href":"https:\/\/laurbedigital.com.ar\/noticias\/wp-json\/wp\/v2\/posts\/116576\/revisions\/116577"}],"wp:featuredmedia":[{"embeddable":true,"href":"https:\/\/laurbedigital.com.ar\/noticias\/wp-json\/wp\/v2\/media\/116562"}],"wp:attachment":[{"href":"https:\/\/laurbedigital.com.ar\/noticias\/wp-json\/wp\/v2\/media?parent=116576"}],"wp:term":[{"taxonomy":"category","embeddable":true,"href":"https:\/\/laurbedigital.com.ar\/noticias\/wp-json\/wp\/v2\/categories?post=116576"},{"taxonomy":"post_tag","embeddable":true,"href":"https:\/\/laurbedigital.com.ar\/noticias\/wp-json\/wp\/v2\/tags?post=116576"}],"curies":[{"name":"wp","href":"https:\/\/api.w.org\/{rel}","templated":true}]}}