{"id":116569,"date":"2025-06-04T01:33:27","date_gmt":"2025-06-04T04:33:27","guid":{"rendered":"https:\/\/laurbedigital.com.ar\/noticias\/?p=116569"},"modified":"2025-06-04T01:33:27","modified_gmt":"2025-06-04T04:33:27","slug":"a-10-anos-de-ni-una-menos","status":"publish","type":"post","link":"https:\/\/laurbedigital.com.ar\/noticias\/2025\/06\/04\/a-10-anos-de-ni-una-menos\/","title":{"rendered":"A 10 a\u00f1os de Ni Una Menos: Femicidios, un flagelo que no cede y se agrava con el ajuste estatal"},"content":{"rendered":"<p data-sourcepos=\"5:1-5:390\">Se cumplen 10 a\u00f1os de la primera movilizaci\u00f3n de Ni Una Menos, un hito que marc\u00f3 un antes y un despu\u00e9s en la lucha contra la violencia machista en Argentina. Sin embargo, una d\u00e9cada despu\u00e9s, la realidad es estremecedora: desde 2015 hasta hoy, se han registrado al menos 2.590 femicidios, femicidios vinculados y trans\/travesticidios, lo que equivale a un caso cada 33 horas.<\/p>\n<p data-sourcepos=\"7:1-7:367\">Estos datos provienen del Observatorio \u00abMujeres, Disidencias y Derechos\u00bb de la organizaci\u00f3n MuMaL\u00e1 (Mujeres de la Matria Latinoamericana), que realiza un seguimiento sistem\u00e1tico de los casos a trav\u00e9s de medios, portales judiciales y trabajo territorial. Seg\u00fan su relevamiento, el promedio anual de femicidios oscila entre 250 y 270, alcanzando un pico de 304 en 2017.<\/p>\n<h3 data-sourcepos=\"11:1-11:64\">Tentativas de femicidio: la violencia que se expresa a diario<\/h3>\n<p data-sourcepos=\"13:1-13:277\">Adem\u00e1s de los femicidios consumados, la cifra de intentos de femicidio es particularmente alarmante. \u00abPor cada femicidio, hay al menos dos tentativas. Esa es la violencia que se expresa cotidianamente y de la peor de las formas\u201d, remarc\u00f3 Victoria Aguirre, presidenta de MuMaL\u00e1.<\/p>\n<p data-sourcepos=\"15:1-15:234\">Solo en los \u00faltimos cinco a\u00f1os se registraron 2.647 intentos de femicidio. Para las organizaciones, este dato refleja la profundidad del problema: muchas mujeres sobreviven, pero quedan con secuelas f\u00edsicas y emocionales irreparables.<\/p>\n<h3 data-sourcepos=\"19:1-19:47\">Las cifras de 2025 y el mapa de la violencia<\/h3>\n<p data-sourcepos=\"21:1-21:461\">En lo que va del a\u00f1o 2025, ya se contabilizaron 95 femicidios en Argentina. La provincia de Buenos Aires encabeza el listado con 44 casos, seguida por Santa Fe con 8, C\u00f3rdoba y Mendoza con 6 cada una, y Chaco con 5. Desde MuMaL\u00e1 advierten que, aunque los n\u00fameros m\u00e1s altos se concentran en distritos con mayor poblaci\u00f3n, la vulnerabilidad se acent\u00faa en regiones con menor densidad, donde el acceso a servicios de protecci\u00f3n y justicia es limitado o inexistente.<\/p>\n<h3 data-sourcepos=\"33:1-33:64\">Sin ministerio, sin presupuesto y con discursos negacionistas<\/h3>\n<p data-sourcepos=\"35:1-35:248\">Amnist\u00eda Internacional Argentina ha sido contundente al respecto: \u00abEs la primera vez en casi 40 a\u00f1os que la Argentina carece de un organismo con competencias espec\u00edficas para la atenci\u00f3n y prevenci\u00f3n de la violencia de g\u00e9nero\u201d, advirti\u00f3 la entidad.<\/p>\n<p data-sourcepos=\"37:1-37:596\">Las organizaciones denuncian el desfinanciamiento del programa Acompa\u00f1ar, la desaparici\u00f3n del Ministerio de las Mujeres, G\u00e9neros y Diversidad, y la transformaci\u00f3n de la L\u00ednea 144 en un servicio gen\u00e9rico. Mariela Belski, directora ejecutiva de Amnist\u00eda Internacional Argentina, afirm\u00f3: \u201cSe han logrado avances hist\u00f3ricos, pero tambi\u00e9n enfrentamos retrocesos alarmantes. En un contexto de discursos negacionistas y desmantelamiento de pol\u00edticas p\u00fablicas, necesitamos la misma fuerza colectiva para defender lo logrado y exigir al Estado que garantice a mujeres y ni\u00f1as una vida libre de violencia\u201d.<\/p>\n<p data-sourcepos=\"39:1-39:533\">El pedido de la Conferencia Episcopal Argentina al Senado de la Naci\u00f3n, en febrero de este a\u00f1o, para que avance con el tratamiento de la ley que limita la publicidad de juegos de azar online, subraya la urgencia de intervenir frente al impacto de la ludopat\u00eda en adolescentes, otro flagelo que escala r\u00e1pidamente y de manera silenciosa, afectando a la infancia y a la juventud. La conmemoraci\u00f3n de Ni Una Menos este 3 de junio es un recordatorio de que la lucha por una vida libre de violencias sigue siendo una prioridad ineludible.<\/p>\n","protected":false},"excerpt":{"rendered":"<p>Se cumplen 10 a\u00f1os de la primera movilizaci\u00f3n de Ni Una Menos, un hito que marc\u00f3 un antes y un<\/p>\n","protected":false},"author":1,"featured_media":116561,"comment_status":"closed","ping_status":"closed","sticky":false,"template":"","format":"standard","meta":{"kia_subtitle":"A una d\u00e9cada de su hist\u00f3rica primera marcha, Ni Una Menos vuelve a las calles de Argentina con cifras alarmantes: se registra un femicidio cada 33 horas, con 95 casos en lo que va de 2025. Las movilizaciones en todo el pa\u00eds, que en la Ciudad de Buenos Aires coinciden con otros reclamos, alzar\u00e1n la voz contra el desmantelamiento de pol\u00edticas de g\u00e9nero y los discursos negacionistas del actual gobierno.","footnotes":"","jetpack_publicize_message":"","jetpack_publicize_feature_enabled":true,"jetpack_social_post_already_shared":true,"jetpack_social_options":{"image_generator_settings":{"template":"highway","default_image_id":0,"font":"","enabled":false},"version":2}},"categories":[3,41],"tags":[],"class_list":["post-116569","post","type-post","status-publish","format-standard","has-post-thumbnail","hentry","category-actualidad","category-nacionales"],"jetpack_publicize_connections":[],"jetpack_featured_media_url":"https:\/\/laurbedigital.com.ar\/noticias\/wp-content\/uploads\/2025\/06\/20250604-Ni-Una-Menos.jpg","_links":{"self":[{"href":"https:\/\/laurbedigital.com.ar\/noticias\/wp-json\/wp\/v2\/posts\/116569","targetHints":{"allow":["GET"]}}],"collection":[{"href":"https:\/\/laurbedigital.com.ar\/noticias\/wp-json\/wp\/v2\/posts"}],"about":[{"href":"https:\/\/laurbedigital.com.ar\/noticias\/wp-json\/wp\/v2\/types\/post"}],"author":[{"embeddable":true,"href":"https:\/\/laurbedigital.com.ar\/noticias\/wp-json\/wp\/v2\/users\/1"}],"replies":[{"embeddable":true,"href":"https:\/\/laurbedigital.com.ar\/noticias\/wp-json\/wp\/v2\/comments?post=116569"}],"version-history":[{"count":1,"href":"https:\/\/laurbedigital.com.ar\/noticias\/wp-json\/wp\/v2\/posts\/116569\/revisions"}],"predecessor-version":[{"id":116570,"href":"https:\/\/laurbedigital.com.ar\/noticias\/wp-json\/wp\/v2\/posts\/116569\/revisions\/116570"}],"wp:featuredmedia":[{"embeddable":true,"href":"https:\/\/laurbedigital.com.ar\/noticias\/wp-json\/wp\/v2\/media\/116561"}],"wp:attachment":[{"href":"https:\/\/laurbedigital.com.ar\/noticias\/wp-json\/wp\/v2\/media?parent=116569"}],"wp:term":[{"taxonomy":"category","embeddable":true,"href":"https:\/\/laurbedigital.com.ar\/noticias\/wp-json\/wp\/v2\/categories?post=116569"},{"taxonomy":"post_tag","embeddable":true,"href":"https:\/\/laurbedigital.com.ar\/noticias\/wp-json\/wp\/v2\/tags?post=116569"}],"curies":[{"name":"wp","href":"https:\/\/api.w.org\/{rel}","templated":true}]}}