{"id":116555,"date":"2025-06-04T01:24:42","date_gmt":"2025-06-04T04:24:42","guid":{"rendered":"https:\/\/laurbedigital.com.ar\/noticias\/?p=116555"},"modified":"2025-06-04T01:24:42","modified_gmt":"2025-06-04T04:24:42","slug":"recesion-cierres-de-empresas-aceleran-la-crisis-laboral-en-argentina","status":"publish","type":"post","link":"https:\/\/laurbedigital.com.ar\/noticias\/2025\/06\/04\/recesion-cierres-de-empresas-aceleran-la-crisis-laboral-en-argentina\/","title":{"rendered":"Recesi\u00f3n: Cierres de empresas aceleran la crisis laboral en Argentina"},"content":{"rendered":"<p data-sourcepos=\"7:1-7:485\">La econom\u00eda argentina transita un per\u00edodo de profunda recesi\u00f3n que se manifiesta en el cierre de plantas productivas y la consecuente p\u00e9rdida de puestos de trabajo. Este escenario, que genera una creciente preocupaci\u00f3n social, pone en jaque la estabilidad laboral de miles de familias. Los ejemplos recientes de la metal\u00fargica <strong>Futura<\/strong> en Gualeguaych\u00fa y la l\u00e1ctea <strong>Ver\u00f3nica<\/strong> en Santa Fe son una clara muestra de la magnitud de la crisis que atraviesa el sector productivo del pa\u00eds.<\/p>\n<h2 data-sourcepos=\"11:1-11:78\">La crisis de L\u00e1cteos Ver\u00f3nica: un futuro incierto para cientos de empleados<\/h2>\n<p data-sourcepos=\"13:1-13:511\">La situaci\u00f3n en L\u00e1cteos Ver\u00f3nica es cr\u00edtica y sume en la desesperaci\u00f3n a sus 700 trabajadores. Las tres plantas de la firma, ubicadas en Clason, Lehmann y Suardi, en la provincia de Santa Fe, se encuentran paralizadas. Sin producci\u00f3n ni ventas, la empresa adeuda salarios de abril, de los cuales los empleados han recibido solo un 54% en cuotas m\u00ednimas. Esta dilaci\u00f3n en los pagos ha llevado a intensas protestas laborales, con los trabajadores exigiendo soluciones concretas y el pago de sus haberes adeudados.<\/p>\n<p data-sourcepos=\"15:1-15:452\">Aunque la patronal ha sugerido un posible complemento de los sueldos de abril entre el 2 y el 11 de junio, la incertidumbre persiste sobre el pago de mayo y el medio aguinaldo. Esta falta de certezas no solo afecta directamente a los empleados, sino que tambi\u00e9n erosiona la confianza de los tamberos, proveedores esenciales de la compa\u00f1\u00eda. La p\u00e9rdida notoria de litros de leche se traduce en una producci\u00f3n casi nula, lo que agrava a\u00fan m\u00e1s el panorama.<\/p>\n<p data-sourcepos=\"17:1-17:322\">Lo m\u00e1s preocupante es la ausencia de un plan claro de reestructuraci\u00f3n por parte de la empresa. No se han planteado cierres definitivos de plantas, venta de activos o b\u00fasqueda de financiamiento, lo que alimenta la incertidumbre sobre el futuro de la compa\u00f1\u00eda y, por ende, de sus trabajadores y la cadena de valor asociada.<\/p>\n<h2 data-sourcepos=\"21:1-21:78\">El cierre de Futura: un golpe para la industria metal\u00fargica de Gualeguaych\u00fa<\/h2>\n<p data-sourcepos=\"23:1-23:383\">En paralelo, la metal\u00fargica Futura, un referente industrial en el Parque Industrial de Gualeguaych\u00fa, comunic\u00f3 a sus 22 empleados el cierre definitivo de sus operaciones. La empresa, que desde 1974 prove\u00eda soluciones metal\u00fargicas de alta calidad, adujo la falta de ventas y la p\u00e9rdida de competitividad con los mercados externos como los principales motivos de su cese de actividades.<\/p>\n<p data-sourcepos=\"25:1-25:332\">La firma ofreci\u00f3 a sus trabajadores dos opciones de retiro voluntario que implican un pago parcial de las indemnizaciones. En caso de no aceptar estas propuestas, los empleados se ver\u00e1n en la necesidad de iniciar acciones legales para reclamar la totalidad de lo adeudado, un escenario que se repite en diversas industrias del pa\u00eds.<\/p>\n<p data-sourcepos=\"27:1-27:297\">El cierre de Futura representa un duro golpe para la regi\u00f3n y para la historia industrial de Gualeguaych\u00fa. A fines de mayo, la empresa ya hab\u00eda despedido a once empleados en un intento por reducir costos y mantenerse a flote, pero la desfavorable coyuntura econ\u00f3mica termin\u00f3 por sellar su destino.<\/p>\n<h2 data-sourcepos=\"31:1-31:53\">El contexto de la crisis l\u00e1ctea y el efecto domin\u00f3<\/h2>\n<p data-sourcepos=\"33:1-33:449\">La crisis en el sector l\u00e1cteo no es un fen\u00f3meno reciente para L\u00e1cteos Ver\u00f3nica. La empresa arrastra problemas desde 2017. Si bien durante la pandemia logr\u00f3 un repunte, alcanzando a procesar un mill\u00f3n de litros diarios y poni\u00e9ndose al d\u00eda con los sueldos, esta recuperaci\u00f3n fue ef\u00edmera. Actualmente, solo la planta de Suardi opera bajo la modalidad de fas\u00f3n, produciendo leche y suero en polvo, con vol\u00famenes muy por debajo de su capacidad hist\u00f3rica.<\/p>\n<p data-sourcepos=\"35:1-35:348\">La situaci\u00f3n financiera de Ver\u00f3nica es cr\u00edtica, con cheques rechazados por m\u00e1s de 800 millones de pesos en la \u00faltima semana, principalmente destinados a tambos proveedores. La extensi\u00f3n de los plazos de pago, de 30-45 a 90 d\u00edas, ha generado una profunda desconfianza en el sector primario, afectando directamente la rentabilidad de los productores.<\/p>\n<p data-sourcepos=\"37:1-37:385\">Este panorama se agrava al considerar la delicada situaci\u00f3n de otras cooperativas l\u00e1cteas, como <strong>Sancor<\/strong> en Sunchales, que contin\u00faa ahogada en deudas y a la espera de capitales salvadores. La mirada est\u00e1 puesta en empresas como Adecoagro, controlada por Tether Investments, gigante de las criptomonedas, que ya ha adquirido activos de Sancor en el pasado y sigue de cerca su devenir.<\/p>\n<h2 data-sourcepos=\"41:1-41:46\">Un futuro incierto para el empleo argentino<\/h2>\n<p data-sourcepos=\"43:1-43:552\">Los cierres de Futura y la par\u00e1lisis de Ver\u00f3nica son apenas la punta del iceberg de una crisis econ\u00f3mica que amenaza con una ola de despidos y el desmantelamiento de una parte significativa de la industria nacional. La combinaci\u00f3n de factores como la falta de ventas, la p\u00e9rdida de competitividad en los mercados y la asfixia financiera de las empresas crea un escenario de alta volatilidad y preocupaci\u00f3n en el mercado laboral argentino. La urgente necesidad de medidas que reactiven la econom\u00eda y protejan el empleo se vuelve cada vez m\u00e1s apremiante.<\/p>\n","protected":false},"excerpt":{"rendered":"<p>La econom\u00eda argentina transita un per\u00edodo de profunda recesi\u00f3n que se manifiesta en el cierre de plantas productivas y la<\/p>\n","protected":false},"author":1,"featured_media":116557,"comment_status":"closed","ping_status":"closed","sticky":false,"template":"","format":"standard","meta":{"kia_subtitle":"La recesi\u00f3n econ\u00f3mica en Argentina golpea con fuerza al sector productivo, provocando el cierre de empresas y agudizando la crisis del desempleo. Casos emblem\u00e1ticos como la metal\u00fargica Futura y la l\u00e1ctea Ver\u00f3nica evidencian un panorama desolador que amenaza con una ola de despidos masivos a nivel nacional.","footnotes":"","jetpack_publicize_message":"","jetpack_publicize_feature_enabled":true,"jetpack_social_post_already_shared":true,"jetpack_social_options":{"image_generator_settings":{"template":"highway","default_image_id":0,"font":"","enabled":false},"version":2}},"categories":[3,41],"tags":[],"class_list":["post-116555","post","type-post","status-publish","format-standard","has-post-thumbnail","hentry","category-actualidad","category-nacionales"],"jetpack_publicize_connections":[],"jetpack_featured_media_url":"https:\/\/laurbedigital.com.ar\/noticias\/wp-content\/uploads\/2025\/06\/20250604-desempleo.jpg","_links":{"self":[{"href":"https:\/\/laurbedigital.com.ar\/noticias\/wp-json\/wp\/v2\/posts\/116555","targetHints":{"allow":["GET"]}}],"collection":[{"href":"https:\/\/laurbedigital.com.ar\/noticias\/wp-json\/wp\/v2\/posts"}],"about":[{"href":"https:\/\/laurbedigital.com.ar\/noticias\/wp-json\/wp\/v2\/types\/post"}],"author":[{"embeddable":true,"href":"https:\/\/laurbedigital.com.ar\/noticias\/wp-json\/wp\/v2\/users\/1"}],"replies":[{"embeddable":true,"href":"https:\/\/laurbedigital.com.ar\/noticias\/wp-json\/wp\/v2\/comments?post=116555"}],"version-history":[{"count":1,"href":"https:\/\/laurbedigital.com.ar\/noticias\/wp-json\/wp\/v2\/posts\/116555\/revisions"}],"predecessor-version":[{"id":116563,"href":"https:\/\/laurbedigital.com.ar\/noticias\/wp-json\/wp\/v2\/posts\/116555\/revisions\/116563"}],"wp:featuredmedia":[{"embeddable":true,"href":"https:\/\/laurbedigital.com.ar\/noticias\/wp-json\/wp\/v2\/media\/116557"}],"wp:attachment":[{"href":"https:\/\/laurbedigital.com.ar\/noticias\/wp-json\/wp\/v2\/media?parent=116555"}],"wp:term":[{"taxonomy":"category","embeddable":true,"href":"https:\/\/laurbedigital.com.ar\/noticias\/wp-json\/wp\/v2\/categories?post=116555"},{"taxonomy":"post_tag","embeddable":true,"href":"https:\/\/laurbedigital.com.ar\/noticias\/wp-json\/wp\/v2\/tags?post=116555"}],"curies":[{"name":"wp","href":"https:\/\/api.w.org\/{rel}","templated":true}]}}