{"id":116550,"date":"2025-06-03T22:33:00","date_gmt":"2025-06-04T01:33:00","guid":{"rendered":"https:\/\/laurbedigital.com.ar\/noticias\/?p=116550"},"modified":"2025-06-03T22:33:39","modified_gmt":"2025-06-04T01:33:39","slug":"junio-circuito-de-ahorro-brown","status":"publish","type":"post","link":"https:\/\/laurbedigital.com.ar\/noticias\/2025\/06\/03\/junio-circuito-de-ahorro-brown\/","title":{"rendered":"En junio contin\u00faa el \u201cCircuito de Ahorro Brown\u201d con m\u00e1s productos de calidad a precios accesibles"},"content":{"rendered":"<div>\n<p>El objetivo de la propuesta es, adem\u00e1s de fomentar la econom\u00eda popular, cuidar el bolsillo de los consumidores promoviendo la compra directa con los productores locales.<\/p>\n<h5><strong><em>\u201cUna vez m\u00e1s, durante el mes de junio pondremos a disposici\u00f3n de nuestras vecinas y vecinos numerosas alternativas de mercado para que puedan conseguir productos de calidad a precios accesibles, y adem\u00e1s seguiremos fomentando la econom\u00eda popular del distrito\u201d, se\u00f1al\u00f3 el intendente de Almirante Brown, Mariano Cascallares.<\/em><\/strong><\/h5>\n<p><img loading=\"lazy\" decoding=\"async\" class=\"alignnone size-full wp-image-116552\" src=\"https:\/\/laurbedigital.com.ar\/noticias\/wp-content\/uploads\/2025\/06\/20250603-Brown-CIRCUITO-DE-AHORRO-FERIA-1.jpg\" alt=\"\" width=\"768\" height=\"428\" title=\"\" srcset=\"https:\/\/laurbedigital.com.ar\/noticias\/wp-content\/uploads\/2025\/06\/20250603-Brown-CIRCUITO-DE-AHORRO-FERIA-1.jpg 768w, https:\/\/laurbedigital.com.ar\/noticias\/wp-content\/uploads\/2025\/06\/20250603-Brown-CIRCUITO-DE-AHORRO-FERIA-1-300x167.jpg 300w\" sizes=\"auto, (max-width: 768px) 100vw, 768px\" \/><\/p>\n<h3>Las actividades previstas para este mes son las siguientes:<\/h3>\n<p>Vuelve el Mercado de Cercan\u00eda \u201cBrown Ahorra\u201d a la Estaci\u00f3n de Claypole (Av. 17 de Octubre y Nazca), los lunes 9, 23 y 30; y los mi\u00e9rcoles 4, 11,18 y 25 de junio. De 9 a 15 horas, las familias brownianas podr\u00e1n adquirir en el lugar frutas, verduras, pescader\u00eda y productos de almac\u00e9n, entre otros.<\/p>\n<p>La propuesta tambi\u00e9n llegar\u00e1 a la Estaci\u00f3n de Burzaco (Ricardo Rojas y Pellegrini) los viernes 6, 13, 27.<\/p>\n<p>Por otro lado, el Mercado de Productores Familiares arribar\u00e1 el martes 24 a la plaza \u201cMadre Teresa de Calcuta\u201d de San Jos\u00e9 (Fr\u00edas y La Calandria). All\u00ed, de 9 a 13 horas se podr\u00e1n comprar frutas, verduras, l\u00e1cteos, carne y pollo.<\/p>\n<p>Tambi\u00e9n en junio, las y los vecinos de nuestro distrito podr\u00e1n acceder a los productos que ofrece la Feria de Productores y Productoras locales. La iniciativa llegar\u00e1 todos los viernes a la plaza Cerretti de Adrogu\u00e9 (Diagonal Toll y Cerretti) de 10 a 14 horas. Mientras que los s\u00e1bados har\u00e1 lo propio en la Granja Educativa Municipal de Ministro Rivadavia (Av. Juan B. Justo N\u00b0 1000) de 10 a 16. En ambos lugares se vender\u00e1n verduras, frutas, huevos de campo, quesos, embutidos, dulces y conservas, adem\u00e1s de panader\u00eda.<\/p>\n<p><img loading=\"lazy\" decoding=\"async\" class=\"alignnone size-full wp-image-116553\" src=\"https:\/\/laurbedigital.com.ar\/noticias\/wp-content\/uploads\/2025\/06\/20250603-Brown-CIRCUITO-DE-AHORRO-FERIA-2.jpg\" alt=\"\" width=\"768\" height=\"428\" title=\"\" srcset=\"https:\/\/laurbedigital.com.ar\/noticias\/wp-content\/uploads\/2025\/06\/20250603-Brown-CIRCUITO-DE-AHORRO-FERIA-2.jpg 768w, https:\/\/laurbedigital.com.ar\/noticias\/wp-content\/uploads\/2025\/06\/20250603-Brown-CIRCUITO-DE-AHORRO-FERIA-2-300x167.jpg 300w\" sizes=\"auto, (max-width: 768px) 100vw, 768px\" \/><\/p>\n<p>Durante los martes y viernes de junio, de 9 a 14 horas, en la Estaci\u00f3n de Longchamps (lado Este) arribar\u00e1n los Mercados Bonaerenses, con alimentos de panader\u00eda, pescader\u00eda, frutas y verduras, miel, frutos secos y elementos de almac\u00e9n.<\/p>\n<p>En tanto, los jueves la propuesta tendr\u00e1 lugar en el lado Este de la Estaci\u00f3n de Burzaco (d\u00e1rsenas de Pellegrini y Rojas).<\/p>\n<p>Por \u00faltimo, las familias de nuestro distrito podr\u00e1n acceder a los diversos productos del Mercado Multiplicar en el Instituto Municipal de Econom\u00eda Social, ubicado en Cruz del Sur N\u00b0 1200 de la localidad de Burzaco, de lunes a viernes de 9 a 15 horas y s\u00e1bados de 9 a 13. All\u00ed, se podr\u00e1n comprar frutas, verduras y productos de almac\u00e9n, entre otros.<\/p>\n<\/div>\n","protected":false},"excerpt":{"rendered":"<p>El objetivo de la propuesta es, adem\u00e1s de fomentar la econom\u00eda popular, cuidar el bolsillo de los consumidores promoviendo la<\/p>\n","protected":false},"author":1,"featured_media":116551,"comment_status":"closed","ping_status":"closed","sticky":false,"template":"","format":"standard","meta":{"kia_subtitle":"En junio, como todos los meses, en el marco del programa \u201cCircuito de Ahorro Brown\u201d, el Municipio de Almirante Brown contin\u00faa impulsando diversas alternativas de comercializaci\u00f3n para que las vecinas y vecinos de nuestro distrito puedan adquirir productos de calidad a precios accesibles.","footnotes":"","jetpack_publicize_message":"","jetpack_publicize_feature_enabled":true,"jetpack_social_post_already_shared":true,"jetpack_social_options":{"image_generator_settings":{"template":"highway","default_image_id":0,"font":"","enabled":false},"version":2}},"categories":[2,33],"tags":[],"class_list":["post-116550","post","type-post","status-publish","format-standard","has-post-thumbnail","hentry","category-alte-brown","category-alte-brown-alte-brown"],"jetpack_publicize_connections":[],"jetpack_featured_media_url":"https:\/\/laurbedigital.com.ar\/noticias\/wp-content\/uploads\/2025\/06\/20250603-Brown-CIRCUITO-DE-AHORRO-FERIA.jpg","_links":{"self":[{"href":"https:\/\/laurbedigital.com.ar\/noticias\/wp-json\/wp\/v2\/posts\/116550","targetHints":{"allow":["GET"]}}],"collection":[{"href":"https:\/\/laurbedigital.com.ar\/noticias\/wp-json\/wp\/v2\/posts"}],"about":[{"href":"https:\/\/laurbedigital.com.ar\/noticias\/wp-json\/wp\/v2\/types\/post"}],"author":[{"embeddable":true,"href":"https:\/\/laurbedigital.com.ar\/noticias\/wp-json\/wp\/v2\/users\/1"}],"replies":[{"embeddable":true,"href":"https:\/\/laurbedigital.com.ar\/noticias\/wp-json\/wp\/v2\/comments?post=116550"}],"version-history":[{"count":1,"href":"https:\/\/laurbedigital.com.ar\/noticias\/wp-json\/wp\/v2\/posts\/116550\/revisions"}],"predecessor-version":[{"id":116554,"href":"https:\/\/laurbedigital.com.ar\/noticias\/wp-json\/wp\/v2\/posts\/116550\/revisions\/116554"}],"wp:featuredmedia":[{"embeddable":true,"href":"https:\/\/laurbedigital.com.ar\/noticias\/wp-json\/wp\/v2\/media\/116551"}],"wp:attachment":[{"href":"https:\/\/laurbedigital.com.ar\/noticias\/wp-json\/wp\/v2\/media?parent=116550"}],"wp:term":[{"taxonomy":"category","embeddable":true,"href":"https:\/\/laurbedigital.com.ar\/noticias\/wp-json\/wp\/v2\/categories?post=116550"},{"taxonomy":"post_tag","embeddable":true,"href":"https:\/\/laurbedigital.com.ar\/noticias\/wp-json\/wp\/v2\/tags?post=116550"}],"curies":[{"name":"wp","href":"https:\/\/api.w.org\/{rel}","templated":true}]}}