{"id":116546,"date":"2025-06-03T13:16:30","date_gmt":"2025-06-03T16:16:30","guid":{"rendered":"https:\/\/laurbedigital.com.ar\/noticias\/?p=116546"},"modified":"2025-06-03T13:17:25","modified_gmt":"2025-06-03T16:17:25","slug":"brown-pavimenta-la-calle-gobernador-arias-glew","status":"publish","type":"post","link":"https:\/\/laurbedigital.com.ar\/noticias\/2025\/06\/03\/brown-pavimenta-la-calle-gobernador-arias-glew\/","title":{"rendered":"El Municipio de Alte Brown pavimenta la calle Gobernador Arias, una arteria que conecta a los barrios de Glew"},"content":{"rendered":"<div>\n<h5><strong><em>\u201cEstamos muy felices de avanzar con la pavimentaci\u00f3n de la calle Arias, una arteria clave en Glew que beneficia directamente a distintos barrios y que se potencia con la avenida Capit\u00e1n Olivera, cambiando por completo la calidad de vida de nuestros vecinos y vecinas ganando mayor conectividad y transitabilidad\u201d, destac\u00f3 el intendente Mariano Cascallares.<\/em><\/strong><\/h5>\n<p>Se trata de una gran obra que incluye cord\u00f3n cuneta, trabajos hidr\u00e1ulicos, la construcci\u00f3n de veredas, la instalaci\u00f3n de nuevas luminarias Led mejorando los accesos a los barrios Villa Par\u00eds, Las Calandrias, Santa Ana y Almafuerte con Capit\u00e1n Olivera, en el l\u00edmite con Presidente Per\u00f3n, y tambi\u00e9n con la localidad vecina de Longchamps.<\/p>\n<p><img loading=\"lazy\" decoding=\"async\" class=\"alignnone size-full wp-image-116547\" src=\"https:\/\/laurbedigital.com.ar\/noticias\/wp-content\/uploads\/2025\/06\/20250603-Brown-Glew-Calle-Gobernador-Arias.jpg\" alt=\"\" width=\"768\" height=\"428\" title=\"\" srcset=\"https:\/\/laurbedigital.com.ar\/noticias\/wp-content\/uploads\/2025\/06\/20250603-Brown-Glew-Calle-Gobernador-Arias.jpg 768w, https:\/\/laurbedigital.com.ar\/noticias\/wp-content\/uploads\/2025\/06\/20250603-Brown-Glew-Calle-Gobernador-Arias-300x167.jpg 300w\" sizes=\"auto, (max-width: 768px) 100vw, 768px\" \/><\/p>\n<p>Esta importante obra tambi\u00e9n potencia la circulaci\u00f3n con el casco hist\u00f3rico de Glew y con calles centrales como Lamberti, M\u00e9ndez, y Almafuerte, que desemboca con la Estaci\u00f3n Ferroviaria.<\/p>\n<p>Cabe destacar que en paralelo la Comuna browniana lleva adelante un importante plan Integral de Mejora (con obras de bacheo, mejorado y consolidado) de cientos de calles en barrios de las doce localidades de nuestro distrito, con el objetivo de potenciar la circulaci\u00f3n, transitabilidad y la seguridad vial.<\/p>\n<\/div>\n<div class=\"adL\"><\/div>\n","protected":false},"excerpt":{"rendered":"<p>\u201cEstamos muy felices de avanzar con la pavimentaci\u00f3n de la calle Arias, una arteria clave en Glew que beneficia directamente<\/p>\n","protected":false},"author":1,"featured_media":116548,"comment_status":"closed","ping_status":"closed","sticky":false,"template":"","format":"standard","meta":{"kia_subtitle":"El Municipio de Almirante Brown avanza con una importante obra de pavimentaci\u00f3n con hormig\u00f3n de la calle Gobernador Arias, entre Miguel Can\u00e9 y la avenida Capit\u00e1n Olivera, mejorando directamente la circulaci\u00f3n en distintos barrios e instituciones de la localidad de Glew.","footnotes":"","jetpack_publicize_message":"","jetpack_publicize_feature_enabled":true,"jetpack_social_post_already_shared":true,"jetpack_social_options":{"image_generator_settings":{"template":"highway","default_image_id":0,"font":"","enabled":false},"version":2}},"categories":[2,33,50],"tags":[],"class_list":["post-116546","post","type-post","status-publish","format-standard","has-post-thumbnail","hentry","category-alte-brown","category-alte-brown-alte-brown","category-glew"],"jetpack_publicize_connections":[],"jetpack_featured_media_url":"https:\/\/laurbedigital.com.ar\/noticias\/wp-content\/uploads\/2025\/06\/20250603-Brown-Glew-Calle-Gobernador-Arias-1.jpg","_links":{"self":[{"href":"https:\/\/laurbedigital.com.ar\/noticias\/wp-json\/wp\/v2\/posts\/116546","targetHints":{"allow":["GET"]}}],"collection":[{"href":"https:\/\/laurbedigital.com.ar\/noticias\/wp-json\/wp\/v2\/posts"}],"about":[{"href":"https:\/\/laurbedigital.com.ar\/noticias\/wp-json\/wp\/v2\/types\/post"}],"author":[{"embeddable":true,"href":"https:\/\/laurbedigital.com.ar\/noticias\/wp-json\/wp\/v2\/users\/1"}],"replies":[{"embeddable":true,"href":"https:\/\/laurbedigital.com.ar\/noticias\/wp-json\/wp\/v2\/comments?post=116546"}],"version-history":[{"count":1,"href":"https:\/\/laurbedigital.com.ar\/noticias\/wp-json\/wp\/v2\/posts\/116546\/revisions"}],"predecessor-version":[{"id":116549,"href":"https:\/\/laurbedigital.com.ar\/noticias\/wp-json\/wp\/v2\/posts\/116546\/revisions\/116549"}],"wp:featuredmedia":[{"embeddable":true,"href":"https:\/\/laurbedigital.com.ar\/noticias\/wp-json\/wp\/v2\/media\/116548"}],"wp:attachment":[{"href":"https:\/\/laurbedigital.com.ar\/noticias\/wp-json\/wp\/v2\/media?parent=116546"}],"wp:term":[{"taxonomy":"category","embeddable":true,"href":"https:\/\/laurbedigital.com.ar\/noticias\/wp-json\/wp\/v2\/categories?post=116546"},{"taxonomy":"post_tag","embeddable":true,"href":"https:\/\/laurbedigital.com.ar\/noticias\/wp-json\/wp\/v2\/tags?post=116546"}],"curies":[{"name":"wp","href":"https:\/\/api.w.org\/{rel}","templated":true}]}}