{"id":116544,"date":"2025-06-03T01:12:02","date_gmt":"2025-06-03T04:12:02","guid":{"rendered":"https:\/\/laurbedigital.com.ar\/noticias\/?p=116544"},"modified":"2025-06-03T01:12:02","modified_gmt":"2025-06-03T04:12:02","slug":"natalicio-del-general-manuel-belgrano-una-figura-clave-en-la-historia-argentina-2","status":"publish","type":"post","link":"https:\/\/laurbedigital.com.ar\/noticias\/2025\/06\/03\/natalicio-del-general-manuel-belgrano-una-figura-clave-en-la-historia-argentina-2\/","title":{"rendered":"Natalicio del General Manuel Belgrano: Una figura clave en la historia Argentina"},"content":{"rendered":"<p>Hoy se celebra el natalicio de Manuel Belgrano, uno de los personajes m\u00e1s relevantes de la historia argentina y un pilar en la lucha por la independencia. Belgrano, cuyo nombre completo era Manuel Jos\u00e9 Joaqu\u00edn del Coraz\u00f3n de Jes\u00fas Belgrano, naci\u00f3 en Buenos Aires el 3 de junio de 1770 y dej\u00f3 un legado imborrable en la construcci\u00f3n de la naci\u00f3n argentina.<\/p>\n<p>El General Manuel Belgrano fue una figura multifac\u00e9tica: militar, pol\u00edtico, intelectual, economista y ferviente promotor de la educaci\u00f3n. Su vida, aunque breve, fue intensa y decisiva para la conformaci\u00f3n de la Rep\u00fablica Argentina. Este 3 de junio, al conmemorar su natalicio, recordamos sus numerosas contribuciones y su inquebrantable compromiso con la libertad y el progreso del pa\u00eds.<\/p>\n<p>Manuel Belgrano naci\u00f3 en una familia acomodada y recibi\u00f3 una formaci\u00f3n acad\u00e9mica s\u00f3lida tanto en Buenos Aires como en Europa. Estudi\u00f3 en el Colegio de San Carlos y luego en las Universidades de Salamanca y Valladolid, en Espa\u00f1a, donde se gradu\u00f3 como abogado. Su retorno a Buenos Aires en 1794 marc\u00f3 el inicio de una carrera dedicada al servicio p\u00fablico y al fomento de la educaci\u00f3n.<\/p>\n<p>Como Secretario del Consulado, Belgrano promovi\u00f3 diversas iniciativas educativas y econ\u00f3micas. Durante las invasiones inglesas en 1806, se uni\u00f3 a las milicias criollas para defender la ciudad, demostrando su valor y liderazgo militar.<\/p>\n<p>En 1810, Belgrano jug\u00f3 un papel crucial en la Revoluci\u00f3n de Mayo, siendo nombrado vocal de la Primera Junta. Poco despu\u00e9s, asumi\u00f3 el mando de la expedici\u00f3n al Paraguay con el grado de General en Jefe. Su visi\u00f3n y estrategias militares fueron fundamentales en varias campa\u00f1as por la independencia.<\/p>\n<p>Uno de sus legados m\u00e1s perdurables es la creaci\u00f3n de la bandera argentina. En 1812, propuso y hizo adoptar una escarapela nacional de dos colores: blanco y azul celeste. El 27 de febrero del mismo a\u00f1o, en Rosario, cre\u00f3 la bandera con los mismos colores y la hizo jurar a sus tropas a orillas del r\u00edo Paran\u00e1.<\/p>\n<p>El \u00ab\u00c9xodo Juje\u00f1o\u00bb del 23 de agosto de 1812 es otro episodio notable en su carrera. Bajo su mando, el ej\u00e9rcito patriota realiz\u00f3 una retirada estrat\u00e9gica de Jujuy hacia Tucum\u00e1n, una maniobra que se considera heroica en la historia militar argentina.<\/p>\n<p>En 1816, Belgrano particip\u00f3 activamente en el Congreso de Tucum\u00e1n, donde se declar\u00f3 la Independencia de Argentina y se oficializ\u00f3 la bandera creada por \u00e9l como insignia nacional. Su influencia en la pol\u00edtica y la organizaci\u00f3n institucional del pa\u00eds fue crucial en estos primeros a\u00f1os de la naci\u00f3n.<\/p>\n<p>Manuel Belgrano falleci\u00f3 el 20 de junio de 1820 en Buenos Aires, dejando un legado de patriotismo y dedicaci\u00f3n. Sus acciones y pensamientos estuvieron siempre inspirados por las ideas pol\u00edticas m\u00e1s avanzadas de su tiempo, buscando siempre el bienestar y la soberan\u00eda de su patria.<\/p>\n<p>Al recordar el natalicio de Manuel Belgrano, rendimos homenaje a un hombre cuya vida y obra fueron esenciales para la independencia y formaci\u00f3n de la Rep\u00fablica Argentina. Sus contribuciones en el \u00e1mbito militar, educativo y pol\u00edtico siguen siendo un referente de dedicaci\u00f3n y amor por la patria. En este d\u00eda, celebramos no solo a un pr\u00f3cer, sino a un visionario cuyo legado perdura en el tiempo.<\/p>\n","protected":false},"excerpt":{"rendered":"<p>Hoy se celebra el natalicio de Manuel Belgrano, uno de los personajes m\u00e1s relevantes de la historia argentina y un<\/p>\n","protected":false},"author":1,"featured_media":77071,"comment_status":"closed","ping_status":"closed","sticky":false,"template":"","format":"standard","meta":{"kia_subtitle":"El 3 de junio se conmemora el natalicio de Manuel Belgrano, l\u00edder militar y pol\u00edtico fundamental en las luchas por la independencia de Argentina.","footnotes":"","jetpack_publicize_message":"","jetpack_publicize_feature_enabled":true,"jetpack_social_post_already_shared":true,"jetpack_social_options":{"image_generator_settings":{"template":"highway","default_image_id":0,"font":"","enabled":false},"version":2}},"categories":[5,2594],"tags":[],"class_list":["post-116544","post","type-post","status-publish","format-standard","has-post-thumbnail","hentry","category-cultura","category-efemerides"],"jetpack_publicize_connections":[],"jetpack_featured_media_url":"https:\/\/laurbedigital.com.ar\/noticias\/wp-content\/uploads\/2022\/06\/20220603-Belgrano.jpg","_links":{"self":[{"href":"https:\/\/laurbedigital.com.ar\/noticias\/wp-json\/wp\/v2\/posts\/116544","targetHints":{"allow":["GET"]}}],"collection":[{"href":"https:\/\/laurbedigital.com.ar\/noticias\/wp-json\/wp\/v2\/posts"}],"about":[{"href":"https:\/\/laurbedigital.com.ar\/noticias\/wp-json\/wp\/v2\/types\/post"}],"author":[{"embeddable":true,"href":"https:\/\/laurbedigital.com.ar\/noticias\/wp-json\/wp\/v2\/users\/1"}],"replies":[{"embeddable":true,"href":"https:\/\/laurbedigital.com.ar\/noticias\/wp-json\/wp\/v2\/comments?post=116544"}],"version-history":[{"count":1,"href":"https:\/\/laurbedigital.com.ar\/noticias\/wp-json\/wp\/v2\/posts\/116544\/revisions"}],"predecessor-version":[{"id":116545,"href":"https:\/\/laurbedigital.com.ar\/noticias\/wp-json\/wp\/v2\/posts\/116544\/revisions\/116545"}],"wp:featuredmedia":[{"embeddable":true,"href":"https:\/\/laurbedigital.com.ar\/noticias\/wp-json\/wp\/v2\/media\/77071"}],"wp:attachment":[{"href":"https:\/\/laurbedigital.com.ar\/noticias\/wp-json\/wp\/v2\/media?parent=116544"}],"wp:term":[{"taxonomy":"category","embeddable":true,"href":"https:\/\/laurbedigital.com.ar\/noticias\/wp-json\/wp\/v2\/categories?post=116544"},{"taxonomy":"post_tag","embeddable":true,"href":"https:\/\/laurbedigital.com.ar\/noticias\/wp-json\/wp\/v2\/tags?post=116544"}],"curies":[{"name":"wp","href":"https:\/\/api.w.org\/{rel}","templated":true}]}}