{"id":116542,"date":"2025-06-03T01:00:16","date_gmt":"2025-06-03T04:00:16","guid":{"rendered":"https:\/\/laurbedigital.com.ar\/noticias\/?p=116542"},"modified":"2025-06-03T01:02:36","modified_gmt":"2025-06-03T04:02:36","slug":"a-dos-anos-del-femicidio-de-cecilia-strzyzowski-el-clan-sena-a-juicio-por-jurados","status":"publish","type":"post","link":"https:\/\/laurbedigital.com.ar\/noticias\/2025\/06\/03\/a-dos-anos-del-femicidio-de-cecilia-strzyzowski-el-clan-sena-a-juicio-por-jurados\/","title":{"rendered":"A dos a\u00f1os del femicidio de Cecilia Strzyzowski: El Clan Sena, a juicio por jurados"},"content":{"rendered":"<h3 data-sourcepos=\"285:1-285:68\">Un crimen brutal: El femicidio que expuso el poder del Clan Sena<\/h3>\n<p data-sourcepos=\"287:1-287:514\">Seg\u00fan la minuciosa investigaci\u00f3n judicial, <strong>Cecilia Strzyzowski fue asesinada el mismo 2 de junio de 2023<\/strong> en la vivienda del Clan Sena. Posteriormente, su cuerpo habr\u00eda sido trasladado a una chancher\u00eda propiedad de la influyente familia, donde presuntamente fue incinerado y sus restos dispersados. Aunque no se hallaron la totalidad de sus restos, peritajes forenses cruciales lograron confirmar la identidad de 16 piezas dentales, un anillo, un dije y otras pertenencias personales que pertenec\u00edan a la joven.<\/p>\n<p data-sourcepos=\"289:1-289:470\">El impacto de este crimen trascendi\u00f3 el \u00e1mbito judicial, generando un <strong>tenso clima pol\u00edtico en la provincia del Chaco<\/strong>. Las miradas se posaron de inmediato sobre <strong>Emerenciano Sena<\/strong> y <strong>Marcela Acu\u00f1a<\/strong>, ambos con fuertes v\u00ednculos con el entonces gobernador Jorge Capitanich. La detenci\u00f3n de la pareja, junto a su hijo <strong>C\u00e9sar Sena<\/strong> \u2014pareja de Cecilia y principal acusado\u2014, as\u00ed como de otros cuatro presuntos encubridores, marc\u00f3 un antes y un despu\u00e9s en la provincia.<\/p>\n<h3 data-sourcepos=\"293:1-293:64\">Acusaciones, pruebas falsas y el camino hacia el juicio oral<\/h3>\n<p data-sourcepos=\"295:1-295:384\">La investigaci\u00f3n ha delineado claramente las acusaciones contra los imputados. <strong>C\u00e9sar Sena est\u00e1 acusado de homicidio doblemente agravado en calidad de autor<\/strong>, lo que implica una de las penas m\u00e1s severas del C\u00f3digo Penal argentino. Sus padres, <strong>Emerenciano Sena y Marcela Acu\u00f1a, son considerados part\u00edcipes primarios<\/strong> del brutal crimen, lo que tambi\u00e9n los enfrenta a graves cargos.<\/p>\n<p data-sourcepos=\"297:1-297:227\">Adem\u00e1s del n\u00facleo familiar, otros cuatro imputados \u2014Gustavo Melgarejo, Gustavo Obreg\u00f3n, Griselda Reinoso y Fabiana Gonz\u00e1lez\u2014 ser\u00e1n juzgados por <strong>encubrimiento agravado<\/strong>, por su presunta colaboraci\u00f3n para ocultar el femicidio.<\/p>\n<p data-sourcepos=\"299:1-299:541\">Durante el proceso investigativo, se descubri\u00f3 una pieza clave que reforz\u00f3 la hip\u00f3tesis de un plan premeditado: un <strong>acta de divorcio que supuestamente Cecilia hab\u00eda firmado apenas cuatro d\u00edas despu\u00e9s de su casamiento<\/strong> con C\u00e9sar. Sin embargo, pericias caligr\u00e1ficas determinaron que la <strong>firma atribuida a Cecilia result\u00f3 ser falsa<\/strong>. Esta prueba ha llevado a los investigadores a sospechar que Marcela Acu\u00f1a nunca acept\u00f3 la relaci\u00f3n de su hijo con Cecilia, lo que podr\u00eda haber motivado la elaboraci\u00f3n de un plan para deshacerse de la joven.<\/p>\n<p data-sourcepos=\"301:1-301:418\">A dos a\u00f1os del tr\u00e1gico suceso, la familia de Cecilia ha optado por un perfil bajo y el silencio medi\u00e1tico. Por cuestiones de seguridad, se trasladaron al sur del pa\u00eds y no participar\u00e1n en las movilizaciones conmemorativas de la fecha. <strong>Gloria Romero, la madre de la v\u00edctima<\/strong>, ha denunciado en reiteradas ocasiones el peso de las conexiones pol\u00edticas en el caso, se\u00f1alando que \u00ablos Sena manejan todo desde la c\u00e1rcel\u00bb.<\/p>\n<p data-sourcepos=\"303:1-303:362\">Este 3 de junio se llevar\u00e1 a cabo la tercera audiencia preliminar al juicio, donde las partes debatir\u00e1n sobre posibles nulidades y otros aspectos t\u00e9cnicos del proceso judicial. Se espera que el <strong>comienzo del debate oral, con un jurado popular<\/strong>, se concrete en las pr\u00f3ximas semanas, marcando un paso decisivo en la b\u00fasqueda de justicia para Cecilia Strzyzowski.<\/p>\n","protected":false},"excerpt":{"rendered":"<p>Un crimen brutal: El femicidio que expuso el poder del Clan Sena Seg\u00fan la minuciosa investigaci\u00f3n judicial, Cecilia Strzyzowski fue<\/p>\n","protected":false},"author":1,"featured_media":116519,"comment_status":"closed","ping_status":"closed","sticky":false,"template":"","format":"standard","meta":{"kia_subtitle":"A dos a\u00f1os del femicidio de Cecilia Strzyzowski, el caso que conmocion\u00f3 a Argentina, el Clan Sena y otros imputados enfrentar\u00e1n un juicio por jurados. La joven fue asesinada en la casa de sus suegros en Chaco y su cuerpo incinerado. Este hito judicial busca justicia para la v\u00edctima.","footnotes":"","jetpack_publicize_message":"","jetpack_publicize_feature_enabled":true,"jetpack_social_post_already_shared":true,"jetpack_social_options":{"image_generator_settings":{"template":"highway","default_image_id":0,"font":"","enabled":false},"version":2}},"categories":[8],"tags":[],"class_list":["post-116542","post","type-post","status-publish","format-standard","has-post-thumbnail","hentry","category-policiales"],"jetpack_publicize_connections":[],"jetpack_featured_media_url":"https:\/\/laurbedigital.com.ar\/noticias\/wp-content\/uploads\/2025\/06\/20250603-Cecilia-Strzyzowski.jpg","_links":{"self":[{"href":"https:\/\/laurbedigital.com.ar\/noticias\/wp-json\/wp\/v2\/posts\/116542","targetHints":{"allow":["GET"]}}],"collection":[{"href":"https:\/\/laurbedigital.com.ar\/noticias\/wp-json\/wp\/v2\/posts"}],"about":[{"href":"https:\/\/laurbedigital.com.ar\/noticias\/wp-json\/wp\/v2\/types\/post"}],"author":[{"embeddable":true,"href":"https:\/\/laurbedigital.com.ar\/noticias\/wp-json\/wp\/v2\/users\/1"}],"replies":[{"embeddable":true,"href":"https:\/\/laurbedigital.com.ar\/noticias\/wp-json\/wp\/v2\/comments?post=116542"}],"version-history":[{"count":1,"href":"https:\/\/laurbedigital.com.ar\/noticias\/wp-json\/wp\/v2\/posts\/116542\/revisions"}],"predecessor-version":[{"id":116543,"href":"https:\/\/laurbedigital.com.ar\/noticias\/wp-json\/wp\/v2\/posts\/116542\/revisions\/116543"}],"wp:featuredmedia":[{"embeddable":true,"href":"https:\/\/laurbedigital.com.ar\/noticias\/wp-json\/wp\/v2\/media\/116519"}],"wp:attachment":[{"href":"https:\/\/laurbedigital.com.ar\/noticias\/wp-json\/wp\/v2\/media?parent=116542"}],"wp:term":[{"taxonomy":"category","embeddable":true,"href":"https:\/\/laurbedigital.com.ar\/noticias\/wp-json\/wp\/v2\/categories?post=116542"},{"taxonomy":"post_tag","embeddable":true,"href":"https:\/\/laurbedigital.com.ar\/noticias\/wp-json\/wp\/v2\/tags?post=116542"}],"curies":[{"name":"wp","href":"https:\/\/api.w.org\/{rel}","templated":true}]}}