{"id":116530,"date":"2025-06-03T00:23:21","date_gmt":"2025-06-03T03:23:21","guid":{"rendered":"https:\/\/laurbedigital.com.ar\/noticias\/?p=116530"},"modified":"2025-06-03T00:23:21","modified_gmt":"2025-06-03T03:23:21","slug":"jubilados-argentinos-la-actividad-laboral-de-mayores-de-66-anos-toca-un-record-historico-en-medio-del-ajuste","status":"publish","type":"post","link":"https:\/\/laurbedigital.com.ar\/noticias\/2025\/06\/03\/jubilados-argentinos-la-actividad-laboral-de-mayores-de-66-anos-toca-un-record-historico-en-medio-del-ajuste\/","title":{"rendered":"Jubilados argentinos: La actividad laboral de mayores de 66 a\u00f1os toca un r\u00e9cord hist\u00f3rico en medio del ajuste"},"content":{"rendered":"<h3 data-sourcepos=\"102:1-102:79\">La jubilaci\u00f3n no alcanza: M\u00e1s de 40.000 nuevos ocupados son adultos mayores<\/h3>\n<p data-sourcepos=\"104:1-104:547\">La precariedad econ\u00f3mica que atraviesan los jubilados argentinos se evidencia en las \u00faltimas cifras del mercado laboral. La tasa de actividad de las personas de 66 a\u00f1os o m\u00e1s, que mide la proporci\u00f3n de adultos mayores que trabajan o buscan empleo, se dispar\u00f3 a un <strong>pico hist\u00f3rico del 16,6%<\/strong> en el cuarto trimestre de 2024, seg\u00fan datos oficiales. Esta cifra solo se hab\u00eda acercado a niveles similares a fines de 2019. El impacto es contundente: de los 78.500 nuevos ocupados registrados en el \u00faltimo a\u00f1o, aproximadamente <strong>42.000 son jubilados<\/strong>.<\/p>\n<p data-sourcepos=\"106:1-106:809\">Este alarmante incremento se explica por el brutal recorte del gasto p\u00fablico en jubilaciones, la desregulaci\u00f3n de precios de la canasta b\u00e1sica y un desmantelamiento estatal que golpea directamente a este segmento de la poblaci\u00f3n. Un informe del Instituto Argentina Grande (IAG) se\u00f1ala que \u00abla tendencia del aumento en la cantidad de personas activas que tienen 66 a\u00f1os o m\u00e1s se agudiza cuando la jubilaci\u00f3n m\u00ednima cae en t\u00e9rminos reales\u00bb. Actualmente, la canasta b\u00e1sica para adultos mayores supera los $1.200.000, mientras que el haber m\u00ednimo jubilatorio apenas alcanza los $304.000 (el bono de $70.000 se encuentra congelado desde marzo de 2024 y su alcance es cada vez menor). Esta disparidad salarial es insostenible: siete de cada diez jubilados argentinos tienen ingresos insuficientes para subsistir.<\/p>\n<p data-sourcepos=\"108:1-108:493\">El Mirador de la Actualidad del Trabajo y la Econom\u00eda (MATE) estima que las jubilaciones han sufrido una ca\u00edda del <strong>27% en su poder de compra desde que asumi\u00f3 el gobierno de La Libertad Avanza<\/strong>. Esto se traduce en una p\u00e9rdida acumulada promedio de $3.120.946 por jubilado en lo que va de la gesti\u00f3n de Javier Milei. Las jubilaciones se han convertido en un componente central del ajuste fiscal, con un \u00abahorro\u00bb estatal de m\u00e1s de $12 billones a costa de los ingresos de los adultos mayores.<\/p>\n<p data-sourcepos=\"110:1-110:376\">La situaci\u00f3n se agrava con el incremento desmedido de los servicios. La desregulaci\u00f3n econ\u00f3mica ha cuadruplicado su costo, llevando a que m\u00e1s de cinco millones de jubilados que perciben la m\u00ednima destinen el 10,5% de sus ingresos al pago de luz, gas y agua, frente al 6,2% en diciembre de 2023. Este umbral, superior al 10%, indica una clara situaci\u00f3n de \u00abpobreza energ\u00e9tica\u00bb.<\/p>\n<p data-sourcepos=\"112:1-112:696\">Los medicamentos, esenciales para la salud de los mayores, tambi\u00e9n han escalado sus precios. Aquellos de uso m\u00e1s frecuente por jubilados tuvieron un aumento interanual del 172% a marzo de 2025, 124 puntos por encima del promedio general de medicamentos. A esto se suma que m\u00e1s del 7,3% de los adultos mayores dependen de un alquiler para vivir, una cifra que se duplic\u00f3 en 20 a\u00f1os, en un escenario de desregulaci\u00f3n que gener\u00f3 subas trimestrales, contratos cortos y exigencia de pagos extraordinarios. Esta coyuntura obliga a los jubilados a recurrir a ayuda familiar, endeudamiento o a restringir el consumo de otros bienes esenciales, lo que los ubica en el segmento donde m\u00e1s creci\u00f3 la miseria.<\/p>\n<h3 data-sourcepos=\"116:1-116:80\">Batalla legislativa en el Congreso: Moratoria y aumento bajo amenaza de veto<\/h3>\n<p data-sourcepos=\"118:1-118:399\">En este cr\u00edtico panorama, la v\u00edspera de la marcha semanal de los jubilados al Congreso, que este mi\u00e9rcoles 4 de junio se unir\u00e1 al colectivo Ni Una Menos en su d\u00e9cimo aniversario, ser\u00e1 clave. La oposici\u00f3n pol\u00edtica buscar\u00e1 nuevamente tratar y aprobar dos proyectos de ley cruciales: la pr\u00f3rroga de la <strong>moratoria previsional<\/strong> (que venci\u00f3 en marzo) y un <strong>aumento por \u00fanica vez para adultos mayores<\/strong>.<\/p>\n<p data-sourcepos=\"120:1-120:504\">La pr\u00f3rroga de la moratoria previsional, prevista por dos a\u00f1os, permitir\u00eda que 441.226 nuevos beneficiarios regularicen su situaci\u00f3n y accedan a una jubilaci\u00f3n. Seg\u00fan la Oficina de Presupuesto del Congreso (OPC), esta medida tendr\u00eda un costo fiscal acumulado del 0,165% del PBI en dos a\u00f1os. En cuanto al proyecto que busca elevar el bono a jubilados, congelado en $70.000, a $105.000 o $115.000, implicar\u00eda un gasto del 0,23% y 0,30% del PBI, respectivamente, beneficiando a 4,7 millones de jubilados.<\/p>\n<p data-sourcepos=\"122:1-122:688\">La no renovaci\u00f3n de la moratoria anterior ha dejado a un 50% de varones y un 69% de mujeres con edad de jubilaci\u00f3n cumplida sin poder acceder a este derecho. Las mujeres son las m\u00e1s afectadas (20 puntos m\u00e1s que sus pares) debido a la mayor informalidad, menor registraci\u00f3n de aportes y mayor carga de tareas dom\u00e9sticas y de cuidado no remuneradas: apenas 1 de cada 10 cuenta con aportes suficientes. Un claro ejemplo son las trabajadoras de casas particulares, con un 70% de informalidad y sobrerrepresentadas en la jubilaci\u00f3n m\u00ednima. Por esta raz\u00f3n, el colectivo Ni Una Menos decidi\u00f3 unirse a la marcha de los jubilados este mi\u00e9rcoles, en un gesto de solidaridad y \u00abuni\u00f3n de las luchas\u00bb.<\/p>\n<p data-sourcepos=\"124:1-124:332\">Si bien el gobierno ha propuesto la Pensi\u00f3n Universal para el Adulto Mayor (PUAM) como \u00absoluci\u00f3n\u00bb, esta no considera los a\u00f1os de aporte, representa solo el 80% de la m\u00ednima y no permite, por ejemplo, cobrar una pensi\u00f3n por viudez. Adem\u00e1s, las mujeres con edad jubilatoria cumplida deber\u00e1n esperar cinco a\u00f1os m\u00e1s para acceder a ella.<\/p>\n<p data-sourcepos=\"126:1-126:460\">Desde el gobierno nacional ya anticiparon que el presidente Milei <strong>vetar\u00eda ambas iniciativas<\/strong> en caso de ser aprobadas, argumentando la necesidad de \u00abpreservar el super\u00e1vit fiscal\u00bb. Sin embargo, las estimaciones de la OPC contradicen este argumento: \u00abestas medidas cuestan menos que el gasto tributario del Estado por la baja del impuesto a los Bienes Personales (0,39% del PBI anualmente) y las exenciones al impuesto a las Ganancias (0,34%)\u00bb, seg\u00fan el IAG.<\/p>\n<p data-sourcepos=\"128:1-128:413\">Mientras el Estado cierra la puerta a m\u00e1s de 400.000 trabajadores pasivos que sufren precarizaci\u00f3n y la falta de ingresos para lo b\u00e1sico, por otro lado, concede beneficios a quienes m\u00e1s riqueza acumulan y, seg\u00fan anuncios recientes sobre los \u201cd\u00f3lares del colch\u00f3n\u201d, perdona la evasi\u00f3n por sumas millonarias. Todo esto, en el marco de un nuevo acuerdo de m\u00e1s deuda externa con el Fondo Monetario Internacional (FMI).<\/p>\n","protected":false},"excerpt":{"rendered":"<p>La jubilaci\u00f3n no alcanza: M\u00e1s de 40.000 nuevos ocupados son adultos mayores La precariedad econ\u00f3mica que atraviesan los jubilados argentinos<\/p>\n","protected":false},"author":1,"featured_media":116522,"comment_status":"closed","ping_status":"closed","sticky":false,"template":"","format":"standard","meta":{"kia_subtitle":"La cr\u00edtica situaci\u00f3n econ\u00f3mica empuja a m\u00e1s adultos mayores al mercado laboral. Con haberes m\u00ednimos que no cubren la canasta b\u00e1sica y el impacto del ajuste, la tasa de actividad de mayores de 66 a\u00f1os alcanza un r\u00e9cord del 16,6%. Este mi\u00e9rcoles, mientras marchan al Congreso, la oposici\u00f3n busca aliviar su situaci\u00f3n ante un posible veto presidencial.","footnotes":"","jetpack_publicize_message":"","jetpack_publicize_feature_enabled":true,"jetpack_social_post_already_shared":true,"jetpack_social_options":{"image_generator_settings":{"template":"highway","default_image_id":0,"font":"","enabled":false},"version":2}},"categories":[3,41],"tags":[],"class_list":["post-116530","post","type-post","status-publish","format-standard","has-post-thumbnail","hentry","category-actualidad","category-nacionales"],"jetpack_publicize_connections":[],"jetpack_featured_media_url":"https:\/\/laurbedigital.com.ar\/noticias\/wp-content\/uploads\/2025\/06\/20250603-Jubilado.jpg","_links":{"self":[{"href":"https:\/\/laurbedigital.com.ar\/noticias\/wp-json\/wp\/v2\/posts\/116530","targetHints":{"allow":["GET"]}}],"collection":[{"href":"https:\/\/laurbedigital.com.ar\/noticias\/wp-json\/wp\/v2\/posts"}],"about":[{"href":"https:\/\/laurbedigital.com.ar\/noticias\/wp-json\/wp\/v2\/types\/post"}],"author":[{"embeddable":true,"href":"https:\/\/laurbedigital.com.ar\/noticias\/wp-json\/wp\/v2\/users\/1"}],"replies":[{"embeddable":true,"href":"https:\/\/laurbedigital.com.ar\/noticias\/wp-json\/wp\/v2\/comments?post=116530"}],"version-history":[{"count":1,"href":"https:\/\/laurbedigital.com.ar\/noticias\/wp-json\/wp\/v2\/posts\/116530\/revisions"}],"predecessor-version":[{"id":116531,"href":"https:\/\/laurbedigital.com.ar\/noticias\/wp-json\/wp\/v2\/posts\/116530\/revisions\/116531"}],"wp:featuredmedia":[{"embeddable":true,"href":"https:\/\/laurbedigital.com.ar\/noticias\/wp-json\/wp\/v2\/media\/116522"}],"wp:attachment":[{"href":"https:\/\/laurbedigital.com.ar\/noticias\/wp-json\/wp\/v2\/media?parent=116530"}],"wp:term":[{"taxonomy":"category","embeddable":true,"href":"https:\/\/laurbedigital.com.ar\/noticias\/wp-json\/wp\/v2\/categories?post=116530"},{"taxonomy":"post_tag","embeddable":true,"href":"https:\/\/laurbedigital.com.ar\/noticias\/wp-json\/wp\/v2\/tags?post=116530"}],"curies":[{"name":"wp","href":"https:\/\/api.w.org\/{rel}","templated":true}]}}