{"id":116526,"date":"2025-06-03T00:15:10","date_gmt":"2025-06-03T03:15:10","guid":{"rendered":"https:\/\/laurbedigital.com.ar\/noticias\/?p=116526"},"modified":"2025-06-03T00:15:10","modified_gmt":"2025-06-03T03:15:10","slug":"ni-una-menos-a-diez-anos-la-marcha-se-corre-al-4-de-junio-para-unir-las-luchas","status":"publish","type":"post","link":"https:\/\/laurbedigital.com.ar\/noticias\/2025\/06\/03\/ni-una-menos-a-diez-anos-la-marcha-se-corre-al-4-de-junio-para-unir-las-luchas\/","title":{"rendered":"Ni Una Menos: A diez a\u00f1os, la marcha se corre al 4 de junio para \u00abunir las luchas\u00bb"},"content":{"rendered":"<h3 data-sourcepos=\"15:1-15:67\">Ni Una Menos: Una d\u00e9cada de resistencia y transformaci\u00f3n social<\/h3>\n<p data-sourcepos=\"17:1-17:449\">El 3 de junio de 2015, Argentina fue testigo del nacimiento de un movimiento que cambiar\u00eda para siempre la lucha contra la violencia de g\u00e9nero: <strong>Ni Una Menos<\/strong>. Lo que comenz\u00f3 como una reacci\u00f3n masiva al brutal femicidio de <strong>Chiara P\u00e1ez<\/strong>, una adolescente de 14 a\u00f1os en Santa Fe, se convirti\u00f3 en un faro de denuncia y resistencia que reson\u00f3 en todo el pa\u00eds y trascendi\u00f3 las fronteras, inspirando movimientos similares en Am\u00e9rica Latina y m\u00e1s all\u00e1.<\/p>\n<p data-sourcepos=\"19:1-19:335\">Impulsada por un grupo diverso de activistas, periodistas, escritoras y artistas, la primera movilizaci\u00f3n del Ni Una Menos canaliz\u00f3 el hartazgo social ante la escalada de la violencia machista. La consigna, tomada del poema de la poeta mexicana Susana Ch\u00e1vez, asesinada en 2011, se erigi\u00f3 como un potente s\u00edmbolo de la lucha feminista.<\/p>\n<p data-sourcepos=\"21:1-21:494\">Desde aquel d\u00eda fundacional, cada 3 de junio el Ni Una Menos ha renovado su compromiso con la justicia, exigiendo pol\u00edticas p\u00fablicas efectivas y la erradicaci\u00f3n de todas las formas de violencia por razones de g\u00e9nero. A lo largo de esta d\u00e9cada, el movimiento no solo ha logrado visibilizar la magnitud de los femicidios y las violencias, sino que tambi\u00e9n ha impulsado cambios legislativos y ha generado una conciencia colectiva indispensable sobre la urgencia de erradicar la violencia machista.<\/p>\n<h3 data-sourcepos=\"25:1-25:82\">Unir las luchas: El Ni Una Menos se suma a la protesta social contra el ajuste<\/h3>\n<p data-sourcepos=\"27:1-27:383\">La conmemoraci\u00f3n del d\u00e9cimo aniversario de Ni Una Menos este a\u00f1o trae una novedad significativa: por primera vez en su historia, la fecha de la movilizaci\u00f3n se modifica. El Colectivo Ni Una Menos ha decidido <strong>trasladar la marcha al mi\u00e9rcoles 4 de junio a las 16:00 frente al Congreso<\/strong>. El lema que acompa\u00f1a esta hist\u00f3rica elecci\u00f3n es contundente: <strong>\u00abUnir las luchas es la tarea\u00bb<\/strong>.<\/p>\n<p data-sourcepos=\"29:1-29:482\">Esta determinaci\u00f3n se enmarca en la necesidad de construir un frente amplio y transversal frente a la actual coyuntura socioecon\u00f3mica. El Colectivo Ni Una Menos ha decidido sumar a su hist\u00f3rica demanda contra la violencia de g\u00e9nero, el en\u00e9rgico reclamo contra el \u00abajuste brutal\u00bb que, seg\u00fan la organizaci\u00f3n, est\u00e1 implementando el gobierno. La convocatoria de este a\u00f1o ampl\u00eda su espectro, incluyendo los reclamos de diversos sectores afectados por las pol\u00edticas actuales, entre ellos:<\/p>\n<ul data-sourcepos=\"31:1-41:0\">\n<li data-sourcepos=\"31:1-31:93\"><strong>Jubilados:<\/strong> Por la precarizaci\u00f3n de sus ingresos y la falta de actualizaci\u00f3n de haberes.<\/li>\n<li data-sourcepos=\"32:1-32:124\"><strong>Personas con discapacidad:<\/strong> Por la Ley de Emergencia en Discapacidad y el riesgo de recorte en prestaciones esenciales.<\/li>\n<li data-sourcepos=\"33:1-33:114\"><strong>Residentes del Hospital Garrahan:<\/strong> En defensa de la salud p\u00fablica y contra el desfinanciamiento hospitalario.<\/li>\n<li data-sourcepos=\"34:1-34:76\"><strong>CONICET:<\/strong> En rechazo al desmantelamiento de la ciencia y la tecnolog\u00eda.<\/li>\n<li data-sourcepos=\"35:1-35:89\"><strong>Migrantes:<\/strong> Frente a pol\u00edticas que restringen derechos y aumentan la vulnerabilidad.<\/li>\n<li data-sourcepos=\"36:1-36:101\"><strong>Transfeminismos:<\/strong> En defensa de los derechos de la diversidad y contra la violencia estructural.<\/li>\n<li data-sourcepos=\"37:1-37:64\"><strong>Universidades:<\/strong> En apoyo a la educaci\u00f3n p\u00fablica y gratuita.<\/li>\n<li data-sourcepos=\"38:1-38:125\"><strong>Trabajadores del arte y ambientalistas:<\/strong> Sectores tambi\u00e9n afectados por los recortes y la falta de pol\u00edticas de fomento.<\/li>\n<li data-sourcepos=\"39:1-39:82\"><strong>Inquilinos y ni\u00f1eces:<\/strong> Ante el impacto del ajuste en las condiciones de vida.<\/li>\n<li data-sourcepos=\"40:1-41:0\"><strong>Trabajadores despedidos y comunidades ind\u00edgenas:<\/strong> Por la defensa de sus derechos laborales y territoriales.<\/li>\n<\/ul>\n<p data-sourcepos=\"42:1-42:371\">La jornada del 4 de junio no culminar\u00e1 con la marcha. Desde la organizaci\u00f3n, se convoca a participar a partir de las 18:00 en una <strong>\u00abgran asamblea con todos los sectores en CTA Aut\u00f3noma (Bartolom\u00e9 Mitre 748) para pensar juntxs la jornada del 4J\u00bb<\/strong>. Esta asamblea busca consolidar estrategias y articular acciones futuras en un contexto de creciente conflictividad social.<\/p>\n<p data-sourcepos=\"44:1-44:253\">La decisi\u00f3n de unir estas luchas refleja una evoluci\u00f3n en el movimiento Ni Una Menos, que, sin abandonar su bandera central contra la violencia machista, se posiciona de forma m\u00e1s amplia en el escenario de las demandas sociales y pol\u00edticas de Argentina.<\/p>\n","protected":false},"excerpt":{"rendered":"<p>Ni Una Menos: Una d\u00e9cada de resistencia y transformaci\u00f3n social El 3 de junio de 2015, Argentina fue testigo del<\/p>\n","protected":false},"author":1,"featured_media":116523,"comment_status":"closed","ping_status":"closed","sticky":false,"template":"","format":"standard","meta":{"kia_subtitle":"A una d\u00e9cada de su primera movilizaci\u00f3n, el movimiento Ni Una Menos trasladar\u00e1 su marcha anual del 3 al 4 de junio. Esta decisi\u00f3n in\u00e9dita busca consolidar un frente com\u00fan al unir las luchas del feminismo con reclamos de jubilados, personas con discapacidad y el Hospital Garrahan, en una contundente protesta contra el ajuste y la crueldad econ\u00f3mica.","footnotes":"","jetpack_publicize_message":"","jetpack_publicize_feature_enabled":true,"jetpack_social_post_already_shared":true,"jetpack_social_options":{"image_generator_settings":{"template":"highway","default_image_id":0,"font":"","enabled":false},"version":2}},"categories":[3,41],"tags":[],"class_list":["post-116526","post","type-post","status-publish","format-standard","has-post-thumbnail","hentry","category-actualidad","category-nacionales"],"jetpack_publicize_connections":[],"jetpack_featured_media_url":"https:\/\/laurbedigital.com.ar\/noticias\/wp-content\/uploads\/2025\/06\/20250603-Ni-Una-Menos.jpg","_links":{"self":[{"href":"https:\/\/laurbedigital.com.ar\/noticias\/wp-json\/wp\/v2\/posts\/116526","targetHints":{"allow":["GET"]}}],"collection":[{"href":"https:\/\/laurbedigital.com.ar\/noticias\/wp-json\/wp\/v2\/posts"}],"about":[{"href":"https:\/\/laurbedigital.com.ar\/noticias\/wp-json\/wp\/v2\/types\/post"}],"author":[{"embeddable":true,"href":"https:\/\/laurbedigital.com.ar\/noticias\/wp-json\/wp\/v2\/users\/1"}],"replies":[{"embeddable":true,"href":"https:\/\/laurbedigital.com.ar\/noticias\/wp-json\/wp\/v2\/comments?post=116526"}],"version-history":[{"count":1,"href":"https:\/\/laurbedigital.com.ar\/noticias\/wp-json\/wp\/v2\/posts\/116526\/revisions"}],"predecessor-version":[{"id":116527,"href":"https:\/\/laurbedigital.com.ar\/noticias\/wp-json\/wp\/v2\/posts\/116526\/revisions\/116527"}],"wp:featuredmedia":[{"embeddable":true,"href":"https:\/\/laurbedigital.com.ar\/noticias\/wp-json\/wp\/v2\/media\/116523"}],"wp:attachment":[{"href":"https:\/\/laurbedigital.com.ar\/noticias\/wp-json\/wp\/v2\/media?parent=116526"}],"wp:term":[{"taxonomy":"category","embeddable":true,"href":"https:\/\/laurbedigital.com.ar\/noticias\/wp-json\/wp\/v2\/categories?post=116526"},{"taxonomy":"post_tag","embeddable":true,"href":"https:\/\/laurbedigital.com.ar\/noticias\/wp-json\/wp\/v2\/tags?post=116526"}],"curies":[{"name":"wp","href":"https:\/\/api.w.org\/{rel}","templated":true}]}}