{"id":116514,"date":"2025-06-02T15:56:13","date_gmt":"2025-06-02T18:56:13","guid":{"rendered":"https:\/\/laurbedigital.com.ar\/noticias\/?p=116514"},"modified":"2025-06-02T15:56:13","modified_gmt":"2025-06-02T18:56:13","slug":"mas-de-2-mil-vecinos-participaron-de-la-carrera-malvinas-soberania-y-memoria","status":"publish","type":"post","link":"https:\/\/laurbedigital.com.ar\/noticias\/2025\/06\/02\/mas-de-2-mil-vecinos-participaron-de-la-carrera-malvinas-soberania-y-memoria\/","title":{"rendered":"M\u00e1s de 2 mil vecinos participaron de la carrera \u201cMalvinas, Soberan\u00eda y Memoria\u201d"},"content":{"rendered":"<div>\n<p>Esta importante iniciativa que se realiza desde 2019 incluy\u00f3 en esta oportunidad tres modalidades: una carrera de 7 kil\u00f3metros competitiva, otra de 3, de \u00edndole participativa, y una pensada para ni\u00f1os.<\/p>\n<p>La prueba atl\u00e9tica comenz\u00f3 temprano e incluy\u00f3 distintos corredores seguros por las calles de Jos\u00e9 M\u00e1rmol, Adrogu\u00e9 y Rafael Calzada, siendo el punto de salida y de llegada el Monumento a Malvinas ubicado en el Polideportivo, ubicado en G\u00fcemes y Rep\u00fablica Argentina.<\/p>\n<p>Cabe destacar que esta importante iniciativa cont\u00f3 tambi\u00e9n con fines solidarios ya que el requisito de inscripci\u00f3n era colaborar con dos leches larga vida o paquetes de pa\u00f1ales, los cuales fueron donados a instituciones de bien p\u00fablico locales.<\/p>\n<h5><strong><em>\u201cPor s\u00e9ptimo a\u00f1o llevamos adelante la Carrera Malvinas, Soberan\u00eda y Memoria, una prueba atl\u00e9tica popular y gratuita con fines solidarios que busca mantener viva la causa Malvinas e incentivar la pr\u00e1ctica deportiva en Almirante Brown\u201d, remarc\u00f3 el intendente Mariano Cascallares.<\/em><\/strong><\/h5>\n<p><img loading=\"lazy\" decoding=\"async\" class=\"alignnone size-full wp-image-116516\" src=\"https:\/\/laurbedigital.com.ar\/noticias\/wp-content\/uploads\/2025\/06\/20250602-Brown-Carrera-Malvinas-Soberania-Memoria1.jpg\" alt=\"\" width=\"768\" height=\"482\" title=\"\" srcset=\"https:\/\/laurbedigital.com.ar\/noticias\/wp-content\/uploads\/2025\/06\/20250602-Brown-Carrera-Malvinas-Soberania-Memoria1.jpg 768w, https:\/\/laurbedigital.com.ar\/noticias\/wp-content\/uploads\/2025\/06\/20250602-Brown-Carrera-Malvinas-Soberania-Memoria1-300x188.jpg 300w\" sizes=\"auto, (max-width: 768px) 100vw, 768px\" \/><\/p>\n<p>Cabe destacar que la carrera se realiza cada a\u00f1o, el primer domingo de junio, con el objetivo de recordar el D\u00eda de la Reafirmaci\u00f3n de los Derechos de Soberan\u00eda Argentina sobre las Islas Malvinas, Georgias y Sandwich del Sur y los espacios mar\u00edtimos circundantes, el cual se conmemora cada 10 de junio.<\/p>\n<p>Estuvieron presentes tambi\u00e9n ex combatientes de nuestro distrito, adem\u00e1s del presidente del Concejo Deliberante browniano, Nicol\u00e1s Jawtuschenko; y la secretaria de Desarrollo, Seguridad Social y Derechos Humanos, B\u00e1rbara Mi\u00f1\u00e1n, entre otras autoridades locales.<\/p>\n<\/div>\n<div class=\"adL\">carrera Malvinas Soberan\u00eda y Memoria<\/div>\n","protected":false},"excerpt":{"rendered":"<p>Esta importante iniciativa que se realiza desde 2019 incluy\u00f3 en esta oportunidad tres modalidades: una carrera de 7 kil\u00f3metros competitiva,<\/p>\n","protected":false},"author":1,"featured_media":116515,"comment_status":"closed","ping_status":"closed","sticky":false,"template":"","format":"standard","meta":{"kia_subtitle":"Con la presencia de m\u00e1s de 2 mil participantes, el Municipio de Almirante Brown llev\u00f3 adelante una nueva edici\u00f3n de la carrera \u201cMalvinas, Soberan\u00eda y Memoria\u201d, que se desarroll\u00f3 en distintas calles de las localidades de Jos\u00e9 M\u00e1rmol, Adrogu\u00e9 y Rafael Calzada.","footnotes":"","jetpack_publicize_message":"","jetpack_publicize_feature_enabled":true,"jetpack_social_post_already_shared":true,"jetpack_social_options":{"image_generator_settings":{"template":"highway","default_image_id":0,"font":"","enabled":false},"version":2}},"categories":[2,33],"tags":[],"class_list":["post-116514","post","type-post","status-publish","format-standard","has-post-thumbnail","hentry","category-alte-brown","category-alte-brown-alte-brown"],"jetpack_publicize_connections":[],"jetpack_featured_media_url":"https:\/\/laurbedigital.com.ar\/noticias\/wp-content\/uploads\/2025\/06\/20250602-Brown-Carrera-Malvinas-Soberania-Memoria.jpg","_links":{"self":[{"href":"https:\/\/laurbedigital.com.ar\/noticias\/wp-json\/wp\/v2\/posts\/116514","targetHints":{"allow":["GET"]}}],"collection":[{"href":"https:\/\/laurbedigital.com.ar\/noticias\/wp-json\/wp\/v2\/posts"}],"about":[{"href":"https:\/\/laurbedigital.com.ar\/noticias\/wp-json\/wp\/v2\/types\/post"}],"author":[{"embeddable":true,"href":"https:\/\/laurbedigital.com.ar\/noticias\/wp-json\/wp\/v2\/users\/1"}],"replies":[{"embeddable":true,"href":"https:\/\/laurbedigital.com.ar\/noticias\/wp-json\/wp\/v2\/comments?post=116514"}],"version-history":[{"count":1,"href":"https:\/\/laurbedigital.com.ar\/noticias\/wp-json\/wp\/v2\/posts\/116514\/revisions"}],"predecessor-version":[{"id":116517,"href":"https:\/\/laurbedigital.com.ar\/noticias\/wp-json\/wp\/v2\/posts\/116514\/revisions\/116517"}],"wp:featuredmedia":[{"embeddable":true,"href":"https:\/\/laurbedigital.com.ar\/noticias\/wp-json\/wp\/v2\/media\/116515"}],"wp:attachment":[{"href":"https:\/\/laurbedigital.com.ar\/noticias\/wp-json\/wp\/v2\/media?parent=116514"}],"wp:term":[{"taxonomy":"category","embeddable":true,"href":"https:\/\/laurbedigital.com.ar\/noticias\/wp-json\/wp\/v2\/categories?post=116514"},{"taxonomy":"post_tag","embeddable":true,"href":"https:\/\/laurbedigital.com.ar\/noticias\/wp-json\/wp\/v2\/tags?post=116514"}],"curies":[{"name":"wp","href":"https:\/\/api.w.org\/{rel}","templated":true}]}}