{"id":116470,"date":"2025-06-01T03:18:40","date_gmt":"2025-06-01T06:18:40","guid":{"rendered":"https:\/\/laurbedigital.com.ar\/noticias\/?p=116470"},"modified":"2025-06-01T03:18:40","modified_gmt":"2025-06-01T06:18:40","slug":"caso-dalmasso-la-justicia-rechaza-la-prescripcion-y-el-parquetista-barzola-queda-en-la-mira-para-un-posible-juicio","status":"publish","type":"post","link":"https:\/\/laurbedigital.com.ar\/noticias\/2025\/06\/01\/caso-dalmasso-la-justicia-rechaza-la-prescripcion-y-el-parquetista-barzola-queda-en-la-mira-para-un-posible-juicio\/","title":{"rendered":"Caso Dalmasso: la Justicia rechaza la prescripci\u00f3n y el parquetista B\u00e1rzola queda en la mira para un posible juicio"},"content":{"rendered":"<p data-sourcepos=\"5:1-5:453\">La decisi\u00f3n del magistrado cordob\u00e9s representa un espaldarazo a la continuidad de la pesquisa y al \u00abdeber de investigar\u00bb que recae sobre el fiscal Pablo J\u00e1vega. Este pronunciamiento judicial se enmarca en un contexto donde la causa ha transitado un largo y complejo camino, incluyendo la absoluci\u00f3n del viudo Marcelo Macarr\u00f3n en el \u00faltimo juicio, instancia en la que se abri\u00f3 la puerta a investigar el homicidio bajo el prisma de la violencia de g\u00e9nero.<\/p>\n<p data-sourcepos=\"7:1-7:488\">La resoluci\u00f3n de Ortiz ha generado un impacto directo en el principal acusado, Roberto B\u00e1rzola. Su abogado defensor, quien asumi\u00f3 a principios de abril y hab\u00eda manifestado su intenci\u00f3n de no buscar la prescripci\u00f3n, ahora se encuentra analizando los fundamentos del fallo para determinar si apelar\u00e1 la medida. Anteriormente, el letrado hab\u00eda sugerido la posibilidad de que B\u00e1rzola declare ante la Justicia, un escenario que podr\u00eda tomar mayor relevancia tras esta nueva instancia judicial.<\/p>\n<p data-sourcepos=\"9:1-9:608\">Por su parte, la familia de Nora Dalmasso ha recibido con satisfacci\u00f3n la decisi\u00f3n del juez. La querella, que representa a los Macarr\u00f3n, conf\u00eda en que la investigaci\u00f3n avanzar\u00e1 firmemente hacia un juicio contra el parquetista. Su objetivo es lograr una condena contra B\u00e1rzola o, al menos, una declaraci\u00f3n de culpabilidad, incluso si esto no implica una pena de prisi\u00f3n efectiva. Los querellantes tambi\u00e9n eval\u00faan la posibilidad de apelar para solicitar que se permita una condena con pena de prisi\u00f3n, argumentando que su rol como acusados en etapas previas les impidi\u00f3 profundizar en esta l\u00ednea investigativa.<\/p>\n<p data-sourcepos=\"11:1-11:417\">Los abogados de la familia Dalmasso subrayaron la importancia de las pericias de ADN que, una vez que la investigaci\u00f3n se desvincul\u00f3 de la familia, arrojaron un resultado positivo para Roberto B\u00e1rzola. Estas muestras cruciales fueron levantadas del cinto de la bata con la que Nora Dalmasso fue estrangulada y de un vello hallado en una de sus piernas, elementos que complican seriamente la situaci\u00f3n del parquetista.<\/p>\n<p data-sourcepos=\"13:1-13:503\">El fiscal J\u00e1vega, en sinton\u00eda con la querella, argument\u00f3 que el tiempo de prescripci\u00f3n no debe contarse de forma lineal, considerando que tanto Macarr\u00f3n como su hijo estuvieron imputados y, por lo tanto, no pudieron ejercer su rol de querellantes hasta hace pocos meses. Tanto el fiscal como la familia Dalmasso enfatizan que aplicar un l\u00edmite de 15 a\u00f1os desde la fecha del crimen vulnerar\u00eda el derecho de la v\u00edctima y revictimizar\u00eda a su familia al no permitirles actuar en el rol que les correspond\u00eda.<\/p>\n<p data-sourcepos=\"15:1-15:489\">Fuentes cercanas a la causa indicaron que la defensa previa de B\u00e1rzola se habr\u00eda centrado en la prescripci\u00f3n por el tiempo transcurrido, m\u00e1s que en la inocencia de su defendido. Esta estrategia se interpretar\u00eda como un intento de cerrar la causa por una cuesti\u00f3n t\u00e9cnica, dado que no solo la pericia de ADN complica al parquetista, sino tambi\u00e9n las presuntas contradicciones en sus declaraciones, que tanto el fiscal como la familia Dalmasso buscan que se aclaren en un futuro debate oral.<\/p>\n<p data-sourcepos=\"17:1-17:851\">Tras conocerse el fallo, Gustavo Liebau, uno de los abogados de la familia Macarr\u00f3n, afirm\u00f3 que \u00ablos elementos reunidos fortalecen la acusaci\u00f3n que hizo el fiscal\u00bb contra B\u00e1rzola. Adem\u00e1s, confirm\u00f3 que no se \u00abvan a conformar con conocer la verdad hist\u00f3rica, sino que vamos a ir por lo que corresponde en la Justicia\u00bb, en alusi\u00f3n a buscar una condena a prisi\u00f3n para el sospechoso. Por su parte, Mari\u00e1ngeles Mussollini, abogada de Facundo Macarr\u00f3n, calific\u00f3 el fallo como \u00abuna victoria importante\u00bb, aunque reconoci\u00f3 que es \u00abel principio de un arduo camino\u00bb. La letrada enfatiz\u00f3 que \u00abla impunidad no puede triunfar\u00bb y destac\u00f3 que la sociedad necesita \u00abno solo la verdad, sino tambi\u00e9n la justicia\u00bb. Mussollini tambi\u00e9n hizo hincapi\u00e9 en que el dictamen del fiscal J\u00e1vega y el fallo del juez Ortiz \u00abtambi\u00e9n cuestionan el desempe\u00f1o de los anteriores fiscales\u00bb.<\/p>\n<p data-sourcepos=\"19:1-19:290\">Con esta reciente resoluci\u00f3n, se abre la posibilidad de que, casi 19 a\u00f1os despu\u00e9s del brutal femicidio de Nora Dalmasso, la investigaci\u00f3n avance y la Justicia pueda finalmente determinar responsabilidades en un caso que ha mantenido en vilo a la sociedad argentina durante casi dos d\u00e9cadas.<\/p>\n","protected":false},"excerpt":{"rendered":"<p>La decisi\u00f3n del magistrado cordob\u00e9s representa un espaldarazo a la continuidad de la pesquisa y al \u00abdeber de investigar\u00bb que<\/p>\n","protected":false},"author":1,"featured_media":97067,"comment_status":"closed","ping_status":"closed","sticky":false,"template":"","format":"standard","meta":{"kia_subtitle":"Un giro decisivo se produjo en la investigaci\u00f3n del resonante crimen de Nora Dalmasso, ocurrido en R\u00edo Cuarto hace m\u00e1s de 18 a\u00f1os. El juez de Control Diego Ortiz resolvi\u00f3 rechazar la prescripci\u00f3n de la causa, una medida que mantiene viva la posibilidad de que Roberto B\u00e1rzola, el parquetista cuyo ADN fue hallado en la escena del crimen, enfrente un juicio oral por el femicidio que conmocion\u00f3 a la opini\u00f3n p\u00fablica argentina.","footnotes":"","jetpack_publicize_message":"","jetpack_publicize_feature_enabled":true,"jetpack_social_post_already_shared":true,"jetpack_social_options":{"image_generator_settings":{"template":"highway","default_image_id":0,"font":"","enabled":false},"version":2}},"categories":[8],"tags":[],"class_list":["post-116470","post","type-post","status-publish","format-standard","has-post-thumbnail","hentry","category-policiales"],"jetpack_publicize_connections":[],"jetpack_featured_media_url":"https:\/\/laurbedigital.com.ar\/noticias\/wp-content\/uploads\/2023\/10\/20231022-Caso-Dalmasso.jpg","_links":{"self":[{"href":"https:\/\/laurbedigital.com.ar\/noticias\/wp-json\/wp\/v2\/posts\/116470","targetHints":{"allow":["GET"]}}],"collection":[{"href":"https:\/\/laurbedigital.com.ar\/noticias\/wp-json\/wp\/v2\/posts"}],"about":[{"href":"https:\/\/laurbedigital.com.ar\/noticias\/wp-json\/wp\/v2\/types\/post"}],"author":[{"embeddable":true,"href":"https:\/\/laurbedigital.com.ar\/noticias\/wp-json\/wp\/v2\/users\/1"}],"replies":[{"embeddable":true,"href":"https:\/\/laurbedigital.com.ar\/noticias\/wp-json\/wp\/v2\/comments?post=116470"}],"version-history":[{"count":1,"href":"https:\/\/laurbedigital.com.ar\/noticias\/wp-json\/wp\/v2\/posts\/116470\/revisions"}],"predecessor-version":[{"id":116471,"href":"https:\/\/laurbedigital.com.ar\/noticias\/wp-json\/wp\/v2\/posts\/116470\/revisions\/116471"}],"wp:featuredmedia":[{"embeddable":true,"href":"https:\/\/laurbedigital.com.ar\/noticias\/wp-json\/wp\/v2\/media\/97067"}],"wp:attachment":[{"href":"https:\/\/laurbedigital.com.ar\/noticias\/wp-json\/wp\/v2\/media?parent=116470"}],"wp:term":[{"taxonomy":"category","embeddable":true,"href":"https:\/\/laurbedigital.com.ar\/noticias\/wp-json\/wp\/v2\/categories?post=116470"},{"taxonomy":"post_tag","embeddable":true,"href":"https:\/\/laurbedigital.com.ar\/noticias\/wp-json\/wp\/v2\/tags?post=116470"}],"curies":[{"name":"wp","href":"https:\/\/api.w.org\/{rel}","templated":true}]}}