{"id":116427,"date":"2025-05-30T02:53:19","date_gmt":"2025-05-30T05:53:19","guid":{"rendered":"https:\/\/laurbedigital.com.ar\/noticias\/?p=116427"},"modified":"2025-05-30T02:53:19","modified_gmt":"2025-05-30T05:53:19","slug":"el-gobierno-endurece-la-politica-migratoria-y-habilita-el-arancelamiento-en-salud-y-educacion-publica","status":"publish","type":"post","link":"https:\/\/laurbedigital.com.ar\/noticias\/2025\/05\/30\/el-gobierno-endurece-la-politica-migratoria-y-habilita-el-arancelamiento-en-salud-y-educacion-publica\/","title":{"rendered":"El Gobierno endurece la pol\u00edtica migratoria y habilita el arancelamiento en salud y educaci\u00f3n p\u00fablica"},"content":{"rendered":"<p><span class=\"citation-1 citation-end-1\">El Gobierno Nacional ha oficializado una profunda modificaci\u00f3n en la Ley de Migraciones a trav\u00e9s del Decreto de Necesidad y Urgencia (DNU) 366\/2025, publicado este jueves en el Bolet\u00edn Oficial.<\/span> <span class=\"citation-0 citation-end-0\">La medida, impulsada por la administraci\u00f3n de Javier Milei, endurece significativamente las condiciones para el ingreso y la permanencia de ciudadanos extranjeros en el pa\u00eds y, de forma in\u00e9dita, abre la puerta al arancelamiento de servicios p\u00fablicos esenciales como la salud y la educaci\u00f3n superior para aquellos que no posean residencia permanente.<\/span><\/p>\n<p data-sourcepos=\"11:1-11:452\">La nueva normativa redefine las categor\u00edas migratorias \u2013transitorio, temporario, permanente\u2013 y subordina el acceso a derechos fundamentales a la acreditaci\u00f3n de una condici\u00f3n legal de residencia. Si bien el DNU mantiene la obligaci\u00f3n de garantizar atenci\u00f3n m\u00e9dica en casos de emergencia y el derecho a cursar los niveles de educaci\u00f3n obligatoria, introduce una serie de exclusiones que marcan un cambio de paradigma en la pol\u00edtica migratoria argentina.<\/p>\n<p data-sourcepos=\"13:1-13:486\">En lo que respecta a la salud p\u00fablica, el texto del decreto es expl\u00edcito: \u201cPor fuera de los supuestos establecidos\u2026 s\u00f3lo se brindar\u00e1 atenci\u00f3n contra la presentaci\u00f3n de un seguro o el pago previo del servicio\u201d. Esta disposici\u00f3n genera preocupaci\u00f3n entre las asociaciones de profesionales de la salud, quienes alertan que podr\u00eda poner en riesgo la vida de miles de personas que actualmente acceden a controles, tratamientos y cirug\u00edas vitales en los hospitales p\u00fablicos sin restricciones.<\/p>\n<p data-sourcepos=\"15:1-15:319\">Paralelamente, las universidades estatales quedan habilitadas para cobrar aranceles por la educaci\u00f3n impartida a estudiantes extranjeros que no acrediten residencia permanente en el pa\u00eds. Esta medida contrasta con la tradici\u00f3n de gratuidad y acceso universal a la educaci\u00f3n superior que ha caracterizado a la Argentina.<\/p>\n<h3 data-sourcepos=\"19:1-19:51\"><strong>Endurecimiento de las condiciones y expulsiones<\/strong><\/h3>\n<p data-sourcepos=\"21:1-21:441\">La pol\u00edtica de expulsi\u00f3n de extranjeros tambi\u00e9n se ve recrudecida con el nuevo DNU. La Direcci\u00f3n Nacional de Migraciones (DNM) tendr\u00e1 la potestad de revocar residencias precarias si considera que se han \u201cdesnaturalizado los motivos\u201d que las justificaron. Adem\u00e1s, la norma establece que el inicio de un tr\u00e1mite migratorio no implicar\u00e1 derecho alguno a una resoluci\u00f3n favorable ni contar\u00e1 como antecedente para obtener la ciudadan\u00eda argentina.<\/p>\n<p data-sourcepos=\"23:1-23:382\">Las condiciones impuestas a los extranjeros que deseen ingresar o permanecer en el pa\u00eds se vuelven m\u00e1s estrictas. Ahora se exigir\u00e1 la demostraci\u00f3n de ingresos suficientes y la ausencia de antecedentes penales, incluso en casos de reunificaci\u00f3n familiar. La \u00fanica excepci\u00f3n para obtener autom\u00e1ticamente el estatus de residente permanente ser\u00e1 para los hijos de ciudadanos argentinos.<\/p>\n<h3 data-sourcepos=\"27:1-27:25\"><strong>Reacciones y cr\u00edticas<\/strong><\/h3>\n<p data-sourcepos=\"29:1-29:573\">Las reacciones a este DNU no se han hecho esperar. Organizaciones de derechos humanos y gremios universitarios han expresado su profundo rechazo a las reformas. Desde la C\u00e1tedra de Migraciones de la Universidad de Buenos Aires (UBA), se calific\u00f3 la medida como un \u201cretroceso brutal\u201d, se\u00f1alando que \u201cse criminaliza la pobreza y se vuelve a una visi\u00f3n selectiva y utilitarista del migrante\u201d. Esta perspectiva subraya la preocupaci\u00f3n por un enfoque que prioriza la capacidad econ\u00f3mica o la utilidad laboral del migrante, en detrimento de un enfoque basado en derechos humanos.<\/p>\n<p data-sourcepos=\"31:1-31:574\">La Argentina, que en 2004 fue reconocida a nivel global por haber sancionado una ley migratoria de vanguardia y basada en el pleno respeto de los derechos humanos, parece ahora alejarse de aquel paradigma. Con la promulgaci\u00f3n del DNU 366\/2025, la pol\u00edtica migratoria del pa\u00eds adopta una l\u00f3gica que es percibida por sus cr\u00edticos como punitiva y excluyente, en l\u00ednea con la filosof\u00eda de un \u201cEstado m\u00ednimo\u201d que impulsa el actual oficialismo. El debate sobre el alcance y las consecuencias de estas reformas promete ser un eje central en la agenda p\u00fablica de los pr\u00f3ximos meses.<\/p>\n","protected":false},"excerpt":{"rendered":"<p>El Gobierno Nacional ha oficializado una profunda modificaci\u00f3n en la Ley de Migraciones a trav\u00e9s del Decreto de Necesidad y<\/p>\n","protected":false},"author":1,"featured_media":116428,"comment_status":"closed","ping_status":"closed","sticky":false,"template":"","format":"standard","meta":{"kia_subtitle":"El DNU 366\/2025, promulgado por la administraci\u00f3n de Javier Milei, reforma la Ley de Migraciones, imponiendo mayores restricciones al ingreso y permanencia de extranjeros y permitiendo el cobro de servicios en hospitales y universidades para no residentes permanentes. Organizaciones de derechos humanos y gremios advierten sobre un \u201cretroceso brutal\u201d.","footnotes":"","jetpack_publicize_message":"","jetpack_publicize_feature_enabled":true,"jetpack_social_post_already_shared":true,"jetpack_social_options":{"image_generator_settings":{"template":"highway","default_image_id":0,"font":"","enabled":false},"version":2}},"categories":[3,41],"tags":[],"class_list":["post-116427","post","type-post","status-publish","format-standard","has-post-thumbnail","hentry","category-actualidad","category-nacionales"],"jetpack_publicize_connections":[],"jetpack_featured_media_url":"https:\/\/laurbedigital.com.ar\/noticias\/wp-content\/uploads\/2025\/05\/20250530-Migraciones.jpg","_links":{"self":[{"href":"https:\/\/laurbedigital.com.ar\/noticias\/wp-json\/wp\/v2\/posts\/116427","targetHints":{"allow":["GET"]}}],"collection":[{"href":"https:\/\/laurbedigital.com.ar\/noticias\/wp-json\/wp\/v2\/posts"}],"about":[{"href":"https:\/\/laurbedigital.com.ar\/noticias\/wp-json\/wp\/v2\/types\/post"}],"author":[{"embeddable":true,"href":"https:\/\/laurbedigital.com.ar\/noticias\/wp-json\/wp\/v2\/users\/1"}],"replies":[{"embeddable":true,"href":"https:\/\/laurbedigital.com.ar\/noticias\/wp-json\/wp\/v2\/comments?post=116427"}],"version-history":[{"count":1,"href":"https:\/\/laurbedigital.com.ar\/noticias\/wp-json\/wp\/v2\/posts\/116427\/revisions"}],"predecessor-version":[{"id":116429,"href":"https:\/\/laurbedigital.com.ar\/noticias\/wp-json\/wp\/v2\/posts\/116427\/revisions\/116429"}],"wp:featuredmedia":[{"embeddable":true,"href":"https:\/\/laurbedigital.com.ar\/noticias\/wp-json\/wp\/v2\/media\/116428"}],"wp:attachment":[{"href":"https:\/\/laurbedigital.com.ar\/noticias\/wp-json\/wp\/v2\/media?parent=116427"}],"wp:term":[{"taxonomy":"category","embeddable":true,"href":"https:\/\/laurbedigital.com.ar\/noticias\/wp-json\/wp\/v2\/categories?post=116427"},{"taxonomy":"post_tag","embeddable":true,"href":"https:\/\/laurbedigital.com.ar\/noticias\/wp-json\/wp\/v2\/tags?post=116427"}],"curies":[{"name":"wp","href":"https:\/\/api.w.org\/{rel}","templated":true}]}}