{"id":116425,"date":"2025-05-30T02:38:30","date_gmt":"2025-05-30T05:38:30","guid":{"rendered":"https:\/\/laurbedigital.com.ar\/noticias\/?p=116425"},"modified":"2025-05-30T02:38:30","modified_gmt":"2025-05-30T05:38:30","slug":"general-motors-frena-su-produccion-en-alvear-por-un-mes-y-suspende-actividad-semanal-hasta-diciembre","status":"publish","type":"post","link":"https:\/\/laurbedigital.com.ar\/noticias\/2025\/05\/30\/general-motors-frena-su-produccion-en-alvear-por-un-mes-y-suspende-actividad-semanal-hasta-diciembre\/","title":{"rendered":"General Motors frena su producci\u00f3n en Alvear por un mes y suspende actividad semanal hasta diciembre"},"content":{"rendered":"<p data-sourcepos=\"6:1-6:631\">General Motors, la gigante automotriz, ha anunciado un dr\u00e1stico ajuste en su planta de Alvear, Santa Fe, que impactar\u00e1 significativamente en su producci\u00f3n y en los trabajadores. La compa\u00f1\u00eda suspender\u00e1 la fabricaci\u00f3n de veh\u00edculos durante todo el mes de junio y, a partir de julio, implementar\u00e1 suspensiones de una semana por mes hasta diciembre. Esta decisi\u00f3n, ya comunicada al Sindicato de Mec\u00e1nicos y Afines del Transporte Automotor (Smata) de Santa Fe, liderado por Sergio Gazzera, responde a la necesidad de adecuar la planificaci\u00f3n regional de producci\u00f3n en un contexto de retracci\u00f3n econ\u00f3mica y menor demanda de exportaciones.<\/p>\n<p data-sourcepos=\"8:1-8:427\">Durante junio, la planta de Alvear detendr\u00e1 sus l\u00edneas de montaje. De este per\u00edodo, quince d\u00edas se destinar\u00e1n a tareas de mantenimiento, con las consecuentes suspensiones para los trabajadores. El resto del mes, el personal tomar\u00e1 vacaciones, seg\u00fan lo acordado con el gremio. La situaci\u00f3n se extender\u00e1 en el tiempo, ya que la empresa sum\u00f3 al cronograma la primera semana de cada mes sin producci\u00f3n desde julio hasta fin de a\u00f1o.<\/p>\n<p data-sourcepos=\"10:1-10:396\">Desde Smata, el panorama proyecta que diciembre podr\u00eda acumular incluso m\u00e1s tiempo sin actividad productiva, lo que se compensar\u00eda con la asignaci\u00f3n de vacaciones al personal. Una de las principales inc\u00f3gnitas que a\u00fan se est\u00e1 definiendo es si los aproximadamente 600 trabajadores afectados mantendr\u00e1n el 75% de su sueldo bruto durante los per\u00edodos de suspensi\u00f3n, o si esta cifra se ver\u00e1 reducida.<\/p>\n<h3 data-sourcepos=\"14:1-14:57\"><strong>El comunicado de la empresa y la din\u00e1mica exportadora<\/strong><\/h3>\n<p data-sourcepos=\"16:1-16:303\">General Motors emiti\u00f3 un comunicado oficial explicando los motivos detr\u00e1s de estas medidas. La empresa se\u00f1al\u00f3 que \u00abcon el objetivo de adecuar su planificaci\u00f3n regional de producci\u00f3n, instrumentar\u00e1 una suspensi\u00f3n de una semana por mes en la planta de Alvear, a partir de julio y hasta diciembre de 2025\u00bb.<\/p>\n<p data-sourcepos=\"18:1-18:442\">El comunicado enfatiza que esta decisi\u00f3n \u00abse basa en la din\u00e1mica de las exportaciones en el actual escenario sudamericano\u00bb. La planta de Alvear es clave para la producci\u00f3n de la <strong>Chevrolet Tracker<\/strong>, un modelo del cual gran parte de su volumen se destina a Brasil. Dado que este veh\u00edculo tambi\u00e9n se fabrica en el pa\u00eds vecino y el mercado regional atraviesa una baja demanda, General Motors se ve obligada a ajustar sus niveles de producci\u00f3n.<\/p>\n<p data-sourcepos=\"20:1-20:407\">A pesar de las suspensiones, la automotriz asegur\u00f3 que estas medidas \u00abno afectar\u00e1n el abastecimiento de veh\u00edculos al mercado argentino, ni las inversiones para realizar las actualizaciones necesarias en la planta para fabricar la nueva generaci\u00f3n de Tracker\u00bb. Esto sugiere que la empresa busca proteger el mercado local y mantener sus planes de inversi\u00f3n a largo plazo, a pesar de los desaf\u00edos coyunturales.<\/p>\n<p data-sourcepos=\"22:1-22:440\">Es importante recordar que General Motors ya hab\u00eda implementado ajustes en su esquema de producci\u00f3n durante el mes de mayo, operando de lunes a jueves y suspendiendo actividades los dos d\u00edas previos al \u00faltimo viernes del mes. La actual profundizaci\u00f3n de estas medidas refleja la persistencia de la crisis econ\u00f3mica y su impacto en la industria automotriz, especialmente en aquellas compa\u00f1\u00edas con fuerte dependencia de los mercados externos.<\/p>\n","protected":false},"excerpt":{"rendered":"<p>General Motors, la gigante automotriz, ha anunciado un dr\u00e1stico ajuste en su planta de Alvear, Santa Fe, que impactar\u00e1 significativamente<\/p>\n","protected":false},"author":1,"featured_media":71987,"comment_status":"closed","ping_status":"closed","sticky":false,"template":"","format":"standard","meta":{"kia_subtitle":"La automotriz detendr\u00e1 la fabricaci\u00f3n de veh\u00edculos durante todo junio y aplicar\u00e1 suspensiones de una semana por mes hasta fin de a\u00f1o, debido a la ca\u00edda de las exportaciones y la crisis econ\u00f3mica. La medida busca adecuar la planificaci\u00f3n regional de la empresa.","footnotes":"","jetpack_publicize_message":"","jetpack_publicize_feature_enabled":true,"jetpack_social_post_already_shared":true,"jetpack_social_options":{"image_generator_settings":{"template":"highway","default_image_id":0,"font":"","enabled":false},"version":2}},"categories":[3,41],"tags":[],"class_list":["post-116425","post","type-post","status-publish","format-standard","has-post-thumbnail","hentry","category-actualidad","category-nacionales"],"jetpack_publicize_connections":[],"jetpack_featured_media_url":"https:\/\/laurbedigital.com.ar\/noticias\/wp-content\/uploads\/2022\/03\/20220309-Industria-automotriz.jpg","_links":{"self":[{"href":"https:\/\/laurbedigital.com.ar\/noticias\/wp-json\/wp\/v2\/posts\/116425","targetHints":{"allow":["GET"]}}],"collection":[{"href":"https:\/\/laurbedigital.com.ar\/noticias\/wp-json\/wp\/v2\/posts"}],"about":[{"href":"https:\/\/laurbedigital.com.ar\/noticias\/wp-json\/wp\/v2\/types\/post"}],"author":[{"embeddable":true,"href":"https:\/\/laurbedigital.com.ar\/noticias\/wp-json\/wp\/v2\/users\/1"}],"replies":[{"embeddable":true,"href":"https:\/\/laurbedigital.com.ar\/noticias\/wp-json\/wp\/v2\/comments?post=116425"}],"version-history":[{"count":1,"href":"https:\/\/laurbedigital.com.ar\/noticias\/wp-json\/wp\/v2\/posts\/116425\/revisions"}],"predecessor-version":[{"id":116426,"href":"https:\/\/laurbedigital.com.ar\/noticias\/wp-json\/wp\/v2\/posts\/116425\/revisions\/116426"}],"wp:featuredmedia":[{"embeddable":true,"href":"https:\/\/laurbedigital.com.ar\/noticias\/wp-json\/wp\/v2\/media\/71987"}],"wp:attachment":[{"href":"https:\/\/laurbedigital.com.ar\/noticias\/wp-json\/wp\/v2\/media?parent=116425"}],"wp:term":[{"taxonomy":"category","embeddable":true,"href":"https:\/\/laurbedigital.com.ar\/noticias\/wp-json\/wp\/v2\/categories?post=116425"},{"taxonomy":"post_tag","embeddable":true,"href":"https:\/\/laurbedigital.com.ar\/noticias\/wp-json\/wp\/v2\/tags?post=116425"}],"curies":[{"name":"wp","href":"https:\/\/api.w.org\/{rel}","templated":true}]}}