{"id":116421,"date":"2025-05-30T02:34:22","date_gmt":"2025-05-30T05:34:22","guid":{"rendered":"https:\/\/laurbedigital.com.ar\/noticias\/?p=116421"},"modified":"2025-05-30T02:36:04","modified_gmt":"2025-05-30T05:36:04","slug":"colegios-privados-bonaerenses-nuevo-aumento-de-cuotas-en-junio-y-julio","status":"publish","type":"post","link":"https:\/\/laurbedigital.com.ar\/noticias\/2025\/05\/30\/colegios-privados-bonaerenses-nuevo-aumento-de-cuotas-en-junio-y-julio\/","title":{"rendered":"Colegios privados bonaerenses: Nuevo aumento de cuotas en junio y julio"},"content":{"rendered":"<p data-sourcepos=\"11:1-11:470\">Las familias bonaerenses con hijos en colegios privados subvencionados por el Estado deber\u00e1n afrontar un nuevo incremento en las cuotas a partir del pr\u00f3ximo mes de junio. La Direcci\u00f3n General de Escuelas y Cultura de la provincia de Buenos Aires ha autorizado una suba escalonada que totalizar\u00e1 un 11% en el bimestre venidero, buscando equilibrar el impacto en la econom\u00eda familiar con la necesidad de sostener la calidad educativa y afrontar los compromisos salariales.<\/p>\n<p data-sourcepos=\"13:1-13:458\">Seg\u00fan la disposici\u00f3n provincial, el primer tramo del aumento, que se aplicar\u00e1 en junio, ser\u00e1 de hasta un 6,5%. Posteriormente, en julio, se sumar\u00e1 un 4,2% adicional. Esta decisi\u00f3n se produce apenas un mes despu\u00e9s de la \u00faltima actualizaci\u00f3n, que hab\u00eda sido del 3% para el mes de abril. La medida se enmarca en la actualizaci\u00f3n de los cuadros tarifarios que rigen para las instituciones educativas de gesti\u00f3n privada que reciben alg\u00fan tipo de subsidio estatal.<\/p>\n<p data-sourcepos=\"15:1-15:582\">Desde la Asociaci\u00f3n de Institutos de Ense\u00f1anza Privada de la Provincia de Buenos Aires (Aiepba) se inform\u00f3 que el porcentaje autorizado en esta ocasi\u00f3n \u201ccoincide con la mejora que el Gobierno bonaerense adjudic\u00f3 a los docentes en el marco de la paritaria y que alcanza a los educadores que se desempe\u00f1an en el \u00e1mbito del sistema privado de ense\u00f1anza\u201d. Esta explicaci\u00f3n sugiere que el ajuste en las cuotas est\u00e1 directamente vinculado a los acuerdos paritarios para el sector docente, buscando asegurar que los colegios puedan hacer frente a los incrementos salariales de su personal.<\/p>\n<p data-sourcepos=\"17:1-17:615\">Mart\u00edn Zurita, secretario ejecutivo de la Asociaci\u00f3n de Institutos de Ense\u00f1anza Privada de Argentina (Aiepa), una entidad que nuclea a m\u00e1s de 3.500 institutos en la provincia de Buenos Aires y otros 2.000 a nivel nacional, sostuvo que \u201ceste nuevo cuadro tarifario permite mantener \u2013como siempre\u2013 la calidad de los servicios educativos que ofrece el segmento de la educaci\u00f3n privada. El porcentaje autorizado permite afrontar el pago de los sueldos otorgados oportunamente\u201d. Sus declaraciones resaltan la prioridad de las instituciones por preservar la calidad acad\u00e9mica, incluso en un contexto econ\u00f3mico desafiante.<\/p>\n<p data-sourcepos=\"19:1-19:550\">Sin embargo, Zurita tambi\u00e9n aclar\u00f3 que \u201cel nuevo cuadro arancelario no contempla el incremento que tuvo que afrontar el sector en temas de mantenimiento y en los servicios p\u00fablicos\u201d. Esto implica que, a pesar del aumento en las cuotas, los colegios privados a\u00fan deben realizar un \u201cgran esfuerzo, junto a las comunidades educativas para sostener el nivel educativo\u201d, ya que no todos los costos operativos se ven reflejados en esta actualizaci\u00f3n tarifaria. Pese a ello, el compromiso de los asociados es \u201cno resignar la calidad del servicio educativo\u201d.<\/p>\n<p data-sourcepos=\"21:1-21:281\">Comparativamente, la Ciudad Aut\u00f3noma de Buenos Aires tambi\u00e9n dispuso ajustes en sus aranceles. En la jurisdicci\u00f3n porte\u00f1a, los colegios privados podr\u00e1n modificar sus cuotas un 2% en junio y un 2,4% en julio, porcentajes menores a los establecidos para la provincia de Buenos Aires.<\/p>\n<p data-sourcepos=\"21:1-21:281\"><img loading=\"lazy\" decoding=\"async\" class=\"alignnone wp-image-116422\" src=\"https:\/\/laurbedigital.com.ar\/noticias\/wp-content\/uploads\/2025\/05\/JUNIO-25.jpg\" alt=\"\" width=\"841\" height=\"190\" title=\"\" srcset=\"https:\/\/laurbedigital.com.ar\/noticias\/wp-content\/uploads\/2025\/05\/JUNIO-25.jpg 1124w, https:\/\/laurbedigital.com.ar\/noticias\/wp-content\/uploads\/2025\/05\/JUNIO-25-300x68.jpg 300w, https:\/\/laurbedigital.com.ar\/noticias\/wp-content\/uploads\/2025\/05\/JUNIO-25-1024x231.jpg 1024w, https:\/\/laurbedigital.com.ar\/noticias\/wp-content\/uploads\/2025\/05\/JUNIO-25-768x174.jpg 768w\" sizes=\"auto, (max-width: 841px) 100vw, 841px\" \/><\/p>\n<p data-sourcepos=\"21:1-21:281\"><img loading=\"lazy\" decoding=\"async\" class=\"alignnone wp-image-116423\" src=\"https:\/\/laurbedigital.com.ar\/noticias\/wp-content\/uploads\/2025\/05\/JULIO-25.jpg\" alt=\"\" width=\"849\" height=\"205\" title=\"\" srcset=\"https:\/\/laurbedigital.com.ar\/noticias\/wp-content\/uploads\/2025\/05\/JULIO-25.jpg 1124w, https:\/\/laurbedigital.com.ar\/noticias\/wp-content\/uploads\/2025\/05\/JULIO-25-300x72.jpg 300w, https:\/\/laurbedigital.com.ar\/noticias\/wp-content\/uploads\/2025\/05\/JULIO-25-1024x247.jpg 1024w, https:\/\/laurbedigital.com.ar\/noticias\/wp-content\/uploads\/2025\/05\/JULIO-25-768x185.jpg 768w\" sizes=\"auto, (max-width: 849px) 100vw, 849px\" \/><\/p>\n<p data-sourcepos=\"23:1-23:541\">El historial reciente de aumentos en la provincia de Buenos Aires muestra un panorama de ajustes recurrentes. En octubre del a\u00f1o pasado, la Direcci\u00f3n General de Escuelas bonaerenses hab\u00eda autorizado un incremento del 3,8% para la cuota de diciembre de 2024, seguido de un 6% para la boleta correspondiente al primer mes del ciclo lectivo 2025. Estos movimientos reflejan una din\u00e1mica constante de revisi\u00f3n de aranceles por parte de las autoridades provinciales, en un intento por acompa\u00f1ar la evoluci\u00f3n de los costos educativos y salariales.<\/p>\n<p data-sourcepos=\"25:1-25:489\">La decisi\u00f3n de la Direcci\u00f3n General de Escuelas y Cultura provincial de fijar estos nuevos topes arancelarios busca proporcionar un marco de previsibilidad para las instituciones que reciben ayuda estatal, al tiempo que intenta contener el impacto en los bolsillos de las familias. La educaci\u00f3n privada, que atiende a un importante segmento de la poblaci\u00f3n, se encuentra en una encrucijada entre la necesidad de sostener su infraestructura y personal, y la capacidad de pago de los padres.<\/p>\n","protected":false},"excerpt":{"rendered":"<p>Las familias bonaerenses con hijos en colegios privados subvencionados por el Estado deber\u00e1n afrontar un nuevo incremento en las cuotas<\/p>\n","protected":false},"author":1,"featured_media":102978,"comment_status":"closed","ping_status":"closed","sticky":false,"template":"","format":"standard","meta":{"kia_subtitle":"La Direcci\u00f3n General de Escuelas de la Provincia autoriz\u00f3 un incremento del 6,5% el pr\u00f3ximo mes y otro del 4,2% en julio, totalizando un 11% en el bimestre, para los establecimientos con subvenci\u00f3n estatal. El ajuste se alinea con la mejora salarial docente.","footnotes":"","jetpack_publicize_message":"","jetpack_publicize_feature_enabled":true,"jetpack_social_post_already_shared":true,"jetpack_social_options":{"image_generator_settings":{"template":"highway","default_image_id":0,"font":"","enabled":false},"version":2}},"categories":[3,56,41],"tags":[],"class_list":["post-116421","post","type-post","status-publish","format-standard","has-post-thumbnail","hentry","category-actualidad","category-buenos-aires","category-nacionales"],"jetpack_publicize_connections":[],"jetpack_featured_media_url":"https:\/\/laurbedigital.com.ar\/noticias\/wp-content\/uploads\/2024\/03\/202400314-chicos-escuela-privada.jpg","_links":{"self":[{"href":"https:\/\/laurbedigital.com.ar\/noticias\/wp-json\/wp\/v2\/posts\/116421","targetHints":{"allow":["GET"]}}],"collection":[{"href":"https:\/\/laurbedigital.com.ar\/noticias\/wp-json\/wp\/v2\/posts"}],"about":[{"href":"https:\/\/laurbedigital.com.ar\/noticias\/wp-json\/wp\/v2\/types\/post"}],"author":[{"embeddable":true,"href":"https:\/\/laurbedigital.com.ar\/noticias\/wp-json\/wp\/v2\/users\/1"}],"replies":[{"embeddable":true,"href":"https:\/\/laurbedigital.com.ar\/noticias\/wp-json\/wp\/v2\/comments?post=116421"}],"version-history":[{"count":1,"href":"https:\/\/laurbedigital.com.ar\/noticias\/wp-json\/wp\/v2\/posts\/116421\/revisions"}],"predecessor-version":[{"id":116424,"href":"https:\/\/laurbedigital.com.ar\/noticias\/wp-json\/wp\/v2\/posts\/116421\/revisions\/116424"}],"wp:featuredmedia":[{"embeddable":true,"href":"https:\/\/laurbedigital.com.ar\/noticias\/wp-json\/wp\/v2\/media\/102978"}],"wp:attachment":[{"href":"https:\/\/laurbedigital.com.ar\/noticias\/wp-json\/wp\/v2\/media?parent=116421"}],"wp:term":[{"taxonomy":"category","embeddable":true,"href":"https:\/\/laurbedigital.com.ar\/noticias\/wp-json\/wp\/v2\/categories?post=116421"},{"taxonomy":"post_tag","embeddable":true,"href":"https:\/\/laurbedigital.com.ar\/noticias\/wp-json\/wp\/v2\/tags?post=116421"}],"curies":[{"name":"wp","href":"https:\/\/api.w.org\/{rel}","templated":true}]}}