{"id":116418,"date":"2025-05-30T02:29:00","date_gmt":"2025-05-30T05:29:00","guid":{"rendered":"https:\/\/laurbedigital.com.ar\/noticias\/?p=116418"},"modified":"2025-05-30T02:29:00","modified_gmt":"2025-05-30T05:29:00","slug":"dia-mundial-de-la-esclerosis-multiple-un-llamado-a-la-conciencia-y-apoyo-2","status":"publish","type":"post","link":"https:\/\/laurbedigital.com.ar\/noticias\/2025\/05\/30\/dia-mundial-de-la-esclerosis-multiple-un-llamado-a-la-conciencia-y-apoyo-2\/","title":{"rendered":"D\u00eda Mundial de la Esclerosis M\u00faltiple: Un llamado a la conciencia y apoyo"},"content":{"rendered":"<p>La esclerosis m\u00faltiple (EM) afecta a millones de personas en todo el mundo. En el D\u00eda Mundial de la Esclerosis M\u00faltiple, organizaciones y comunidades se unen para visibilizar los desaf\u00edos que enfrentan los pacientes y promover la investigaci\u00f3n y el apoyo necesario para mejorar su calidad de vida.<\/p>\n<p>La esclerosis m\u00faltiple es una enfermedad del sistema nervioso central que interfiere en la comunicaci\u00f3n entre el cerebro y el resto del cuerpo. Los s\u00edntomas var\u00edan ampliamente entre los pacientes, desde fatiga y problemas de movilidad hasta dificultades cognitivas y trastornos visuales. Esta diversidad en los s\u00edntomas hace que el diagn\u00f3stico y el tratamiento sean complejos, subrayando la importancia de una mayor concienciaci\u00f3n y comprensi\u00f3n de la enfermedad.<\/p>\n<p>Cada a\u00f1o, el 30 de mayo, el D\u00eda Mundial de la Esclerosis M\u00faltiple ofrece una oportunidad para reflexionar sobre el impacto de la EM en la vida de las personas afectadas y sus familias. Este d\u00eda tambi\u00e9n sirve para destacar los avances en la investigaci\u00f3n y los tratamientos que, aunque no curativos, pueden ayudar a manejar los s\u00edntomas y mejorar la calidad de vida de los pacientes.<\/p>\n<p>Las campa\u00f1as de concienciaci\u00f3n buscan educar al p\u00fablico sobre la esclerosis m\u00faltiple, desmitificando la enfermedad y alentando la empat\u00eda y el apoyo. Adem\u00e1s, estas iniciativas subrayan la necesidad de financiaci\u00f3n para la investigaci\u00f3n, que es crucial para desarrollar tratamientos m\u00e1s efectivos y, eventualmente, una cura.<\/p>\n<p>En este D\u00eda Mundial de la Esclerosis M\u00faltiple, se insta a las personas a participar en actividades de sensibilizaci\u00f3n, ya sea a trav\u00e9s de eventos comunitarios, compartiendo informaci\u00f3n en redes sociales, o apoyando a organizaciones dedicadas a la lucha contra la EM. La solidaridad y el apoyo de la comunidad son esenciales para mejorar las vidas de aquellos que enfrentan esta enfermedad todos los d\u00edas.<\/p>\n<p>Con un mayor conocimiento y comprensi\u00f3n, podemos contribuir a un futuro en el que la esclerosis m\u00faltiple no limite las oportunidades y la calidad de vida de quienes la padecen. Este 30 de mayo, un\u00e1monos en la lucha contra la esclerosis m\u00faltiple, recordando que cada peque\u00f1o esfuerzo cuenta.<\/p>\n","protected":false},"excerpt":{"rendered":"<p>La esclerosis m\u00faltiple (EM) afecta a millones de personas en todo el mundo. En el D\u00eda Mundial de la Esclerosis<\/p>\n","protected":false},"author":1,"featured_media":105412,"comment_status":"closed","ping_status":"closed","sticky":false,"template":"","format":"standard","meta":{"kia_subtitle":"Cada 30 de mayo se celebra el D\u00eda Mundial de la Esclerosis M\u00faltiple, una fecha dedicada a aumentar la conciencia sobre esta enfermedad neurol\u00f3gica cr\u00f3nica y a apoyar a quienes la padecen.","footnotes":"","jetpack_publicize_message":"","jetpack_publicize_feature_enabled":true,"jetpack_social_post_already_shared":true,"jetpack_social_options":{"image_generator_settings":{"template":"highway","default_image_id":0,"font":"","enabled":false},"version":2}},"categories":[5,2594],"tags":[],"class_list":["post-116418","post","type-post","status-publish","format-standard","has-post-thumbnail","hentry","category-cultura","category-efemerides"],"jetpack_publicize_connections":[],"jetpack_featured_media_url":"https:\/\/laurbedigital.com.ar\/noticias\/wp-content\/uploads\/2024\/05\/20240530-EM-e1717054584494.jpg","_links":{"self":[{"href":"https:\/\/laurbedigital.com.ar\/noticias\/wp-json\/wp\/v2\/posts\/116418","targetHints":{"allow":["GET"]}}],"collection":[{"href":"https:\/\/laurbedigital.com.ar\/noticias\/wp-json\/wp\/v2\/posts"}],"about":[{"href":"https:\/\/laurbedigital.com.ar\/noticias\/wp-json\/wp\/v2\/types\/post"}],"author":[{"embeddable":true,"href":"https:\/\/laurbedigital.com.ar\/noticias\/wp-json\/wp\/v2\/users\/1"}],"replies":[{"embeddable":true,"href":"https:\/\/laurbedigital.com.ar\/noticias\/wp-json\/wp\/v2\/comments?post=116418"}],"version-history":[{"count":1,"href":"https:\/\/laurbedigital.com.ar\/noticias\/wp-json\/wp\/v2\/posts\/116418\/revisions"}],"predecessor-version":[{"id":116420,"href":"https:\/\/laurbedigital.com.ar\/noticias\/wp-json\/wp\/v2\/posts\/116418\/revisions\/116420"}],"wp:featuredmedia":[{"embeddable":true,"href":"https:\/\/laurbedigital.com.ar\/noticias\/wp-json\/wp\/v2\/media\/105412"}],"wp:attachment":[{"href":"https:\/\/laurbedigital.com.ar\/noticias\/wp-json\/wp\/v2\/media?parent=116418"}],"wp:term":[{"taxonomy":"category","embeddable":true,"href":"https:\/\/laurbedigital.com.ar\/noticias\/wp-json\/wp\/v2\/categories?post=116418"},{"taxonomy":"post_tag","embeddable":true,"href":"https:\/\/laurbedigital.com.ar\/noticias\/wp-json\/wp\/v2\/tags?post=116418"}],"curies":[{"name":"wp","href":"https:\/\/api.w.org\/{rel}","templated":true}]}}