{"id":116406,"date":"2025-05-29T04:05:21","date_gmt":"2025-05-29T07:05:21","guid":{"rendered":"https:\/\/laurbedigital.com.ar\/noticias\/?p=116406"},"modified":"2025-05-29T04:05:21","modified_gmt":"2025-05-29T07:05:21","slug":"ajuste-brutal-en-el-estado-el-gobierno-de-milei-ya-despidio-a-casi-50-mil-empleados-publicos","status":"publish","type":"post","link":"https:\/\/laurbedigital.com.ar\/noticias\/2025\/05\/29\/ajuste-brutal-en-el-estado-el-gobierno-de-milei-ya-despidio-a-casi-50-mil-empleados-publicos\/","title":{"rendered":"Ajuste brutal en el Estado: el gobierno de Milei ya despidi\u00f3 a casi 50 mil empleados p\u00fablicos"},"content":{"rendered":"<p data-sourcepos=\"5:1-5:486\">El gobierno de Javier Milei ha difundido, con notable orgullo, un balance sobre su pol\u00edtica de reducci\u00f3n del Estado que revela cifras contundentes: en 17 meses de gesti\u00f3n, <strong>casi 48.000 trabajadores estatales han sido despedidos<\/strong>. Este dato surge de un informe oficial del Ministerio de Desregulaci\u00f3n y Transformaci\u00f3n del Estado, a cargo de Federico Sturzenegger, quien adem\u00e1s anunci\u00f3 que este dr\u00e1stico recorte \u00abse profundizar\u00e1 en los pr\u00f3ximos meses\u00bb.<\/p>\n<p data-sourcepos=\"7:1-7:483\">Seg\u00fan el documento, entre diciembre de 2023 y abril de 2025, la planta laboral del Estado nacional se redujo un 9,6%. El impacto fue especialmente severo en la Administraci\u00f3n P\u00fablica Nacional (APN) y en las empresas del Estado, donde la ca\u00edda del personal alcanz\u00f3 el 13,7% y el 16,4% respectivamente. <span class=\"citation-0 citation-end-0\">El informe gubernamental cuantifica este \u00abahorro\u00bb en 1.885 millones de d\u00f3lares anuales, sin hacer menci\u00f3n al costo social y humano que implica una poda de esta magnitud.<\/span><\/p>\n<h3 data-sourcepos=\"11:1-11:56\"><strong>Un desguace que va m\u00e1s all\u00e1 de los despidos directos<\/strong><\/h3>\n<p data-sourcepos=\"13:1-13:625\">El ajuste implementado por la administraci\u00f3n de Milei no se limit\u00f3 a los despidos de personal de planta. Los contratos bajo la Ley Marco experimentaron una reducci\u00f3n del 20%, mientras que el personal contratado bajo la modalidad de monotributo (LOYS) sufri\u00f3 un desplome a\u00fan m\u00e1s pronunciado, del 55%. Pese a las reiteradas advertencias de gremios, universidades y organismos internacionales sobre el deterioro inminente de los servicios p\u00fablicos, el Gobierno mantiene su postura, insistiendo en que solo se sostendr\u00e1n \u00ablas \u00e1reas que cumplan una misi\u00f3n esencial\u00bb, sin ofrecer una definici\u00f3n clara de qu\u00e9 implica esta categor\u00eda.<\/p>\n<p data-sourcepos=\"15:1-15:490\">Mientras tanto, los efectos del vaciamiento estatal ya se hacen sentir de manera palpable en diversas \u00e1reas. Se reportan hospitales con personal insuficiente, proyectos cient\u00edficos cruciales que han quedado paralizados, oficinas de atenci\u00f3n ciudadana que cerraron sus puertas y programas sociales que fueron desmantelados. Para sindicatos y especialistas, esta l\u00f3gica responde a un plan ideol\u00f3gico que busca desarticular el rol del Estado como garante de derechos y servicios fundamentales.<\/p>\n<h3 data-sourcepos=\"19:1-19:51\"><strong>Prioridades en cuesti\u00f3n y la voz de los gremios<\/strong><\/h3>\n<p data-sourcepos=\"21:1-21:503\">En un movimiento que genera controversia, en paralelo al desfinanciamiento de \u00e1reas clave como salud, educaci\u00f3n, ciencia y pol\u00edticas de g\u00e9nero, el Gobierno decidi\u00f3 triplicar los gastos reservados de inteligencia. Ante este escenario, desde la Asociaci\u00f3n Trabajadores del Estado (ATE) no dudaron en calificar la situaci\u00f3n: \u00abEsta no es una reestructuraci\u00f3n, es una demolici\u00f3n\u00bb. El gremio ya prepara nuevas medidas de fuerza frente a lo que describen como una \u00abola de despidos arbitrarios y generalizados\u00bb.<\/p>\n<p data-sourcepos=\"23:1-23:413\">Desde Casa Rosada, la narrativa es marcadamente diferente. El informe del Ministerio de Desregulaci\u00f3n celebra el plan de despidos como un ejemplo de \u00abeficiencia\u00bb en la administraci\u00f3n de los recursos p\u00fablicos. Adem\u00e1s, se anuncia la continuidad de la \u00abmotosierra\u00bb, con m\u00e1s desvinculaciones y la supresi\u00f3n de organismos considerados \u00abinnecesarios\u00bb, lo que presagia una profundizaci\u00f3n del ajuste en el sector p\u00fablico.<\/p>\n","protected":false},"excerpt":{"rendered":"<p>El gobierno de Javier Milei ha difundido, con notable orgullo, un balance sobre su pol\u00edtica de reducci\u00f3n del Estado que<\/p>\n","protected":false},"author":1,"featured_media":67183,"comment_status":"closed","ping_status":"closed","sticky":false,"template":"","format":"standard","meta":{"kia_subtitle":"En solo 17 meses de gesti\u00f3n, la administraci\u00f3n de Javier Milei concret\u00f3 el despido de casi 48.000 trabajadores estatales, un recorte que, seg\u00fan el propio gobierno, se profundizar\u00e1. La medida, que busca generar un \"ahorro\" de casi 1.900 millones de d\u00f3lares anuales, ya impacta cr\u00edticamente en servicios esenciales como salud, educaci\u00f3n y ciencia.","footnotes":"","jetpack_publicize_message":"","jetpack_publicize_feature_enabled":true,"jetpack_social_post_already_shared":true,"jetpack_social_options":{"image_generator_settings":{"template":"highway","default_image_id":0,"font":"","enabled":false},"version":2}},"categories":[3,41],"tags":[],"class_list":["post-116406","post","type-post","status-publish","format-standard","has-post-thumbnail","hentry","category-actualidad","category-nacionales"],"jetpack_publicize_connections":[],"jetpack_featured_media_url":"https:\/\/laurbedigital.com.ar\/noticias\/wp-content\/uploads\/2021\/12\/20211217-Empleados-publicos.jpg","_links":{"self":[{"href":"https:\/\/laurbedigital.com.ar\/noticias\/wp-json\/wp\/v2\/posts\/116406","targetHints":{"allow":["GET"]}}],"collection":[{"href":"https:\/\/laurbedigital.com.ar\/noticias\/wp-json\/wp\/v2\/posts"}],"about":[{"href":"https:\/\/laurbedigital.com.ar\/noticias\/wp-json\/wp\/v2\/types\/post"}],"author":[{"embeddable":true,"href":"https:\/\/laurbedigital.com.ar\/noticias\/wp-json\/wp\/v2\/users\/1"}],"replies":[{"embeddable":true,"href":"https:\/\/laurbedigital.com.ar\/noticias\/wp-json\/wp\/v2\/comments?post=116406"}],"version-history":[{"count":1,"href":"https:\/\/laurbedigital.com.ar\/noticias\/wp-json\/wp\/v2\/posts\/116406\/revisions"}],"predecessor-version":[{"id":116407,"href":"https:\/\/laurbedigital.com.ar\/noticias\/wp-json\/wp\/v2\/posts\/116406\/revisions\/116407"}],"wp:featuredmedia":[{"embeddable":true,"href":"https:\/\/laurbedigital.com.ar\/noticias\/wp-json\/wp\/v2\/media\/67183"}],"wp:attachment":[{"href":"https:\/\/laurbedigital.com.ar\/noticias\/wp-json\/wp\/v2\/media?parent=116406"}],"wp:term":[{"taxonomy":"category","embeddable":true,"href":"https:\/\/laurbedigital.com.ar\/noticias\/wp-json\/wp\/v2\/categories?post=116406"},{"taxonomy":"post_tag","embeddable":true,"href":"https:\/\/laurbedigital.com.ar\/noticias\/wp-json\/wp\/v2\/tags?post=116406"}],"curies":[{"name":"wp","href":"https:\/\/api.w.org\/{rel}","templated":true}]}}