{"id":11600,"date":"2018-02-10T15:18:12","date_gmt":"2018-02-10T18:18:12","guid":{"rendered":"http:\/\/laurbedigital.com.ar\/noticias\/?p=11600"},"modified":"2018-02-10T12:22:45","modified_gmt":"2018-02-10T15:22:45","slug":"paro-cortes-movilizaciones-la-semana-entrante","status":"publish","type":"post","link":"https:\/\/laurbedigital.com.ar\/noticias\/2018\/02\/10\/paro-cortes-movilizaciones-la-semana-entrante\/","title":{"rendered":"Paro, cortes y movilizaciones para la semana entrante"},"content":{"rendered":"<p>Trabajadores Estatales nucleados en la CTA, Aut\u00f3noma, organizaciones sociales y partidos pol\u00edticos de izquierda llevar\u00e1n a cabo una protesta el 15 que incluye un Paro Nacional, cortes a los accesos a la Capital Federal y una marcha a Plaza de Mayo.<\/p>\n<p>Seg\u00fan lo anunciado, los cortes ser\u00edan en las Inmediaciones del INTI, en General Paz; en la Autopista Ricchieri, a la altura de Puente 12; en el Puente Pueyrred\u00f3n y en el Hospital Posadas. La medida se da en reclamo a los despidos del Estado Nacional, y se han sumado partidos de izquierda y organizaciones sociales que adem\u00e1s reclaman por las pol\u00edticas econ\u00f3micas que est\u00e1n llevando a cabo desde el gobierno de Mauricio Macri.<\/p>\n<p>Los cortes iniciar\u00e1n a las 10 horas y se levantan alrededor de las 12, horario en el cual est\u00e1 prevista una concentraci\u00f3n a Plaza de Mayo. Entre los principales reclamos est\u00e1 el cese de los despidos en el Estado y en las empresas privadas, la apertura de paritarias con discusi\u00f3n salarial, y que se terminen las reformas que impulsa el Estado como la propuesta de Reforma Laboral, la previsional aprobada en diciembre \u00faltimo y \u00a0la reforma tributaria.<\/p>\n<p>A su vez, informaron desde la organizaci\u00f3n que el 21 se sumar\u00e1n a la marcha que est\u00e1 convocada desde la CGT, por iniciativa de Hugo Moyano.<\/p>\n","protected":false},"excerpt":{"rendered":"<p>Trabajadores Estatales nucleados en la CTA, Aut\u00f3noma, organizaciones sociales y partidos pol\u00edticos de izquierda llevar\u00e1n a cabo una protesta el<\/p>\n","protected":false},"author":1,"featured_media":11601,"comment_status":"closed","ping_status":"closed","sticky":false,"template":"","format":"standard","meta":{"kia_subtitle":"","footnotes":"","jetpack_publicize_message":"","jetpack_publicize_feature_enabled":true,"jetpack_social_post_already_shared":true,"jetpack_social_options":{"image_generator_settings":{"template":"highway","default_image_id":0,"font":"","enabled":false},"version":2}},"categories":[3,41],"tags":[285,233],"class_list":["post-11600","post","type-post","status-publish","format-standard","has-post-thumbnail","hentry","category-actualidad","category-nacionales","tag-15-de-febrero","tag-paro-nacional"],"jetpack_publicize_connections":[],"jetpack_featured_media_url":"https:\/\/laurbedigital.com.ar\/noticias\/wp-content\/uploads\/2018\/02\/20180210-nac1.jpg","_links":{"self":[{"href":"https:\/\/laurbedigital.com.ar\/noticias\/wp-json\/wp\/v2\/posts\/11600","targetHints":{"allow":["GET"]}}],"collection":[{"href":"https:\/\/laurbedigital.com.ar\/noticias\/wp-json\/wp\/v2\/posts"}],"about":[{"href":"https:\/\/laurbedigital.com.ar\/noticias\/wp-json\/wp\/v2\/types\/post"}],"author":[{"embeddable":true,"href":"https:\/\/laurbedigital.com.ar\/noticias\/wp-json\/wp\/v2\/users\/1"}],"replies":[{"embeddable":true,"href":"https:\/\/laurbedigital.com.ar\/noticias\/wp-json\/wp\/v2\/comments?post=11600"}],"version-history":[{"count":2,"href":"https:\/\/laurbedigital.com.ar\/noticias\/wp-json\/wp\/v2\/posts\/11600\/revisions"}],"predecessor-version":[{"id":11603,"href":"https:\/\/laurbedigital.com.ar\/noticias\/wp-json\/wp\/v2\/posts\/11600\/revisions\/11603"}],"wp:featuredmedia":[{"embeddable":true,"href":"https:\/\/laurbedigital.com.ar\/noticias\/wp-json\/wp\/v2\/media\/11601"}],"wp:attachment":[{"href":"https:\/\/laurbedigital.com.ar\/noticias\/wp-json\/wp\/v2\/media?parent=11600"}],"wp:term":[{"taxonomy":"category","embeddable":true,"href":"https:\/\/laurbedigital.com.ar\/noticias\/wp-json\/wp\/v2\/categories?post=11600"},{"taxonomy":"post_tag","embeddable":true,"href":"https:\/\/laurbedigital.com.ar\/noticias\/wp-json\/wp\/v2\/tags?post=11600"}],"curies":[{"name":"wp","href":"https:\/\/api.w.org\/{rel}","templated":true}]}}