{"id":115900,"date":"2025-05-14T03:50:34","date_gmt":"2025-05-14T06:50:34","guid":{"rendered":"https:\/\/laurbedigital.com.ar\/noticias\/?p=115900"},"modified":"2025-05-14T03:50:34","modified_gmt":"2025-05-14T06:50:34","slug":"cascallares-acompano-a-los-chicos-que-jugaron-la-final-de-la-copa-ciudad-de-marmol","status":"publish","type":"post","link":"https:\/\/laurbedigital.com.ar\/noticias\/2025\/05\/14\/cascallares-acompano-a-los-chicos-que-jugaron-la-final-de-la-copa-ciudad-de-marmol\/","title":{"rendered":"Cascallares acompa\u00f1\u00f3 a los chicos que jugaron la final de la Copa \u00abCiudad de M\u00e1rmol\u00bb"},"content":{"rendered":"<p>La actividad se llev\u00f3 adelante en la Sociedad de Fomento San Mart\u00edn, ubicada en Ram\u00edrez y S\u00e1enz Pe\u00f1a, donde se enfrentaron el Club San Mart\u00edn de M\u00e1rmol y el Club Social y Deportivo M\u00e1rmol, que finalmente se coron\u00f3 campe\u00f3n por penales.<\/p>\n<p>En este marco, el jefe comunal dijo presente en la jornada, disfrut\u00f3 del partido y luego felicit\u00f3 a todos los j\u00f3venes que protagonizaron el encuentro, adem\u00e1s de dialogar tambi\u00e9n con las familias y directivos de los clubes.<\/p>\n<h5><strong><em>\u201cSiempre es una inmensa alegr\u00eda compartir momentos con nuestros clubes de barrio y fomentar el deporte. Esta vez, en una competencia apasionante por la Copa Ciudad M\u00e1rmol, en el marco de las actividades por el 141\u00b0 aniversario de esta querida localidad browniana\u201d, subray\u00f3 Mariano Cascallares.<\/em><\/strong><\/h5>\n<p><img loading=\"lazy\" decoding=\"async\" class=\"alignnone size-full wp-image-115902\" src=\"https:\/\/laurbedigital.com.ar\/noticias\/wp-content\/uploads\/2025\/05\/20250513-Brown-Cascalllares-COPA-CIUDAD-DE-MARMOL-1.jpg\" alt=\"\" width=\"768\" height=\"428\" title=\"\" srcset=\"https:\/\/laurbedigital.com.ar\/noticias\/wp-content\/uploads\/2025\/05\/20250513-Brown-Cascalllares-COPA-CIUDAD-DE-MARMOL-1.jpg 768w, https:\/\/laurbedigital.com.ar\/noticias\/wp-content\/uploads\/2025\/05\/20250513-Brown-Cascalllares-COPA-CIUDAD-DE-MARMOL-1-300x167.jpg 300w\" sizes=\"auto, (max-width: 768px) 100vw, 768px\" \/><\/p>\n<p>En la jornada dijeron presente tambi\u00e9n el presidente del Instituto Municipal del Deporte, Mauricio G\u00f3mez; el asesor Jonathan Frisa; la coordinadora de Clubes de Barrio, Maura Gonz\u00e1lez y la delegada local, Valeria Ramallo.<\/p>\n","protected":false},"excerpt":{"rendered":"<p>La actividad se llev\u00f3 adelante en la Sociedad de Fomento San Mart\u00edn, ubicada en Ram\u00edrez y S\u00e1enz Pe\u00f1a, donde se<\/p>\n","protected":false},"author":1,"featured_media":115901,"comment_status":"closed","ping_status":"closed","sticky":false,"template":"","format":"standard","meta":{"kia_subtitle":"El intendente de Almirante Brown, Mariano Cascallares, acompa\u00f1\u00f3 a los chicos que protagonizaron la final de la Copa Ciudad de Jos\u00e9 M\u00e1rmol, en el marco de las actividades por la Semana de la Identidad Cultural, en el 141\u00b0 aniversario de la localidad.","footnotes":"","jetpack_publicize_message":"","jetpack_publicize_feature_enabled":true,"jetpack_social_post_already_shared":true,"jetpack_social_options":{"image_generator_settings":{"template":"highway","default_image_id":0,"font":"","enabled":false},"version":2}},"categories":[2,33,42],"tags":[],"class_list":["post-115900","post","type-post","status-publish","format-standard","has-post-thumbnail","hentry","category-alte-brown","category-alte-brown-alte-brown","category-jose-marmol"],"jetpack_publicize_connections":[],"jetpack_featured_media_url":"https:\/\/laurbedigital.com.ar\/noticias\/wp-content\/uploads\/2025\/05\/20250513-Brown-Cascalllares-COPA-CIUDAD-DE-MARMOL.jpg","_links":{"self":[{"href":"https:\/\/laurbedigital.com.ar\/noticias\/wp-json\/wp\/v2\/posts\/115900","targetHints":{"allow":["GET"]}}],"collection":[{"href":"https:\/\/laurbedigital.com.ar\/noticias\/wp-json\/wp\/v2\/posts"}],"about":[{"href":"https:\/\/laurbedigital.com.ar\/noticias\/wp-json\/wp\/v2\/types\/post"}],"author":[{"embeddable":true,"href":"https:\/\/laurbedigital.com.ar\/noticias\/wp-json\/wp\/v2\/users\/1"}],"replies":[{"embeddable":true,"href":"https:\/\/laurbedigital.com.ar\/noticias\/wp-json\/wp\/v2\/comments?post=115900"}],"version-history":[{"count":1,"href":"https:\/\/laurbedigital.com.ar\/noticias\/wp-json\/wp\/v2\/posts\/115900\/revisions"}],"predecessor-version":[{"id":115903,"href":"https:\/\/laurbedigital.com.ar\/noticias\/wp-json\/wp\/v2\/posts\/115900\/revisions\/115903"}],"wp:featuredmedia":[{"embeddable":true,"href":"https:\/\/laurbedigital.com.ar\/noticias\/wp-json\/wp\/v2\/media\/115901"}],"wp:attachment":[{"href":"https:\/\/laurbedigital.com.ar\/noticias\/wp-json\/wp\/v2\/media?parent=115900"}],"wp:term":[{"taxonomy":"category","embeddable":true,"href":"https:\/\/laurbedigital.com.ar\/noticias\/wp-json\/wp\/v2\/categories?post=115900"},{"taxonomy":"post_tag","embeddable":true,"href":"https:\/\/laurbedigital.com.ar\/noticias\/wp-json\/wp\/v2\/tags?post=115900"}],"curies":[{"name":"wp","href":"https:\/\/api.w.org\/{rel}","templated":true}]}}