{"id":115404,"date":"2025-04-24T02:51:21","date_gmt":"2025-04-24T05:51:21","guid":{"rendered":"https:\/\/laurbedigital.com.ar\/noticias\/?p=115404"},"modified":"2025-04-24T02:51:21","modified_gmt":"2025-04-24T05:51:21","slug":"el-mundo-despide-a-francisco-el-papa-que-supero-las-fronteras-de-la-fe","status":"publish","type":"post","link":"https:\/\/laurbedigital.com.ar\/noticias\/2025\/04\/24\/el-mundo-despide-a-francisco-el-papa-que-supero-las-fronteras-de-la-fe\/","title":{"rendered":"El mundo despide a Francisco, el Papa que super\u00f3 las fronteras de la fe"},"content":{"rendered":"<p data-sourcepos=\"5:1-5:564\">El Vaticano y el mundo entero despiden hoy a una figura que logr\u00f3 trascender las barreras de la creencia religiosa. El Papa Francisco, Jorge Bergoglio, ha fallecido, dejando tras de s\u00ed un legado que, seg\u00fan observadores y fieles por igual, incluye un \u00abmilagro\u00bb particular: por primera vez en la historia reciente, la muerte de un Sumo Pont\u00edfice es lamentada masiva y sinceramente por personas que se declaran ateas o agn\u00f3sticas. Este fen\u00f3meno subraya el impacto \u00fanico que Francisco tuvo, conectando con una diversidad de p\u00fablicos mucho m\u00e1s all\u00e1 de la grey cat\u00f3lica.<\/p>\n<p data-sourcepos=\"7:1-7:491\">Francisco se distingui\u00f3 por una serie de rasgos que lo acercaron a creyentes y no creyentes por igual: su profundo compromiso con los pobres y marginados, su sencillez, humildad y austeridad, su valent\u00eda para criticar a los poderosos y su inquebrantable defensa de los derechos humanos y la justicia social. Fue ampliamente considerado el primer Papa progresista, un l\u00edder cercano que no tem\u00eda abordar temas complejos y que desafi\u00f3 posturas tradicionales de la Iglesia en m\u00faltiples aspectos.<\/p>\n<p data-sourcepos=\"9:1-9:485\">Los sentimientos que generaba quedaban patentes incluso d\u00edas antes de su deceso. En un mi\u00e9rcoles 2 de abril, con la Plaza de San Pedro colmada de fieles en el marco del Jubileo de 2025, la preocupaci\u00f3n por su salud era palpable \u2013ven\u00eda de una internaci\u00f3n de 39 d\u00edas de la que hab\u00eda salido el 25 de marzo\u2013, pero tambi\u00e9n lo era el optimismo por verlo recuperado. Entre turistas y peregrinos de diversas partes del mundo, las muestras de afecto y admiraci\u00f3n por Francisco se multiplicaban.<\/p>\n<p data-sourcepos=\"11:1-11:886\">Testimonios recogidos en esa jornada reflejaban el sentir general. Una mujer colombiana expresaba haber rezado por \u00e9l porque el mundo \u00ablo necesita\u00bb dado que \u00abel odio est\u00e1 creciendo y \u00e9l nos habla desde el amor\u00bb, rescatando sus palabras a favor de los migrantes. Un joven argentino manifestaba su orgullo por su compatriota, quien \u00abnos sorprendi\u00f3 con su compromiso progresista\u00bb, hablando en favor de los pobres, las mujeres, el colectivo LGTBQI+ y los divorciados, sectores a menudo se\u00f1alados por la instituci\u00f3n eclesi\u00e1stica en el pasado. Un italiano celebraba su car\u00e1cter \u00abm\u00e1s pol\u00edtico\u00bb, que no tem\u00eda \u00abcriticar a la ultraderecha, llamarla por su nombre\u00bb, contrast\u00e1ndolo con l\u00edderes que, a su juicio, pregonan odio y discriminaci\u00f3n. Una mexicana, que peregrin\u00f3 desde Puebla, cont\u00f3 que Francisco la hizo \u00abvolver a la Iglesia porque rechaz\u00f3 los lujos\u00bb, resaltando su humildad y austeridad.<\/p>\n<p data-sourcepos=\"13:1-13:351\">La figura de Francisco tambi\u00e9n fue fundamental en su lucha contra la pedofilia dentro de la Iglesia, un flagelo masivo y largamente encubierto por las m\u00e1ximas autoridades. Su decisi\u00f3n de enfrentar y condenar estos cr\u00edmenes, a pesar de las resistencias internas, fue un paso significativo que le vali\u00f3 reconocimiento m\u00e1s all\u00e1 de los muros del Vaticano.<\/p>\n<p data-sourcepos=\"15:1-15:652\">La noticia de su muerte, que lleg\u00f3 de improviso \u00absolo 18 d\u00edas despu\u00e9s\u00bb de aquella jornada de abril, en la ma\u00f1ana del lunes siguiente al Domingo de Resurrecci\u00f3n, impact\u00f3 a pesar de su avanzada edad (88 a\u00f1os). La constataci\u00f3n de que personas sin fe o con dudas sobre ella lamentaran su partida en masa subraya la magnitud de su \u00abmilagro\u00bb. Francisco lo logr\u00f3 con un discurso humanista, ambientalista, pacifista, de justicia social y de defensa de la conquista de derechos, un mensaje que contrast\u00f3 vivamente con tendencias globales hacia el individualismo, el armamentismo, la impunidad ante genocidios y la persecuci\u00f3n de minor\u00edas como las mujeres trans.<\/p>\n<p data-sourcepos=\"17:1-17:465\">Incluso figuras del \u00e1mbito cultural se hicieron eco de su influencia. La escritora Mariana Enriquez, desde su postura no creyente, comparti\u00f3 que Francisco le ense\u00f1\u00f3 a moderar su anticlericalismo y a ser m\u00e1s tolerante, reconociendo incluso una \u00absoberbia\u00bb en la actitud de muchos agn\u00f3sticos. Para ella, Francisco represent\u00f3 \u00abel l\u00edder m\u00e1s compasivo y con m\u00e1s criterio de Occidente\u00bb, una afirmaci\u00f3n que muchos comparten al observar el panorama pol\u00edtico y social global.<\/p>\n<p data-sourcepos=\"19:1-19:440\">El adi\u00f3s a Francisco, el Papa que logr\u00f3 ser querido y respetado incluso por quienes no compart\u00edan su fe, deja un vac\u00edo y la reflexi\u00f3n sobre el poder de un liderazgo basado en la empat\u00eda, la cr\u00edtica constructiva y la defensa de los valores humanos universales. Su legado perdurar\u00e1, recordando que es posible conectar con el \u00abbarro humano\u00bb y liderar desde la compasi\u00f3n en un mundo que, hoy m\u00e1s que nunca, parece necesitarla. Adi\u00f3s, Francisco.<\/p>\n","protected":false},"excerpt":{"rendered":"<p>El Vaticano y el mundo entero despiden hoy a una figura que logr\u00f3 trascender las barreras de la creencia religiosa.<\/p>\n","protected":false},"author":1,"featured_media":115405,"comment_status":"closed","ping_status":"closed","sticky":false,"template":"","format":"standard","meta":{"kia_subtitle":"La muerte del Sumo Pont\u00edfice genera un luto extendido, alcanzando de manera in\u00e9dita a ateos y agn\u00f3sticos, conmovidos por su mensaje de humanismo, justicia social y su compromiso con los m\u00e1s vulnerables. Un l\u00edder que, en un mundo polarizado, apel\u00f3 al amor y la comprensi\u00f3n.","footnotes":"","jetpack_publicize_message":"","jetpack_publicize_feature_enabled":true,"jetpack_social_post_already_shared":true,"jetpack_social_options":{"image_generator_settings":{"template":"highway","default_image_id":0,"font":"","enabled":false},"version":2}},"categories":[3,138],"tags":[],"class_list":["post-115404","post","type-post","status-publish","format-standard","has-post-thumbnail","hentry","category-actualidad","category-internacional"],"jetpack_publicize_connections":[],"jetpack_featured_media_url":"https:\/\/laurbedigital.com.ar\/noticias\/wp-content\/uploads\/2025\/04\/20250424-Papa-Francisco.jpg","_links":{"self":[{"href":"https:\/\/laurbedigital.com.ar\/noticias\/wp-json\/wp\/v2\/posts\/115404","targetHints":{"allow":["GET"]}}],"collection":[{"href":"https:\/\/laurbedigital.com.ar\/noticias\/wp-json\/wp\/v2\/posts"}],"about":[{"href":"https:\/\/laurbedigital.com.ar\/noticias\/wp-json\/wp\/v2\/types\/post"}],"author":[{"embeddable":true,"href":"https:\/\/laurbedigital.com.ar\/noticias\/wp-json\/wp\/v2\/users\/1"}],"replies":[{"embeddable":true,"href":"https:\/\/laurbedigital.com.ar\/noticias\/wp-json\/wp\/v2\/comments?post=115404"}],"version-history":[{"count":1,"href":"https:\/\/laurbedigital.com.ar\/noticias\/wp-json\/wp\/v2\/posts\/115404\/revisions"}],"predecessor-version":[{"id":115406,"href":"https:\/\/laurbedigital.com.ar\/noticias\/wp-json\/wp\/v2\/posts\/115404\/revisions\/115406"}],"wp:featuredmedia":[{"embeddable":true,"href":"https:\/\/laurbedigital.com.ar\/noticias\/wp-json\/wp\/v2\/media\/115405"}],"wp:attachment":[{"href":"https:\/\/laurbedigital.com.ar\/noticias\/wp-json\/wp\/v2\/media?parent=115404"}],"wp:term":[{"taxonomy":"category","embeddable":true,"href":"https:\/\/laurbedigital.com.ar\/noticias\/wp-json\/wp\/v2\/categories?post=115404"},{"taxonomy":"post_tag","embeddable":true,"href":"https:\/\/laurbedigital.com.ar\/noticias\/wp-json\/wp\/v2\/tags?post=115404"}],"curies":[{"name":"wp","href":"https:\/\/api.w.org\/{rel}","templated":true}]}}