{"id":115401,"date":"2025-04-24T02:46:38","date_gmt":"2025-04-24T05:46:38","guid":{"rendered":"https:\/\/laurbedigital.com.ar\/noticias\/?p=115401"},"modified":"2025-04-24T03:34:49","modified_gmt":"2025-04-24T06:34:49","slug":"dos-meses-sin-lian-y-un-ruego-en-medio-de-la-incertidumbre","status":"publish","type":"post","link":"https:\/\/laurbedigital.com.ar\/noticias\/2025\/04\/24\/dos-meses-sin-lian-y-un-ruego-en-medio-de-la-incertidumbre\/","title":{"rendered":"Dos meses sin Lian y un ruego en medio de la incertidumbre"},"content":{"rendered":"<p data-sourcepos=\"5:1-5:606\">La angustia se ha instalado en Ballesteros del Sud, al sur de la provincia de C\u00f3rdoba. Han transcurrido dos meses desde aquel fat\u00eddico 22 de febrero en que Lian Gael Flores Soraide, de apenas tres a\u00f1os, fue visto por \u00faltima vez mientras jugaba en el patio de su casa. Sesenta d\u00edas sin noticias, sin rastros, sumen a sus padres, El\u00edas Flores y Pl\u00e1cida Soraide, en una desesperaci\u00f3n que no cede ante el paso del tiempo. El caso del ni\u00f1o desaparecido se ha convertido en un enigma doloroso, con m\u00faltiples l\u00edneas de investigaci\u00f3n abiertas, pero ninguna evidencia contundente que permita vislumbrar su paradero.<\/p>\n<p data-sourcepos=\"7:1-7:532\">La esperanza de encontrar una punta del ovillo se reaviv\u00f3 parcialmente esta semana, cuando El\u00edas y Pl\u00e1cida declararon durante m\u00e1s de tres horas ante la Fiscal\u00eda General provincial. En su testimonio, brindaron un dato que los investigadores consideran de relevancia: la observaci\u00f3n de un veh\u00edculo inusual en las inmediaciones de su hogar d\u00edas antes de la desaparici\u00f3n. Se trata de una Volkswagen Suran de color gris, con vidrios polarizados, que circul\u00f3 en varias ocasiones a baja velocidad por la zona rural donde reside la familia.<\/p>\n<p data-sourcepos=\"9:1-9:595\">Seg\u00fan relat\u00f3 a Noticias Argentinas el abogado de la familia, Dar\u00edo Baggini, los padres manifestaron haber visto este auto de manera recurrente, especialmente el jueves previo a la desaparici\u00f3n de Lian. \u00abEl auto pas\u00f3 m\u00e1s de una vez por la zona. Lo hac\u00eda lentamente y con las ventanillas oscuras. Era evidente que no era parte del tr\u00e1nsito habitual del lugar\u00bb, explic\u00f3 Baggini, subrayando la actitud sospechosa que les gener\u00f3 la presencia del veh\u00edculo. La descripci\u00f3n de esta Suran gris se erige as\u00ed como uno de los pocos elementos f\u00edsicos concretos que podr\u00edan llegar a orientar la investigaci\u00f3n.<\/p>\n<p data-sourcepos=\"11:1-11:482\">Actualmente, el caso se investiga desde dos frentes judiciales. Por un lado, la Fiscal\u00eda Federal maneja la hip\u00f3tesis de un posible caso de trata de personas, una l\u00ednea que se abri\u00f3 a ra\u00edz de un reporte de Missing Children. Sin embargo, con el correr de las semanas, esta posibilidad ha perdido fuerza, principalmente porque en este tipo de casos suelen presentarse pedidos de rescate o alguna prueba de vida, elementos que no han aparecido en absoluto desde la desaparici\u00f3n de Lian.<\/p>\n<p data-sourcepos=\"13:1-13:566\">Por otro lado, la Fiscal\u00eda Provincial explora la posibilidad de que el ni\u00f1o haya sido v\u00edctima de delitos comunes, incluyendo homicidio, un accidente (como ser atropellado) o incluso un abuso seguido de muerte. No obstante, la investigaci\u00f3n provincial se enfrenta a una dificultad may\u00fascula: la ausencia total de rastros f\u00edsicos del menor que puedan sustentar cualquiera de estas teor\u00edas. \u00abIncluso se eval\u00faa que pudo haber sido atropellado\u00bb, indic\u00f3 Baggini, quien inmediatamente aclar\u00f3 que \u00abno se encontraron rastros f\u00edsicos del menor que puedan sostener esa teor\u00eda\u00bb.<\/p>\n<p data-sourcepos=\"15:1-15:388\">Otra l\u00ednea de investigaci\u00f3n que surgi\u00f3 en su momento, vinculada a la supuesta aparici\u00f3n de una camioneta en la zona cercana al momento de la desaparici\u00f3n de Lian, ha sido descartada. El abogado de la familia confirm\u00f3 que las pericias determinaron que dicho veh\u00edculo ingres\u00f3 al \u00e1rea \u00abmucho antes del hecho\u00bb, desvincul\u00e1ndolo as\u00ed de una posible relaci\u00f3n directa con la desaparici\u00f3n del ni\u00f1o.<\/p>\n<p data-sourcepos=\"17:1-17:522\">La complejidad del caso reside precisamente en esa \u00abausencia total de pruebas contundentes\u00bb. No hay c\u00e1maras de seguridad en la zona que hayan captado movimientos clave, no han surgido testigos presenciales de relevancia, y lo m\u00e1s desconcertante, no se han hallado rastros materiales: ni una prenda de vestir de Lian, ni huellas, ni rastro biol\u00f3gico alguno en los extensos rastrillajes y relevamientos realizados en los campos cercanos. Como describe el propio texto, \u00abel ni\u00f1o parece haberse desvanecido sin dejar se\u00f1ales\u00bb.<\/p>\n<p data-sourcepos=\"19:1-19:652\">En medio de esta nebulosa, la referencia a la Suran gris mantiene su importancia como uno de los pocos puntos de partida tangibles. Su presencia inusual y repetida antes del hecho podr\u00eda ser crucial si se logra identificar a qui\u00e9n pertenece o si aparecen nuevos testigos que tambi\u00e9n la hayan visto y puedan aportar datos. En ese sentido, la familia Flores Soraide mantiene la esperanza de que alguien que tenga informaci\u00f3n, por m\u00ednima que parezca, se anime a hablar. \u00abNo perdemos la esperanza. Hay alguien que sabe algo. Alguien que tal vez no se dio cuenta en su momento de lo importante que puede ser su testimonio\u00bb, expres\u00f3 un allegado a la familia.<\/p>\n<p data-sourcepos=\"21:1-21:571\">Ballesteros del Sud es una comunidad peque\u00f1a, donde la mayor\u00eda de sus habitantes se conocen. Sin embargo, el silencio ha sido una constante en esta investigaci\u00f3n. Nadie ha reportado movimientos extra\u00f1os adicionales a la presencia del veh\u00edculo mencionado. Tampoco hay indicios que sugieran que Lian, dada su corta edad, pudiera haberse alejado de su hogar por sus propios medios. \u00abEs imposible que Lian se haya ido solo. Era peque\u00f1o, estaba en el patio, no ten\u00eda por qu\u00e9 alejarse\u00bb, recalcan sus padres, descartando la hip\u00f3tesis de un extrav\u00edo accidental a larga distancia.<\/p>\n","protected":false},"excerpt":{"rendered":"<p>La angustia se ha instalado en Ballesteros del Sud, al sur de la provincia de C\u00f3rdoba. Han transcurrido dos meses<\/p>\n","protected":false},"author":1,"featured_media":115402,"comment_status":"closed","ping_status":"closed","sticky":false,"template":"","format":"standard","meta":{"kia_subtitle":"A 60 d\u00edas de la desaparici\u00f3n de Lian Gael Flores Soraide en Ballesteros del Sud, sus padres claman por respuestas. La investigaci\u00f3n se debate entre m\u00faltiples hip\u00f3tesis, con la aparici\u00f3n de un auto sospechoso como uno de los pocos elementos tangibles en un caso marcado por la ausencia de pistas concretas.","footnotes":"","jetpack_publicize_message":"","jetpack_publicize_feature_enabled":true,"jetpack_social_post_already_shared":true,"jetpack_social_options":{"image_generator_settings":{"template":"highway","default_image_id":0,"font":"","enabled":false},"version":2}},"categories":[8],"tags":[],"class_list":["post-115401","post","type-post","status-publish","format-standard","has-post-thumbnail","hentry","category-policiales"],"jetpack_publicize_connections":[],"jetpack_featured_media_url":"https:\/\/laurbedigital.com.ar\/noticias\/wp-content\/uploads\/2025\/04\/20250424-Lian.jpg","_links":{"self":[{"href":"https:\/\/laurbedigital.com.ar\/noticias\/wp-json\/wp\/v2\/posts\/115401","targetHints":{"allow":["GET"]}}],"collection":[{"href":"https:\/\/laurbedigital.com.ar\/noticias\/wp-json\/wp\/v2\/posts"}],"about":[{"href":"https:\/\/laurbedigital.com.ar\/noticias\/wp-json\/wp\/v2\/types\/post"}],"author":[{"embeddable":true,"href":"https:\/\/laurbedigital.com.ar\/noticias\/wp-json\/wp\/v2\/users\/1"}],"replies":[{"embeddable":true,"href":"https:\/\/laurbedigital.com.ar\/noticias\/wp-json\/wp\/v2\/comments?post=115401"}],"version-history":[{"count":2,"href":"https:\/\/laurbedigital.com.ar\/noticias\/wp-json\/wp\/v2\/posts\/115401\/revisions"}],"predecessor-version":[{"id":115411,"href":"https:\/\/laurbedigital.com.ar\/noticias\/wp-json\/wp\/v2\/posts\/115401\/revisions\/115411"}],"wp:featuredmedia":[{"embeddable":true,"href":"https:\/\/laurbedigital.com.ar\/noticias\/wp-json\/wp\/v2\/media\/115402"}],"wp:attachment":[{"href":"https:\/\/laurbedigital.com.ar\/noticias\/wp-json\/wp\/v2\/media?parent=115401"}],"wp:term":[{"taxonomy":"category","embeddable":true,"href":"https:\/\/laurbedigital.com.ar\/noticias\/wp-json\/wp\/v2\/categories?post=115401"},{"taxonomy":"post_tag","embeddable":true,"href":"https:\/\/laurbedigital.com.ar\/noticias\/wp-json\/wp\/v2\/tags?post=115401"}],"curies":[{"name":"wp","href":"https:\/\/api.w.org\/{rel}","templated":true}]}}