{"id":115313,"date":"2025-04-22T00:54:00","date_gmt":"2025-04-22T03:54:00","guid":{"rendered":"https:\/\/laurbedigital.com.ar\/noticias\/?p=115313"},"modified":"2025-04-22T00:54:00","modified_gmt":"2025-04-22T03:54:00","slug":"40-anos-del-juicio-a-las-juntas-la-valentia-que-sembro-memoria-verdad-y-justicia-en-argentina","status":"publish","type":"post","link":"https:\/\/laurbedigital.com.ar\/noticias\/2025\/04\/22\/40-anos-del-juicio-a-las-juntas-la-valentia-que-sembro-memoria-verdad-y-justicia-en-argentina\/","title":{"rendered":"40 a\u00f1os del Juicio a las Juntas: la valent\u00eda que sembr\u00f3 Memoria, Verdad y Justicia en Argentina"},"content":{"rendered":"<p data-sourcepos=\"5:1-5:334\">A poco m\u00e1s de un a\u00f1o del fin de la dictadura c\u00edvico-militar, la naciente democracia argentina se enfrentaba a una prueba de fuego. El 22 de abril de 1985 comenzaba el Juicio a las Juntas, el primer proceso judicial por cr\u00edmenes de lesa humanidad en el pa\u00eds, un hecho con pocos precedentes a nivel mundial en transiciones democr\u00e1ticas.<\/p>\n<p data-sourcepos=\"7:1-7:527\">La brutalidad de la represi\u00f3n desatada desde 1976, denunciada internacionalmente, y el profundo rechazo social que condujo al colapso del r\u00e9gimen en 1983, permitieron al entonces presidente Ra\u00fal Alfons\u00edn cumplir su promesa de campa\u00f1a: construir la democracia sobre la base de la justicia por los cr\u00edmenes cometidos. \u00abHab\u00eda que evitar que se repitiese este ciclo hist\u00f3rico de la impunidad y sentar el precedente de que a partir de 1983 no se tolerar\u00edan nunca m\u00e1s episodios al margen de la ley\u00bb, escribir\u00eda Alfons\u00edn a\u00f1os despu\u00e9s.<\/p>\n<p data-sourcepos=\"9:1-9:347\">A d\u00e9cadas de los juicios de N\u00faremberg contra los jerarcas nazis, el caso griego de 1975 contra militares golpistas era uno de los escasos antecedentes. El gobierno de Alfons\u00edn, pese a la reticencia inicial de los organismos de derechos humanos que reclamaban un juicio m\u00e1s amplio, buscaba un proceso acotado para no tensionar la fr\u00e1gil transici\u00f3n.<\/p>\n<p data-sourcepos=\"11:1-11:229\">La causa recay\u00f3 en la C\u00e1mara Federal de Apelaciones en lo Criminal, tras la dilataci\u00f3n por parte de la justicia militar. Lleg\u00f3 a la fiscal\u00eda de Julio Strassera a fines de 1984, poco despu\u00e9s de que la CONADEP entregara su informe.<\/p>\n<p data-sourcepos=\"13:1-13:508\">La organizaci\u00f3n Familiares de Desaparecidos y Detenidos por Razones Pol\u00edticas tuvo un rol crucial en la investigaci\u00f3n y las audiencias. Junto a otros organismos, hab\u00edan creado una comisi\u00f3n t\u00e9cnica que recopil\u00f3 denuncias y testimonios de familiares, material que luego fue entregado a la CONADEP y a la justicia civil. Graciela Lois, integrante de Familiares, record\u00f3 la intensa colaboraci\u00f3n con Strassera: \u00abTrabajamos en vivo y en directo con el armado de este juicio, por el que ten\u00edamos mucha expectativa\u00bb.<\/p>\n<p data-sourcepos=\"15:1-15:377\">El inicio de las audiencias p\u00fablicas el 22 de abril marc\u00f3 el pulso de la \u00e9poca. M\u00e1s de 60.000 personas marcharon desde el Congreso hasta el Palacio de Tribunales, portando 9.800 pancartas con los nombres de los desaparecidos conocidos hasta entonces. \u00abFue muy impactante, la gente nos ped\u00eda, con mucho respeto, ponerse una pancarta para llevar alg\u00fan desaparecido\u00bb, se\u00f1al\u00f3 Lois.<\/p>\n<p data-sourcepos=\"17:1-17:512\">Durante las audiencias se escucharon m\u00e1s de 800 testimonios. Para los sobrevivientes, declarar no fue tarea f\u00e1cil ante la persistente incertidumbre y la presi\u00f3n militar. Miriam Lewin, sobreviviente de la Fuerza A\u00e9rea y la ESMA, record\u00f3: \u00abNo hab\u00eda ninguna garant\u00eda&#8230; sab\u00edamos que ir a declarar implicaba ponernos en el lugar de los acusados m\u00e1s que de testigos o acusadores\u00bb. El entorno del juicio era \u00abimponente\u00bb, con la presencia de los nueve integrantes de las juntas militares, incluyendo a Videla y Massera.<\/p>\n<p data-sourcepos=\"19:1-19:378\">El 14 de agosto finalizaron los testimonios, generando un profundo impacto en la sociedad a trav\u00e9s de la cobertura de la prensa gr\u00e1fica, destac\u00e1ndose el \u00abDiario del Juicio\u00bb y la cobertura de Sergio Ciangaglini y Mart\u00edn Granovsky para el diario La Raz\u00f3n. \u00abYo creo que fue una enorme catarsis colectiva&#8230; se gener\u00f3 un consenso de que esto realmente hab\u00eda ocurrido\u00bb, afirm\u00f3 Lewin.<\/p>\n<p data-sourcepos=\"21:1-21:223\">El 11 de septiembre, Strassera present\u00f3 su alegato, culminando con el hist\u00f3rico \u00abNunca m\u00e1s\u00bb. En diciembre, la sentencia dict\u00f3 prisi\u00f3n perpetua para Videla y Massera, y penas menores para los otros integrantes de las juntas.<\/p>\n<p data-sourcepos=\"23:1-23:216\">Jorge Auat, exfiscal general, resumi\u00f3 el significado del juicio: \u00abFue una bisagra que permiti\u00f3 abandonar ese escenario de impunidad que se pensaba que no se iba a lograr nunca y poder quebrar ese pacto de impunidad\u00bb.<\/p>\n<p data-sourcepos=\"25:1-25:476\">El Juicio a las Juntas convalid\u00f3 judicialmente la sistematicidad de la represi\u00f3n estatal, desmintiendo la teor\u00eda de los dos demonios. Fue el punto de partida para numerosas causas en todo el pa\u00eds. Sin embargo, la inquietud generada llev\u00f3 al gobierno a sancionar las leyes de Punto Final y Obediencia Debida, y luego a los indultos de Menem, garantizando la impunidad por casi dos d\u00e9cadas. Reci\u00e9n en 2005 se retomar\u00eda el camino de la justicia, tras la anulaci\u00f3n de estas leyes.<\/p>\n<p data-sourcepos=\"27:1-27:270\">A 40 a\u00f1os de aquel hist\u00f3rico juicio, la lucha por la Memoria, la Verdad y la Justicia contin\u00faa siendo un faro en la sociedad argentina, recordando la valent\u00eda de quienes alzaron su voz contra el terrorismo de Estado y abrieron un camino que a\u00fan hoy seguimos transitando.<\/p>\n","protected":false},"excerpt":{"rendered":"<p>A poco m\u00e1s de un a\u00f1o del fin de la dictadura c\u00edvico-militar, la naciente democracia argentina se enfrentaba a una<\/p>\n","protected":false},"author":1,"featured_media":115317,"comment_status":"closed","ping_status":"closed","sticky":false,"template":"","format":"standard","meta":{"kia_subtitle":"El 22 de abril de 1985, la Argentina democr\u00e1tica daba un paso trascendental al iniciar el juicio oral contra los nueve m\u00e1ximos responsables de la dictadura genocida. En un clima de tensi\u00f3n y amenazas latentes, sobrevivientes y organismos de derechos humanos fueron pilares fundamentales para abrir un camino in\u00e9dito hacia la Memoria, la Verdad y la Justicia.","footnotes":"","jetpack_publicize_message":"","jetpack_publicize_feature_enabled":true,"jetpack_social_post_already_shared":true,"jetpack_social_options":{"image_generator_settings":{"template":"highway","default_image_id":0,"font":"","enabled":false},"version":2}},"categories":[3,5,2594,41],"tags":[],"class_list":["post-115313","post","type-post","status-publish","format-standard","has-post-thumbnail","hentry","category-actualidad","category-cultura","category-efemerides","category-nacionales"],"jetpack_publicize_connections":[],"jetpack_featured_media_url":"https:\/\/laurbedigital.com.ar\/noticias\/wp-content\/uploads\/2025\/04\/20250421-Juicio-a-la-junta.jpg","_links":{"self":[{"href":"https:\/\/laurbedigital.com.ar\/noticias\/wp-json\/wp\/v2\/posts\/115313","targetHints":{"allow":["GET"]}}],"collection":[{"href":"https:\/\/laurbedigital.com.ar\/noticias\/wp-json\/wp\/v2\/posts"}],"about":[{"href":"https:\/\/laurbedigital.com.ar\/noticias\/wp-json\/wp\/v2\/types\/post"}],"author":[{"embeddable":true,"href":"https:\/\/laurbedigital.com.ar\/noticias\/wp-json\/wp\/v2\/users\/1"}],"replies":[{"embeddable":true,"href":"https:\/\/laurbedigital.com.ar\/noticias\/wp-json\/wp\/v2\/comments?post=115313"}],"version-history":[{"count":1,"href":"https:\/\/laurbedigital.com.ar\/noticias\/wp-json\/wp\/v2\/posts\/115313\/revisions"}],"predecessor-version":[{"id":115319,"href":"https:\/\/laurbedigital.com.ar\/noticias\/wp-json\/wp\/v2\/posts\/115313\/revisions\/115319"}],"wp:featuredmedia":[{"embeddable":true,"href":"https:\/\/laurbedigital.com.ar\/noticias\/wp-json\/wp\/v2\/media\/115317"}],"wp:attachment":[{"href":"https:\/\/laurbedigital.com.ar\/noticias\/wp-json\/wp\/v2\/media?parent=115313"}],"wp:term":[{"taxonomy":"category","embeddable":true,"href":"https:\/\/laurbedigital.com.ar\/noticias\/wp-json\/wp\/v2\/categories?post=115313"},{"taxonomy":"post_tag","embeddable":true,"href":"https:\/\/laurbedigital.com.ar\/noticias\/wp-json\/wp\/v2\/tags?post=115313"}],"curies":[{"name":"wp","href":"https:\/\/api.w.org\/{rel}","templated":true}]}}