{"id":115309,"date":"2025-04-21T14:49:47","date_gmt":"2025-04-21T17:49:47","guid":{"rendered":"https:\/\/laurbedigital.com.ar\/noticias\/?p=115309"},"modified":"2025-04-21T14:49:47","modified_gmt":"2025-04-21T17:49:47","slug":"fallece-el-papa-francisco-el-pontifice-argentino-que-busco-reformar-la-iglesia-y-abrazar-al-mundo","status":"publish","type":"post","link":"https:\/\/laurbedigital.com.ar\/noticias\/2025\/04\/21\/fallece-el-papa-francisco-el-pontifice-argentino-que-busco-reformar-la-iglesia-y-abrazar-al-mundo\/","title":{"rendered":"Fallece el Papa Francisco, el pont\u00edfice argentino que busc\u00f3 reformar la Iglesia y abrazar al mundo"},"content":{"rendered":"<div id=\"chat-history\" class=\"chat-history-scroll-container\">\n<div id=\"2912d1cf911630da\" class=\"conversation-container message-actions-hover-boundary tts-removed ng-star-inserted\">\n<div>\n<div class=\"response-container ng-tns-c3436223124-41 response-container-with-gpi tts-removed ng-star-inserted response-container-has-multiple-responses\">\n<div class=\"presented-response-container ng-tns-c3436223124-41\">\n<div class=\"response-container-content ng-tns-c3436223124-41\">\n<div class=\"response-content ng-tns-c3436223124-41\">\n<div id=\"model-response-message-contentr_2912d1cf911630da\" class=\"markdown markdown-main-panel\" dir=\"ltr\">\n<p data-sourcepos=\"5:1-5:354\">El cardenal Kevin Farrell, camarlengo del Vaticano, anunci\u00f3 con profundo pesar el fallecimiento del Santo Padre Francisco, ocurrido a las 7:35 de la ma\u00f1ana. La noticia conmocion\u00f3 al mundo, que recordar\u00e1 a Jorge Mario Bergoglio como un l\u00edder espiritual que busc\u00f3 acercar la Iglesia a los m\u00e1s necesitados y promover un di\u00e1logo abierto con otras religiones.<\/p>\n<p data-sourcepos=\"7:1-7:375\">Su \u00faltima aparici\u00f3n p\u00fablica tuvo lugar el domingo de Pascua, cuando, a pesar de su delicado estado de salud, imparti\u00f3 la bendici\u00f3n \u00abUrbi et Orbi\u00bb desde el balc\u00f3n de la Bas\u00edlica de San Pedro. En su mensaje, hizo un llamado a la libertad religiosa como pilar fundamental para la paz mundial, mostrando su preocupaci\u00f3n por los conflictos y la intolerancia que azotan al planeta.<\/p>\n<p data-sourcepos=\"9:1-9:374\">El papado de Francisco estuvo signado por su intenci\u00f3n de reformar la Iglesia desde sus cimientos, enfrent\u00e1ndose a sectores conservadores que se resist\u00edan a los cambios. Busc\u00f3 dar mayor protagonismo a las mujeres y a los laicos en la toma de decisiones del Vaticano, y promovi\u00f3 la transparencia en la gesti\u00f3n de los recursos, combatiendo los abusos sexuales y la corrupci\u00f3n.<\/p>\n<p data-sourcepos=\"11:1-11:257\">Una de sus reformas m\u00e1s significativas fue la promulgaci\u00f3n de la Constituci\u00f3n \u00abPraedicate Evangelium\u00bb en 2022, que permiti\u00f3 a cualquier persona bautizada, incluidas las mujeres, dirigir los departamentos del Vaticano, rompiendo con una tradici\u00f3n centenaria.<\/p>\n<p data-sourcepos=\"13:1-13:268\">Francisco tambi\u00e9n se destac\u00f3 por su compromiso con los problemas globales, como el hambre, la pobreza, los refugiados y el cambio clim\u00e1tico. Su voz se alz\u00f3 en defensa de los derechos humanos y la justicia social, y conden\u00f3 la violencia y la guerra en todas sus formas.<\/p>\n<p data-sourcepos=\"15:1-15:225\">Su estilo de vida austero, reflejado en su decisi\u00f3n de vivir en la residencia de Santa Marta en lugar del Palacio Apost\u00f3lico, y su cercan\u00eda con la gente, lo convirtieron en una figura carism\u00e1tica y respetada en todo el mundo.<\/p>\n<p data-sourcepos=\"17:1-17:282\">A lo largo de su pontificado, realiz\u00f3 numerosos viajes apost\u00f3licos, llevando su mensaje de esperanza y solidaridad a los rincones m\u00e1s remotos del planeta. En cada visita, adapt\u00f3 su discurso a la realidad local, mostrando su preocupaci\u00f3n por los problemas espec\u00edficos de cada regi\u00f3n.<\/p>\n<p data-sourcepos=\"19:1-19:224\">Francisco abog\u00f3 por el di\u00e1logo interreligioso, condenando el uso del nombre de Dios para justificar la violencia y el fanatismo. Su legado perdurar\u00e1 como un llamado a la unidad y la fraternidad entre todos los seres humanos.<\/p>\n<\/div>\n<\/div>\n<\/div>\n<\/div>\n<\/div>\n<\/div>\n<\/div>\n<\/div>\n","protected":false},"excerpt":{"rendered":"<p>El cardenal Kevin Farrell, camarlengo del Vaticano, anunci\u00f3 con profundo pesar el fallecimiento del Santo Padre Francisco, ocurrido a las<\/p>\n","protected":false},"author":1,"featured_media":45327,"comment_status":"closed","ping_status":"closed","sticky":false,"template":"","format":"standard","meta":{"kia_subtitle":"Tras una serie de complicaciones de salud, el Papa Francisco, el primer pont\u00edfice latinoamericano, falleci\u00f3 este lunes a los 88 a\u00f1os. Su papado estuvo marcado por un profundo deseo de renovar la Iglesia Cat\u00f3lica, promoviendo la inclusi\u00f3n, la transparencia y un mayor compromiso con los problemas globales.","footnotes":"","jetpack_publicize_message":"","jetpack_publicize_feature_enabled":true,"jetpack_social_post_already_shared":true,"jetpack_social_options":{"image_generator_settings":{"template":"highway","default_image_id":0,"font":"","enabled":false},"version":2}},"categories":[3,138],"tags":[],"class_list":["post-115309","post","type-post","status-publish","format-standard","has-post-thumbnail","hentry","category-actualidad","category-internacional"],"jetpack_publicize_connections":[],"jetpack_featured_media_url":"https:\/\/laurbedigital.com.ar\/noticias\/wp-content\/uploads\/2021\/01\/20210123-PAPA-FRANCISCO.jpg","_links":{"self":[{"href":"https:\/\/laurbedigital.com.ar\/noticias\/wp-json\/wp\/v2\/posts\/115309","targetHints":{"allow":["GET"]}}],"collection":[{"href":"https:\/\/laurbedigital.com.ar\/noticias\/wp-json\/wp\/v2\/posts"}],"about":[{"href":"https:\/\/laurbedigital.com.ar\/noticias\/wp-json\/wp\/v2\/types\/post"}],"author":[{"embeddable":true,"href":"https:\/\/laurbedigital.com.ar\/noticias\/wp-json\/wp\/v2\/users\/1"}],"replies":[{"embeddable":true,"href":"https:\/\/laurbedigital.com.ar\/noticias\/wp-json\/wp\/v2\/comments?post=115309"}],"version-history":[{"count":2,"href":"https:\/\/laurbedigital.com.ar\/noticias\/wp-json\/wp\/v2\/posts\/115309\/revisions"}],"predecessor-version":[{"id":115311,"href":"https:\/\/laurbedigital.com.ar\/noticias\/wp-json\/wp\/v2\/posts\/115309\/revisions\/115311"}],"wp:featuredmedia":[{"embeddable":true,"href":"https:\/\/laurbedigital.com.ar\/noticias\/wp-json\/wp\/v2\/media\/45327"}],"wp:attachment":[{"href":"https:\/\/laurbedigital.com.ar\/noticias\/wp-json\/wp\/v2\/media?parent=115309"}],"wp:term":[{"taxonomy":"category","embeddable":true,"href":"https:\/\/laurbedigital.com.ar\/noticias\/wp-json\/wp\/v2\/categories?post=115309"},{"taxonomy":"post_tag","embeddable":true,"href":"https:\/\/laurbedigital.com.ar\/noticias\/wp-json\/wp\/v2\/tags?post=115309"}],"curies":[{"name":"wp","href":"https:\/\/api.w.org\/{rel}","templated":true}]}}