{"id":115293,"date":"2025-04-20T23:03:03","date_gmt":"2025-04-21T02:03:03","guid":{"rendered":"https:\/\/laurbedigital.com.ar\/noticias\/?p=115293"},"modified":"2025-04-20T23:16:21","modified_gmt":"2025-04-21T02:16:21","slug":"tras-la-devaluacion-la-inflacion-silenciosa-golpea-los-bolsillos-en-los-barrios","status":"publish","type":"post","link":"https:\/\/laurbedigital.com.ar\/noticias\/2025\/04\/20\/tras-la-devaluacion-la-inflacion-silenciosa-golpea-los-bolsillos-en-los-barrios\/","title":{"rendered":"Tras la devaluaci\u00f3n, la inflaci\u00f3n silenciosa golpea los bolsillos en los barrios"},"content":{"rendered":"<div id=\"chat-history\" class=\"chat-history-scroll-container\">\n<div id=\"b8eb5b4215b0fec9\" class=\"conversation-container message-actions-hover-boundary tts-removed ng-star-inserted\">\n<div>\n<div class=\"response-container ng-tns-c3436223124-36 response-container-with-gpi tts-removed ng-star-inserted response-container-has-multiple-responses\">\n<div class=\"presented-response-container ng-tns-c3436223124-36\">\n<div class=\"response-container-content ng-tns-c3436223124-36\">\n<div class=\"response-content ng-tns-c3436223124-36\">\n<div id=\"model-response-message-contentr_b8eb5b4215b0fec9\" class=\"markdown markdown-main-panel\" dir=\"ltr\">\n<p data-sourcepos=\"5:1-5:464\">La aparente calma en los grandes supermercados del \u00c1rea Metropolitana de Buenos Aires (AMBA), que seg\u00fan informes recientes experimentaron una ca\u00edda del 7,4% en sus ventas de marzo, contrasta con la realidad que viven los peque\u00f1os comercios de barrio. Autoservicios y almacenes, que concentran el 70% del consumo pero carecen del poder de negociaci\u00f3n de las grandes cadenas, han comenzado a recibir nuevas listas de precios con incrementos que alcanzan hasta el 9%.<\/p>\n<p data-sourcepos=\"7:1-7:479\">Esta situaci\u00f3n pone de manifiesto el impacto directo de la \u00faltima devaluaci\u00f3n implementada por el gobierno nacional y desmiente la narrativa oficial de una inflaci\u00f3n bajo control. Si bien el \u00cdndice de Precios al Consumidor (IPC) mostr\u00f3 algunas fluctuaciones en los \u00faltimos meses, con un pico en marzo del 3,7%, la escalada de precios contin\u00faa erosionando el poder adquisitivo de los ciudadanos, especialmente en los sectores m\u00e1s vulnerables que dependen del comercio de cercan\u00eda.<\/p>\n<p data-sourcepos=\"9:1-9:637\">La consultora Scentia se\u00f1ala que la ca\u00edda en las ventas de los autoservicios independientes del AMBA fue menor (3,1%) que la de los grandes supermercados, lo que sugiere un traslado de la demanda hacia los comercios barriales ante la p\u00e9rdida de poder adquisitivo. Sin embargo, esta migraci\u00f3n no implica una mejora en el consumo general, que acumula 16 meses consecutivos de retroceso, seg\u00fan diversas mediciones como el Radar Autoservicios de Scanntech (-7,6% en marzo) y el \u00cdndice de Ventas Minoristas pyme de la CAME, que si bien mostr\u00f3 un aumento interanual del 10,5%, no logr\u00f3 compensar la ca\u00edda del 12,6% registrada en marzo de 2024.<\/p>\n<p data-sourcepos=\"11:1-11:585\">La estrategia de los grandes supermercados de rechazar inicialmente las nuevas listas de precios, a la espera de agotar sus stocks, podr\u00eda generar una ilusi\u00f3n de estabilidad moment\u00e1nea. No obstante, la presi\u00f3n de los proveedores, quienes argumentan el aumento de sus costos dolarizados tras la devaluaci\u00f3n, \u0440\u0430\u043d\u043e \u0438\u043b\u0438 \u043f\u043e\u0437\u0434\u043d\u043e se trasladar\u00e1 al precio final de los productos. El ministro de Econom\u00eda, Luis Caputo, incluso se\u00f1al\u00f3 p\u00fablicamente a empresas como Molinos R\u00edo de la Plata y Unilever por aumentos de entre el 9% y el 12%, reconociendo impl\u00edcitamente la existencia de esta escalada.<\/p>\n<p data-sourcepos=\"13:1-13:249\">La Asamblea de Peque\u00f1os y Medianos Empresarios (Apyme) ya advirti\u00f3 que los precios se movieron un 12% en la primera semana posterior a la implementaci\u00f3n del nuevo esquema cambiario, incrementos que inevitablemente se trasladar\u00e1n al consumidor final.<\/p>\n<p data-sourcepos=\"15:1-15:412\">En este contexto, resulta parad\u00f3jico que el gobierno, que promueve la liberaci\u00f3n del d\u00f3lar y tolera la especulaci\u00f3n de precios, se niegue a convalidar la reapertura de las paritarias. Esta medida, que podr\u00eda ofrecer un alivio real al poder adquisitivo de los trabajadores, fue confirmada por el Jefe de Gabinete, Guillermo Francos, generando incertidumbre sobre el futuro del consumo y la reactivaci\u00f3n econ\u00f3mica.<\/p>\n<p data-sourcepos=\"17:1-17:489\">Mientras el debate oficial se centra en un supuesto \u00abcambio en las pautas de consumo\u00bb, la realidad en los barrios es innegable: la plata no alcanza. Los consumidores se ven obligados a optar por segundas y terceras marcas, a priorizar las compras en comercios de cercan\u00eda y, en muchos casos, a reducir dr\u00e1sticamente su consumo. La inflaci\u00f3n silenciosa, impulsada por la devaluaci\u00f3n, contin\u00faa golpeando los bolsillos y profundizando una crisis que el relato oficial se esfuerza por ocultar.<\/p>\n<\/div>\n<\/div>\n<\/div>\n<\/div>\n<\/div>\n<\/div>\n<\/div>\n<\/div>\n","protected":false},"excerpt":{"rendered":"<p>La aparente calma en los grandes supermercados del \u00c1rea Metropolitana de Buenos Aires (AMBA), que seg\u00fan informes recientes experimentaron una<\/p>\n","protected":false},"author":1,"featured_media":115294,"comment_status":"closed","ping_status":"closed","sticky":false,"template":"","format":"standard","meta":{"kia_subtitle":"Mientras el gobierno celebra una inflaci\u00f3n controlada, autoservicios y almacenes reciben listas de precios con aumentos de hasta el 9%, evidenciando el impacto directo de la reciente devaluaci\u00f3n en el consumo cotidiano. La ca\u00edda sostenida de las ventas minoristas durante 16 meses consecutivos revela una crisis de poder adquisitivo que el discurso oficial intenta minimizar.","footnotes":"","jetpack_publicize_message":"","jetpack_publicize_feature_enabled":true,"jetpack_social_post_already_shared":true,"jetpack_social_options":{"image_generator_settings":{"template":"highway","default_image_id":0,"font":"","enabled":false},"version":2}},"categories":[3,41],"tags":[],"class_list":["post-115293","post","type-post","status-publish","format-standard","has-post-thumbnail","hentry","category-actualidad","category-nacionales"],"jetpack_publicize_connections":[],"jetpack_featured_media_url":"https:\/\/laurbedigital.com.ar\/noticias\/wp-content\/uploads\/2025\/04\/20250421-supermercado.jpg","_links":{"self":[{"href":"https:\/\/laurbedigital.com.ar\/noticias\/wp-json\/wp\/v2\/posts\/115293","targetHints":{"allow":["GET"]}}],"collection":[{"href":"https:\/\/laurbedigital.com.ar\/noticias\/wp-json\/wp\/v2\/posts"}],"about":[{"href":"https:\/\/laurbedigital.com.ar\/noticias\/wp-json\/wp\/v2\/types\/post"}],"author":[{"embeddable":true,"href":"https:\/\/laurbedigital.com.ar\/noticias\/wp-json\/wp\/v2\/users\/1"}],"replies":[{"embeddable":true,"href":"https:\/\/laurbedigital.com.ar\/noticias\/wp-json\/wp\/v2\/comments?post=115293"}],"version-history":[{"count":1,"href":"https:\/\/laurbedigital.com.ar\/noticias\/wp-json\/wp\/v2\/posts\/115293\/revisions"}],"predecessor-version":[{"id":115295,"href":"https:\/\/laurbedigital.com.ar\/noticias\/wp-json\/wp\/v2\/posts\/115293\/revisions\/115295"}],"wp:featuredmedia":[{"embeddable":true,"href":"https:\/\/laurbedigital.com.ar\/noticias\/wp-json\/wp\/v2\/media\/115294"}],"wp:attachment":[{"href":"https:\/\/laurbedigital.com.ar\/noticias\/wp-json\/wp\/v2\/media?parent=115293"}],"wp:term":[{"taxonomy":"category","embeddable":true,"href":"https:\/\/laurbedigital.com.ar\/noticias\/wp-json\/wp\/v2\/categories?post=115293"},{"taxonomy":"post_tag","embeddable":true,"href":"https:\/\/laurbedigital.com.ar\/noticias\/wp-json\/wp\/v2\/tags?post=115293"}],"curies":[{"name":"wp","href":"https:\/\/api.w.org\/{rel}","templated":true}]}}