{"id":115251,"date":"2025-04-19T03:30:08","date_gmt":"2025-04-19T06:30:08","guid":{"rendered":"https:\/\/laurbedigital.com.ar\/noticias\/?p=115251"},"modified":"2025-04-19T03:30:08","modified_gmt":"2025-04-19T06:30:08","slug":"asado-inaccesible-el-clasico-argentino-supera-los-12-000-el-kilo-con-un-aumento-del-200-bajo-la-gestion-milei","status":"publish","type":"post","link":"https:\/\/laurbedigital.com.ar\/noticias\/2025\/04\/19\/asado-inaccesible-el-clasico-argentino-supera-los-12-000-el-kilo-con-un-aumento-del-200-bajo-la-gestion-milei\/","title":{"rendered":"Asado inaccesible: El cl\u00e1sico argentino supera los $12.000 el kilo, con un aumento del 200% bajo la gesti\u00f3n Milei"},"content":{"rendered":"<p data-sourcepos=\"5:1-5:348\">El asado, corte predilecto en los hogares argentinos, ha experimentado un aumento vertiginoso en su precio, superando los $12.000 por kilo. Este incremento, que supera el 200% desde la asunci\u00f3n de Javier Milei en diciembre de 2023, impacta de lleno en el bolsillo de los consumidores, quienes ven c\u00f3mo un cl\u00e1sico se vuelve cada vez m\u00e1s inaccesible.<\/p>\n<p data-sourcepos=\"7:1-7:457\">En noviembre de 2023, previo a la asunci\u00f3n del actual gobierno, el kilo de asado de novillito se ofrec\u00eda en supermercados a $3.999,90, seg\u00fan las promociones vigentes en ese momento. Hoy, el mismo corte, envasado al vac\u00edo, alcanza los $12.399,90 por kilo, lo que representa un aumento del 210% en menos de cinco meses. Incluso con las ofertas de fin de semana, el precio promocional se sit\u00faa en $6.999,90 por kilo, lejos del valor previo a la gesti\u00f3n actual.<\/p>\n<p data-sourcepos=\"9:1-9:309\">Este aumento se produce en un contexto donde el d\u00f3lar libre ha experimentado una baja del 5,7% desde el inicio del a\u00f1o, pasando de $1.230 el 1\u00b0 de enero a $1.160 el 18 de abril. La discrepancia entre la baja del d\u00f3lar y la suba de la carne genera interrogantes sobre los factores que impulsan este incremento.<\/p>\n<p data-sourcepos=\"11:1-11:384\">Desde el sector mayorista, se argumenta que la estructura impositiva y el traslado especulativo de costos contin\u00faan ejerciendo presi\u00f3n al alza sobre los precios. Sin embargo, los consumidores denuncian que las ofertas son insuficientes y de corta duraci\u00f3n, mientras que el poder adquisitivo se ve erosionado por una inflaci\u00f3n persistente que impacta directamente en la canasta b\u00e1sica.<\/p>\n<p data-sourcepos=\"13:1-13:301\">La escalada en el precio del asado plantea un desaf\u00edo para las familias argentinas, que ven c\u00f3mo un elemento fundamental de su cultura y gastronom\u00eda se vuelve cada vez m\u00e1s dif\u00edcil de costear. La situaci\u00f3n genera preocupaci\u00f3n y debate sobre las pol\u00edticas econ\u00f3micas y sus efectos en el consumo popular.<\/p>\n","protected":false},"excerpt":{"rendered":"<p>El asado, corte predilecto en los hogares argentinos, ha experimentado un aumento vertiginoso en su precio, superando los $12.000 por<\/p>\n","protected":false},"author":1,"featured_media":110088,"comment_status":"closed","ping_status":"closed","sticky":false,"template":"","format":"standard","meta":{"kia_subtitle":"La carne vacuna, pilar de la mesa argentina, se vuelve un lujo para muchos ante la escalada de precios que supera ampliamente la baja del d\u00f3lar.","footnotes":"","jetpack_publicize_message":"","jetpack_publicize_feature_enabled":true,"jetpack_social_post_already_shared":true,"jetpack_social_options":{"image_generator_settings":{"template":"highway","default_image_id":0,"font":"","enabled":false},"version":2}},"categories":[3,41],"tags":[],"class_list":["post-115251","post","type-post","status-publish","format-standard","has-post-thumbnail","hentry","category-actualidad","category-nacionales"],"jetpack_publicize_connections":[],"jetpack_featured_media_url":"https:\/\/laurbedigital.com.ar\/noticias\/wp-content\/uploads\/2024\/10\/202410227-Asado.jpg","_links":{"self":[{"href":"https:\/\/laurbedigital.com.ar\/noticias\/wp-json\/wp\/v2\/posts\/115251","targetHints":{"allow":["GET"]}}],"collection":[{"href":"https:\/\/laurbedigital.com.ar\/noticias\/wp-json\/wp\/v2\/posts"}],"about":[{"href":"https:\/\/laurbedigital.com.ar\/noticias\/wp-json\/wp\/v2\/types\/post"}],"author":[{"embeddable":true,"href":"https:\/\/laurbedigital.com.ar\/noticias\/wp-json\/wp\/v2\/users\/1"}],"replies":[{"embeddable":true,"href":"https:\/\/laurbedigital.com.ar\/noticias\/wp-json\/wp\/v2\/comments?post=115251"}],"version-history":[{"count":1,"href":"https:\/\/laurbedigital.com.ar\/noticias\/wp-json\/wp\/v2\/posts\/115251\/revisions"}],"predecessor-version":[{"id":115252,"href":"https:\/\/laurbedigital.com.ar\/noticias\/wp-json\/wp\/v2\/posts\/115251\/revisions\/115252"}],"wp:featuredmedia":[{"embeddable":true,"href":"https:\/\/laurbedigital.com.ar\/noticias\/wp-json\/wp\/v2\/media\/110088"}],"wp:attachment":[{"href":"https:\/\/laurbedigital.com.ar\/noticias\/wp-json\/wp\/v2\/media?parent=115251"}],"wp:term":[{"taxonomy":"category","embeddable":true,"href":"https:\/\/laurbedigital.com.ar\/noticias\/wp-json\/wp\/v2\/categories?post=115251"},{"taxonomy":"post_tag","embeddable":true,"href":"https:\/\/laurbedigital.com.ar\/noticias\/wp-json\/wp\/v2\/tags?post=115251"}],"curies":[{"name":"wp","href":"https:\/\/api.w.org\/{rel}","templated":true}]}}