{"id":115241,"date":"2025-04-18T13:17:47","date_gmt":"2025-04-18T16:17:47","guid":{"rendered":"https:\/\/laurbedigital.com.ar\/noticias\/?p=115241"},"modified":"2025-04-18T13:19:12","modified_gmt":"2025-04-18T16:19:12","slug":"viernes-santo-y-via-crucis-en-los-barrios-y-localidades-de-almirante-brown","status":"publish","type":"post","link":"https:\/\/laurbedigital.com.ar\/noticias\/2025\/04\/18\/viernes-santo-y-via-crucis-en-los-barrios-y-localidades-de-almirante-brown\/","title":{"rendered":"Viernes Santo y V\u00eda Crucis en los barrios y localidades de Almirante Brown"},"content":{"rendered":"<div>\n<p>En ese marco, la Comuna browniana inform\u00f3 que hoy a partir de las 15 horas, las familias podr\u00e1n participar de una jornada de reflexi\u00f3n con la presentaci\u00f3n del Camino de Cristo a la cruz de la Parroquia San Luis Orione, que comienza en la intersecci\u00f3n de las calles Blas Parera y Araujo, y con un recorrido de cinco cuadras termina en el Barrio 6 de Diciembre.<\/p>\n<p>Por otro lado, a las 16.30 horas, se realizar\u00e1 el V\u00eda Crucis de la Parroquia Nuestra Se\u00f1ora de Itat\u00ed, que partir\u00e1 de la Capilla Virgen Madre, ubicada en Belgrano N\u00b0 1354 entre Amenedo y S\u00e1nchez, San Jos\u00e9 y terminar\u00e1 en la Capilla Nuestra Se\u00f1ora de Caacup\u00e9, en la esquina de Amenedo y San Luis, Jos\u00e9 M\u00e1rmol.<\/p>\n<p>M\u00e1s tarde, a partir de las 17, la Parroquia San Cayetano de Burzaco tambi\u00e9n tendr\u00e1 su V\u00eda Crucis cuyo recorrido ser\u00e1 por los barrios El Gaucho y Lomas de Burzaco, desde las calles Sempere y Buenos Aires, pasar\u00e1 por Uruguay, La Vincha, Humberto Primo, Comodoro Py, Falucho, Comodoro Py, Azopardo, De Mar\u00eda, Humberto Primo y Montiel hasta nuevamente Sempere y Buenos Aires.<\/p>\n<p>Adem\u00e1s, la Parroquia Santa Ana de Glew llevar\u00e1 a cabo la tradicional representaci\u00f3n del calvario de cristo con una procesi\u00f3n que se iniciar\u00e1 a las 18 horas en el templo Parroquial ubicado en Ra\u00fal Soldi N\u00b0 287 hasta la capilla \u201cSe\u00f1or del Milagro\u201d, en Gendarme Cirilo Gauna N\u00b0 357 del barrio Gendarmer\u00eda.<\/p>\n<p>Tambi\u00e9n desde las 18 tendr\u00e1 lugar el V\u00eda Crucis de la Iglesia San Gabriel de Adrogu\u00e9 que partir\u00e1 desde la parroquia hasta la Capilla del Se\u00f1or, ubicada en la calle Capilla del Se\u00f1or, entre Av. San Mart\u00edn y Arturo Illia.<\/p>\n<p>A las 19 horas, m\u00e1s de cien artistas en escena protagonizar\u00e1n la pasi\u00f3n de cristo en un cl\u00e1sico espect\u00e1culo organizado por las Iglesia Evang\u00e9lica \u201cCristo para Todos\u201d en articulaci\u00f3n con el Municipio, que tendr\u00e1 lugar en la plaza Brown de Adrogu\u00e9, ubicada en Diagonal Brown y Rosales.<\/p>\n<p><img loading=\"lazy\" decoding=\"async\" class=\"alignnone size-full wp-image-115243\" src=\"https:\/\/laurbedigital.com.ar\/noticias\/wp-content\/uploads\/2025\/04\/20250418-Brown-Via-Crucis-1.jpg\" alt=\"\" width=\"768\" height=\"428\" title=\"\" srcset=\"https:\/\/laurbedigital.com.ar\/noticias\/wp-content\/uploads\/2025\/04\/20250418-Brown-Via-Crucis-1.jpg 768w, https:\/\/laurbedigital.com.ar\/noticias\/wp-content\/uploads\/2025\/04\/20250418-Brown-Via-Crucis-1-300x167.jpg 300w\" sizes=\"auto, (max-width: 768px) 100vw, 768px\" \/><\/p>\n<p>En dicho evento -declarado de inter\u00e9s municipal por el Honorable Concejo Deliberante browniano- se experimentar\u00e1n momentos inolvidables con la representaci\u00f3n de todas las instancias del martirio de Jes\u00fas, su crucifixi\u00f3n y resurrecci\u00f3n.<\/p>\n<p>Finalmente, a las 20 se realizar\u00e1 el V\u00eda Crucis de la Iglesia Nuestra Se\u00f1ora de Luj\u00e1n (25 de Mayo N\u00b0 650, Jos\u00e9 M\u00e1rmol) con una procesi\u00f3n que partir\u00e1 desde la parroquia y terminar\u00e1 en ella y se extender\u00e1 por 32 cuadras.<\/p>\n<h5><strong><em>\u201cUna vez m\u00e1s y como todos los a\u00f1os durante el Viernes Santo las familias brownianas podr\u00e1n vivir una emotiva experiencia con la representaci\u00f3n del calvario de Cristo y su enorme acto amor en los diferentes barrios de Alte Brown, que sin lugar a dudas llegar\u00e1 al coraz\u00f3n de la comunidad religiosa con un mensaje de gratitud y paz\u201d, se\u00f1al\u00f3 el intendente municipal Mariano Cascallares.<\/em><\/strong><\/h5>\n<\/div>\n","protected":false},"excerpt":{"rendered":"<p>En ese marco, la Comuna browniana inform\u00f3 que hoy a partir de las 15 horas, las familias podr\u00e1n participar de<\/p>\n","protected":false},"author":1,"featured_media":115242,"comment_status":"closed","ping_status":"closed","sticky":false,"template":"","format":"standard","meta":{"kia_subtitle":"Como todos los a\u00f1os, las vecinas y vecinos de Almirante Brown podr\u00e1n este Viernes Santo vivir con devoci\u00f3n la representaci\u00f3n de las estaciones del \u201cV\u00eda Crucis\u201c que se llevar\u00e1n adelante en los barrios y localidades de nuestro distrito.","footnotes":"","jetpack_publicize_message":"","jetpack_publicize_feature_enabled":true,"jetpack_social_post_already_shared":true,"jetpack_social_options":{"image_generator_settings":{"template":"highway","default_image_id":0,"font":"","enabled":false},"version":2}},"categories":[2,33],"tags":[],"class_list":["post-115241","post","type-post","status-publish","format-standard","has-post-thumbnail","hentry","category-alte-brown","category-alte-brown-alte-brown"],"jetpack_publicize_connections":[],"jetpack_featured_media_url":"https:\/\/laurbedigital.com.ar\/noticias\/wp-content\/uploads\/2025\/04\/20250418-Brown-Via-Crucis.jpg","_links":{"self":[{"href":"https:\/\/laurbedigital.com.ar\/noticias\/wp-json\/wp\/v2\/posts\/115241","targetHints":{"allow":["GET"]}}],"collection":[{"href":"https:\/\/laurbedigital.com.ar\/noticias\/wp-json\/wp\/v2\/posts"}],"about":[{"href":"https:\/\/laurbedigital.com.ar\/noticias\/wp-json\/wp\/v2\/types\/post"}],"author":[{"embeddable":true,"href":"https:\/\/laurbedigital.com.ar\/noticias\/wp-json\/wp\/v2\/users\/1"}],"replies":[{"embeddable":true,"href":"https:\/\/laurbedigital.com.ar\/noticias\/wp-json\/wp\/v2\/comments?post=115241"}],"version-history":[{"count":2,"href":"https:\/\/laurbedigital.com.ar\/noticias\/wp-json\/wp\/v2\/posts\/115241\/revisions"}],"predecessor-version":[{"id":115245,"href":"https:\/\/laurbedigital.com.ar\/noticias\/wp-json\/wp\/v2\/posts\/115241\/revisions\/115245"}],"wp:featuredmedia":[{"embeddable":true,"href":"https:\/\/laurbedigital.com.ar\/noticias\/wp-json\/wp\/v2\/media\/115242"}],"wp:attachment":[{"href":"https:\/\/laurbedigital.com.ar\/noticias\/wp-json\/wp\/v2\/media?parent=115241"}],"wp:term":[{"taxonomy":"category","embeddable":true,"href":"https:\/\/laurbedigital.com.ar\/noticias\/wp-json\/wp\/v2\/categories?post=115241"},{"taxonomy":"post_tag","embeddable":true,"href":"https:\/\/laurbedigital.com.ar\/noticias\/wp-json\/wp\/v2\/tags?post=115241"}],"curies":[{"name":"wp","href":"https:\/\/api.w.org\/{rel}","templated":true}]}}