{"id":115239,"date":"2025-04-18T04:01:20","date_gmt":"2025-04-18T07:01:20","guid":{"rendered":"https:\/\/laurbedigital.com.ar\/noticias\/?p=115239"},"modified":"2025-04-18T04:01:20","modified_gmt":"2025-04-18T07:01:20","slug":"viernes-santo-un-dia-para-meditar-sobre-el-sacrificio-de-jesus-2","status":"publish","type":"post","link":"https:\/\/laurbedigital.com.ar\/noticias\/2025\/04\/18\/viernes-santo-un-dia-para-meditar-sobre-el-sacrificio-de-jesus-2\/","title":{"rendered":"Viernes Santo: Un d\u00eda para meditar sobre el sacrificio de Jes\u00fas"},"content":{"rendered":"<div id=\"chat-history\" class=\"chat-history-scroll-container ng-tns-c2050319429-1\">\n<div class=\"conversation-container ng-tns-c2050319429-1 ng-star-inserted\">\n<div>\n<div class=\"response-container ng-tns-c4093656845-42 ng-star-inserted response-container-has-multiple-responses\">\n<div class=\"presented-response-container ng-tns-c4093656845-42\">\n<div class=\"response-container-content ng-tns-c4093656845-42\">\n<div class=\"response-content ng-tns-c4093656845-42 ng-animate-disabled\">\n<div class=\"markdown markdown-main-panel\" dir=\"ltr\">\n<p data-sourcepos=\"5:1-5:275\"><strong>Un d\u00eda de luto y reflexi\u00f3n en el que se conmemora la crucifixi\u00f3n y muerte de Jes\u00fas de Nazaret, figura central del cristianismo.<\/strong><\/p>\n<h3 data-sourcepos=\"7:1-7:43\"><strong>Un d\u00eda de recogimiento en todo el mundo<\/strong><\/h3>\n<p data-sourcepos=\"9:1-9:360\">Los cristianos de todo el mundo asisten a diferentes servicios religiosos en los que se recuerda la pasi\u00f3n y muerte de Jes\u00fas. En muchos lugares, se realizan procesiones en las que se lleva una imagen de Cristo crucificado por las calles. Estas procesiones, llenas de solemnidad y recogimiento, son una forma de expresar la fe y el dolor por la muerte de Jes\u00fas.<\/p>\n<h3 data-sourcepos=\"11:1-11:45\"><strong>Un d\u00eda para meditar sobre el amor de Dios<\/strong><\/h3>\n<p data-sourcepos=\"13:1-13:355\">El Viernes Santo es un d\u00eda para meditar sobre el sacrificio de Jes\u00fas y su significado para la humanidad. Los cristianos creen que Jes\u00fas muri\u00f3 en la cruz para expiar los pecados del mundo y ofrecer la salvaci\u00f3n a todos los hombres. Es un d\u00eda para reflexionar sobre el amor de Dios por nosotros y sobre nuestro propio compromiso de vivir una vida cristiana.<\/p>\n<h3 data-sourcepos=\"15:1-15:41\"><strong>Tradiciones y costumbres en Argentina<\/strong><\/h3>\n<p data-sourcepos=\"17:1-17:214\">En Argentina, el Viernes Santo es un d\u00eda feriado nacional. Hay muchas tradiciones y costumbres asociadas a este d\u00eda, como la abstinencia de carne, la realizaci\u00f3n del V\u00eda Crucis y la asistencia a la Vigilia Pascual.<\/p>\n<p data-sourcepos=\"19:1-19:182\"><strong>La abstinencia de carne<\/strong> es una pr\u00e1ctica que se remonta a los primeros siglos del cristianismo. Se considera un acto de sacrificio y penitencia en memoria del sacrificio de Jes\u00fas.<\/p>\n<p data-sourcepos=\"21:1-21:222\"><strong>El V\u00eda Crucis<\/strong> es una representaci\u00f3n del camino que recorri\u00f3 Jes\u00fas desde el Pretorio hasta el Calvario, donde fue crucificado. Se trata de una devoci\u00f3n popular que se realiza en muchas iglesias y comunidades cristianas.<\/p>\n<p data-sourcepos=\"23:1-23:202\"><strong>La Vigilia Pascual<\/strong> es una celebraci\u00f3n nocturna que se lleva a cabo el s\u00e1bado por la noche, al final del Viernes Santo. En esta celebraci\u00f3n se conmemora la resurrecci\u00f3n de Jes\u00fas de entre los muertos.<\/p>\n<h3 data-sourcepos=\"25:1-25:42\"><strong>Un d\u00eda para la paz y la reconciliaci\u00f3n<\/strong><\/h3>\n<p data-sourcepos=\"27:1-27:299\">El Viernes Santo tambi\u00e9n es un d\u00eda para pedir por la paz y la reconciliaci\u00f3n en el mundo. Es un d\u00eda para recordar que el amor de Dios puede vencer al odio y la violencia. En un mundo convulsionado por guerras y conflictos, el mensaje de paz y esperanza del Viernes Santo es m\u00e1s importante que nunca.<\/p>\n<h3 data-sourcepos=\"29:1-29:19\"><strong>Reflexi\u00f3n final<\/strong><\/h3>\n<p data-sourcepos=\"31:1-31:374\">El Viernes Santo es un d\u00eda de gran importancia para los cristianos. Es un d\u00eda para recordar el sacrificio de Jes\u00fas y para reflexionar sobre nuestro propio compromiso de vivir una vida cristiana. Es un d\u00eda para pedir por la paz y la reconciliaci\u00f3n en el mundo. En este d\u00eda de luto y recogimiento, los cristianos de Argentina y del mundo entero se unen en oraci\u00f3n y reflexi\u00f3n.<\/p>\n<p data-sourcepos=\"35:1-35:450\">Hoy es una jornada de profunda significaci\u00f3n para la fe cristiana. Es un tiempo para recordar el amor de Dios por la humanidad, manifestado en el sacrificio de Jes\u00fas en la cruz. Tambi\u00e9n es un momento para reflexionar sobre nuestras propias acciones y buscar la reconciliaci\u00f3n con Dios y con nuestros hermanos. En este d\u00eda de luto y esperanza, los cristianos renuevan su compromiso de seguir los pasos de Jes\u00fas y construir un mundo mejor.<\/p>\n<\/div>\n<\/div>\n<\/div>\n<\/div>\n<\/div>\n<\/div>\n<\/div>\n<\/div>\n","protected":false},"excerpt":{"rendered":"<p>Un d\u00eda de luto y reflexi\u00f3n en el que se conmemora la crucifixi\u00f3n y muerte de Jes\u00fas de Nazaret, figura<\/p>\n","protected":false},"author":1,"featured_media":103488,"comment_status":"closed","ping_status":"closed","sticky":false,"template":"","format":"standard","meta":{"kia_subtitle":"El Viernes Santo, uno de los d\u00edas m\u00e1s importantes del calendario cristiano, se celebra este 18 de marzo","footnotes":"","jetpack_publicize_message":"","jetpack_publicize_feature_enabled":true,"jetpack_social_post_already_shared":true,"jetpack_social_options":{"image_generator_settings":{"template":"highway","default_image_id":0,"font":"","enabled":false},"version":2}},"categories":[5,2594],"tags":[],"class_list":["post-115239","post","type-post","status-publish","format-standard","has-post-thumbnail","hentry","category-cultura","category-efemerides"],"jetpack_publicize_connections":[],"jetpack_featured_media_url":"https:\/\/laurbedigital.com.ar\/noticias\/wp-content\/uploads\/2024\/03\/202400329-Viernes-Santos.jpg","_links":{"self":[{"href":"https:\/\/laurbedigital.com.ar\/noticias\/wp-json\/wp\/v2\/posts\/115239","targetHints":{"allow":["GET"]}}],"collection":[{"href":"https:\/\/laurbedigital.com.ar\/noticias\/wp-json\/wp\/v2\/posts"}],"about":[{"href":"https:\/\/laurbedigital.com.ar\/noticias\/wp-json\/wp\/v2\/types\/post"}],"author":[{"embeddable":true,"href":"https:\/\/laurbedigital.com.ar\/noticias\/wp-json\/wp\/v2\/users\/1"}],"replies":[{"embeddable":true,"href":"https:\/\/laurbedigital.com.ar\/noticias\/wp-json\/wp\/v2\/comments?post=115239"}],"version-history":[{"count":1,"href":"https:\/\/laurbedigital.com.ar\/noticias\/wp-json\/wp\/v2\/posts\/115239\/revisions"}],"predecessor-version":[{"id":115240,"href":"https:\/\/laurbedigital.com.ar\/noticias\/wp-json\/wp\/v2\/posts\/115239\/revisions\/115240"}],"wp:featuredmedia":[{"embeddable":true,"href":"https:\/\/laurbedigital.com.ar\/noticias\/wp-json\/wp\/v2\/media\/103488"}],"wp:attachment":[{"href":"https:\/\/laurbedigital.com.ar\/noticias\/wp-json\/wp\/v2\/media?parent=115239"}],"wp:term":[{"taxonomy":"category","embeddable":true,"href":"https:\/\/laurbedigital.com.ar\/noticias\/wp-json\/wp\/v2\/categories?post=115239"},{"taxonomy":"post_tag","embeddable":true,"href":"https:\/\/laurbedigital.com.ar\/noticias\/wp-json\/wp\/v2\/tags?post=115239"}],"curies":[{"name":"wp","href":"https:\/\/api.w.org\/{rel}","templated":true}]}}