{"id":115236,"date":"2025-04-18T03:56:54","date_gmt":"2025-04-18T06:56:54","guid":{"rendered":"https:\/\/laurbedigital.com.ar\/noticias\/?p=115236"},"modified":"2025-04-18T03:56:54","modified_gmt":"2025-04-18T06:56:54","slug":"provincia-evalua-restringir-la-circulacion-de-dos-personas-en-moto-en-zonas-conflictivas-a-pedido-de-los-intendentes","status":"publish","type":"post","link":"https:\/\/laurbedigital.com.ar\/noticias\/2025\/04\/18\/provincia-evalua-restringir-la-circulacion-de-dos-personas-en-moto-en-zonas-conflictivas-a-pedido-de-los-intendentes\/","title":{"rendered":"Provincia eval\u00faa restringir la circulaci\u00f3n de dos personas en moto en zonas conflictivas a pedido de los intendentes"},"content":{"rendered":"<p data-sourcepos=\"5:1-5:416\">El gobierno de la provincia de Buenos Aires analiza la posibilidad de restringir la circulaci\u00f3n de motocicletas con dos ocupantes en zonas y horarios espec\u00edficos del territorio bonaerense, como una medida para combatir la inseguridad. As\u00ed lo anunci\u00f3 el ministro de Seguridad provincial, Javier Alonso, durante una conferencia de prensa en la que detall\u00f3 las pol\u00edticas implementadas para disminuir la tasa de delitos.<\/p>\n<p data-sourcepos=\"7:1-7:361\">El funcionario explic\u00f3 que esta iniciativa se enmarca dentro de la denominada Ley \u00abAntimotochorros\u00bb y que su implementaci\u00f3n estar\u00e1 sujeta a la solicitud de cada intendente. <strong>\u201cEstamos conversando con los jefes comunales para que, a pedido, se restrinja la circulaci\u00f3n de motos con dos ocupantes en algunas zonas y franjas horarias espec\u00edficas\u201d<\/strong>, se\u00f1al\u00f3 Alonso.<\/p>\n<p data-sourcepos=\"9:1-9:319\">En este sentido, el ministro remarc\u00f3 la sensibilidad de la medida, enfatizando que <strong>\u201cdebe ser solicitada por cada intendente\u201d<\/strong>. A\u00f1adi\u00f3 que la normativa vigente faculta al Ministerio de Seguridad a implementar este tipo de restricciones, pero ser\u00e1n los municipios quienes definan los sectores y horarios de aplicaci\u00f3n.<\/p>\n<p data-sourcepos=\"11:1-11:230\">Alonso sostuvo que el objetivo principal de esta potencial restricci\u00f3n es generar un impacto significativo en el Conurbano bonaerense, donde se registra una mayor incidencia de delitos cometidos bajo la modalidad de \u00abmotochorros\u00bb.<\/p>\n<p data-sourcepos=\"13:1-13:461\">La ley que respalda esta posible medida fue sancionada en 2019 por la Legislatura bonaerense, aunque su origen se remonta a 2014, durante la gesti\u00f3n del entonces gobernador Daniel Scioli. La norma busca reducir los delitos perpetrados por personas que se movilizan en moto y contempla la prohibici\u00f3n de circular con acompa\u00f1ante en zonas y horarios determinados. Asimismo, exige que los conductores lleven la patente visible tanto en el casco como en el chaleco.<\/p>\n<p data-sourcepos=\"15:1-15:220\">La decisi\u00f3n final sobre la implementaci\u00f3n de esta restricci\u00f3n quedar\u00e1 en manos de cada uno de los 135 municipios de la provincia, aunque el foco principal se centra en las \u00e1reas m\u00e1s conflictivas del Conurbano bonaerense.<\/p>\n","protected":false},"excerpt":{"rendered":"<p>El gobierno de la provincia de Buenos Aires analiza la posibilidad de restringir la circulaci\u00f3n de motocicletas con dos ocupantes<\/p>\n","protected":false},"author":1,"featured_media":115237,"comment_status":"closed","ping_status":"closed","sticky":false,"template":"","format":"standard","meta":{"kia_subtitle":"El ministro de Seguridad bonaerense, Javier Alonso, anunci\u00f3 que la medida, enmarcada en la ley \"Antimotochorros\", busca reducir la inseguridad en el Conurbano y quedar\u00e1 a criterio de cada municipio.","footnotes":"","jetpack_publicize_message":"","jetpack_publicize_feature_enabled":true,"jetpack_social_post_already_shared":true,"jetpack_social_options":{"image_generator_settings":{"template":"highway","default_image_id":0,"font":"","enabled":false},"version":2}},"categories":[3,56],"tags":[],"class_list":["post-115236","post","type-post","status-publish","format-standard","has-post-thumbnail","hentry","category-actualidad","category-buenos-aires"],"jetpack_publicize_connections":[],"jetpack_featured_media_url":"https:\/\/laurbedigital.com.ar\/noticias\/wp-content\/uploads\/2025\/04\/20250418-Moto.jpg","_links":{"self":[{"href":"https:\/\/laurbedigital.com.ar\/noticias\/wp-json\/wp\/v2\/posts\/115236","targetHints":{"allow":["GET"]}}],"collection":[{"href":"https:\/\/laurbedigital.com.ar\/noticias\/wp-json\/wp\/v2\/posts"}],"about":[{"href":"https:\/\/laurbedigital.com.ar\/noticias\/wp-json\/wp\/v2\/types\/post"}],"author":[{"embeddable":true,"href":"https:\/\/laurbedigital.com.ar\/noticias\/wp-json\/wp\/v2\/users\/1"}],"replies":[{"embeddable":true,"href":"https:\/\/laurbedigital.com.ar\/noticias\/wp-json\/wp\/v2\/comments?post=115236"}],"version-history":[{"count":1,"href":"https:\/\/laurbedigital.com.ar\/noticias\/wp-json\/wp\/v2\/posts\/115236\/revisions"}],"predecessor-version":[{"id":115238,"href":"https:\/\/laurbedigital.com.ar\/noticias\/wp-json\/wp\/v2\/posts\/115236\/revisions\/115238"}],"wp:featuredmedia":[{"embeddable":true,"href":"https:\/\/laurbedigital.com.ar\/noticias\/wp-json\/wp\/v2\/media\/115237"}],"wp:attachment":[{"href":"https:\/\/laurbedigital.com.ar\/noticias\/wp-json\/wp\/v2\/media?parent=115236"}],"wp:term":[{"taxonomy":"category","embeddable":true,"href":"https:\/\/laurbedigital.com.ar\/noticias\/wp-json\/wp\/v2\/categories?post=115236"},{"taxonomy":"post_tag","embeddable":true,"href":"https:\/\/laurbedigital.com.ar\/noticias\/wp-json\/wp\/v2\/tags?post=115236"}],"curies":[{"name":"wp","href":"https:\/\/api.w.org\/{rel}","templated":true}]}}