{"id":115231,"date":"2025-04-18T03:46:09","date_gmt":"2025-04-18T06:46:09","guid":{"rendered":"https:\/\/laurbedigital.com.ar\/noticias\/?p=115231"},"modified":"2025-04-18T03:46:09","modified_gmt":"2025-04-18T06:46:09","slug":"recomendaciones-para-apoyar-a-una-persona-con-parkinson","status":"publish","type":"post","link":"https:\/\/laurbedigital.com.ar\/noticias\/2025\/04\/18\/recomendaciones-para-apoyar-a-una-persona-con-parkinson\/","title":{"rendered":"Recomendaciones para apoyar a una persona con Parkinson"},"content":{"rendered":"<p data-sourcepos=\"3:1-3:331\"><strong>A continuaci\u00f3n, se ofrecen algunas recomendaciones clave para acompa\u00f1ar a una persona que vive con esta condici\u00f3n neurodegenerativa:<\/strong><\/p>\n<h3 data-sourcepos=\"5:1-5:30\"><strong>Informaci\u00f3n y Comprensi\u00f3n:<\/strong><\/h3>\n<ul data-sourcepos=\"7:1-10:0\">\n<li data-sourcepos=\"7:1-7:240\"><strong>Ed\u00facate sobre el Parkinson:<\/strong> Comprender la enfermedad, sus s\u00edntomas (temblores, rigidez, bradicinesia, problemas de equilibrio, etc.) y su progresi\u00f3n individual es fundamental. Cada persona experimenta el Parkinson de manera diferente.<\/li>\n<li data-sourcepos=\"8:1-8:172\"><strong>Escucha activamente:<\/strong> Permite que la persona exprese sus sentimientos, frustraciones y necesidades sin interrumpir ni minimizar sus experiencias. Valida sus emociones.<\/li>\n<li data-sourcepos=\"9:1-10:0\"><strong>Inf\u00f3rmate sobre los tratamientos:<\/strong> Familiar\u00edzate con las opciones de medicaci\u00f3n, terapias (fisioterapia, terapia ocupacional, logopedia) y otros abordajes que pueden ayudar a controlar los s\u00edntomas y mejorar la calidad de vida.<\/li>\n<\/ul>\n<h3 data-sourcepos=\"11:1-11:19\"><strong>Apoyo Pr\u00e1ctico:<\/strong><\/h3>\n<ul data-sourcepos=\"13:1-18:0\">\n<li data-sourcepos=\"13:1-13:186\"><strong>Fomenta la independencia:<\/strong> Anima a la persona a realizar las actividades que pueda por s\u00ed misma, ofreciendo ayuda solo cuando sea necesario. Esto preserva su autonom\u00eda y autoestima.<\/li>\n<li data-sourcepos=\"14:1-14:187\"><strong>Adapta el entorno:<\/strong> Realiza modificaciones en el hogar para facilitar la movilidad y la seguridad, como instalar barras de apoyo, eliminar alfombras sueltas y mejorar la iluminaci\u00f3n.<\/li>\n<li data-sourcepos=\"15:1-15:204\"><strong>Ayuda con las tareas diarias:<\/strong> Ofr\u00e9cete para colaborar en tareas que se vuelvan dif\u00edciles, como vestirse, cocinar, hacer compras o manejar. S\u00e9 flexible y adapta tu ayuda a sus necesidades cambiantes.<\/li>\n<li data-sourcepos=\"16:1-16:192\"><strong>Coordina citas y transporte:<\/strong> Ayuda a organizar y asistir a citas m\u00e9dicas, terapias y otras actividades importantes. Facilita el transporte si la persona tiene dificultades para conducir.<\/li>\n<li data-sourcepos=\"17:1-18:0\"><strong>Recuerda la medicaci\u00f3n:<\/strong> Ayuda a la persona a seguir su r\u00e9gimen de medicaci\u00f3n, recordando horarios y dosis si es necesario.<\/li>\n<\/ul>\n<h3 data-sourcepos=\"19:1-19:29\"><strong>Apoyo emocional y social:<\/strong><\/h3>\n<ul data-sourcepos=\"21:1-26:0\">\n<li data-sourcepos=\"21:1-21:191\"><strong>Ofrece compa\u00f1\u00eda y afecto:<\/strong> La soledad y el aislamiento pueden ser desaf\u00edos significativos. Dedica tiempo a estar con la persona, conversar, compartir actividades y demostrarle tu cari\u00f1o.<\/li>\n<li data-sourcepos=\"22:1-22:236\"><strong>Fomenta la participaci\u00f3n social:<\/strong> An\u00edmala a mantener sus relaciones sociales, participar en grupos de apoyo o actividades que disfrute. El contacto con otros puede mejorar su estado de \u00e1nimo y reducir el sentimiento de aislamiento.<\/li>\n<li data-sourcepos=\"23:1-23:168\"><strong>S\u00e9 paciente:<\/strong> La lentitud de movimientos (bradicinesia) es un s\u00edntoma com\u00fan. Permite que la persona se tome su tiempo para realizar las tareas y evita presionarla.<\/li>\n<li data-sourcepos=\"24:1-24:161\"><strong>Mant\u00e9n una actitud positiva:<\/strong> Tu optimismo y apoyo pueden ser una gran fuente de motivaci\u00f3n. Enf\u00f3cate en las capacidades de la persona y celebra sus logros.<\/li>\n<li data-sourcepos=\"25:1-26:0\"><strong>Busca apoyo para ti tambi\u00e9n:<\/strong> Cuidar a una persona con Parkinson puede ser exigente f\u00edsica y emocionalmente. Busca el apoyo de otros familiares, amigos o grupos de cuidadores. No dudes en pedir ayuda cuando la necesites.<\/li>\n<\/ul>\n<h3 data-sourcepos=\"27:1-27:28\"><strong>Fomentando el bienestar:<\/strong><\/h3>\n<ul data-sourcepos=\"29:1-33:0\">\n<li data-sourcepos=\"29:1-29:211\"><strong>Promueve un estilo de vida saludable:<\/strong> Anima a la persona a mantener una dieta equilibrada, realizar ejercicio f\u00edsico adecuado a sus capacidades (siempre con la aprobaci\u00f3n m\u00e9dica) y descansar lo suficiente.<\/li>\n<li data-sourcepos=\"30:1-30:139\"><strong>Apoya sus intereses y hobbies:<\/strong> Ay\u00fadale a continuar disfrutando de sus pasiones y actividades favoritas, adapt\u00e1ndolas si es necesario.<\/li>\n<li data-sourcepos=\"31:1-31:161\"><strong>Fomenta la comunicaci\u00f3n con el equipo m\u00e9dico:<\/strong> An\u00edmale a expresar sus dudas y s\u00edntomas a los m\u00e9dicos y terapeutas para recibir el mejor tratamiento posible.<\/li>\n<li data-sourcepos=\"32:1-33:0\"><strong>Respeta sus decisiones:<\/strong> Permite que la persona participe activamente en la toma de decisiones sobre su cuidado y tratamiento.<\/li>\n<\/ul>\n<p data-sourcepos=\"34:1-34:272\">Acompa\u00f1ar a una persona con Parkinson es un acto de amor y compromiso. Al ofrecer comprensi\u00f3n, apoyo pr\u00e1ctico y emocional, se puede contribuir significativamente a su bienestar y calidad de vida, permiti\u00e9ndole vivir de la manera m\u00e1s plena posible a pesar de la enfermedad.<\/p>\n","protected":false},"excerpt":{"rendered":"<p>A continuaci\u00f3n, se ofrecen algunas recomendaciones clave para acompa\u00f1ar a una persona que vive con esta condici\u00f3n neurodegenerativa: Informaci\u00f3n y<\/p>\n","protected":false},"author":1,"featured_media":115232,"comment_status":"closed","ping_status":"closed","sticky":false,"template":"","format":"standard","meta":{"kia_subtitle":"El diagn\u00f3stico de Parkinson introduce cambios significativos en la vida de quien lo padece y en su entorno cercano. Brindar un apoyo adecuado requiere comprensi\u00f3n, paciencia y una actitud proactiva.","footnotes":"","jetpack_publicize_message":"","jetpack_publicize_feature_enabled":true,"jetpack_social_post_already_shared":true,"jetpack_social_options":{"image_generator_settings":{"template":"highway","default_image_id":0,"font":"","enabled":false},"version":2}},"categories":[15,70],"tags":[],"class_list":["post-115231","post","type-post","status-publish","format-standard","has-post-thumbnail","hentry","category-tendencias","category-salud"],"jetpack_publicize_connections":[],"jetpack_featured_media_url":"https:\/\/laurbedigital.com.ar\/noticias\/wp-content\/uploads\/2025\/04\/20250418-Parkinson.jpg","_links":{"self":[{"href":"https:\/\/laurbedigital.com.ar\/noticias\/wp-json\/wp\/v2\/posts\/115231","targetHints":{"allow":["GET"]}}],"collection":[{"href":"https:\/\/laurbedigital.com.ar\/noticias\/wp-json\/wp\/v2\/posts"}],"about":[{"href":"https:\/\/laurbedigital.com.ar\/noticias\/wp-json\/wp\/v2\/types\/post"}],"author":[{"embeddable":true,"href":"https:\/\/laurbedigital.com.ar\/noticias\/wp-json\/wp\/v2\/users\/1"}],"replies":[{"embeddable":true,"href":"https:\/\/laurbedigital.com.ar\/noticias\/wp-json\/wp\/v2\/comments?post=115231"}],"version-history":[{"count":1,"href":"https:\/\/laurbedigital.com.ar\/noticias\/wp-json\/wp\/v2\/posts\/115231\/revisions"}],"predecessor-version":[{"id":115233,"href":"https:\/\/laurbedigital.com.ar\/noticias\/wp-json\/wp\/v2\/posts\/115231\/revisions\/115233"}],"wp:featuredmedia":[{"embeddable":true,"href":"https:\/\/laurbedigital.com.ar\/noticias\/wp-json\/wp\/v2\/media\/115232"}],"wp:attachment":[{"href":"https:\/\/laurbedigital.com.ar\/noticias\/wp-json\/wp\/v2\/media?parent=115231"}],"wp:term":[{"taxonomy":"category","embeddable":true,"href":"https:\/\/laurbedigital.com.ar\/noticias\/wp-json\/wp\/v2\/categories?post=115231"},{"taxonomy":"post_tag","embeddable":true,"href":"https:\/\/laurbedigital.com.ar\/noticias\/wp-json\/wp\/v2\/tags?post=115231"}],"curies":[{"name":"wp","href":"https:\/\/api.w.org\/{rel}","templated":true}]}}