{"id":115229,"date":"2025-04-18T03:38:55","date_gmt":"2025-04-18T06:38:55","guid":{"rendered":"https:\/\/laurbedigital.com.ar\/noticias\/?p=115229"},"modified":"2025-04-18T03:39:15","modified_gmt":"2025-04-18T06:39:15","slug":"desolador-panorama-laboral-mas-de-medio-millon-de-empleos-registrados-perdidos-bajo-la-gestion-de-milei","status":"publish","type":"post","link":"https:\/\/laurbedigital.com.ar\/noticias\/2025\/04\/18\/desolador-panorama-laboral-mas-de-medio-millon-de-empleos-registrados-perdidos-bajo-la-gestion-de-milei\/","title":{"rendered":"Desolador panorama laboral: M\u00e1s de medio mill\u00f3n de empleos registrados perdidos bajo la gesti\u00f3n de Milei"},"content":{"rendered":"<p data-sourcepos=\"5:1-5:373\">Argentina se enfrenta a una crisis laboral de magnitud alarmante, con la p\u00e9rdida de m\u00e1s de medio mill\u00f3n de empleos registrados desde la asunci\u00f3n del gobierno de Javier Milei. La contracci\u00f3n del mercado laboral, especialmente en los sectores que emplean a las clases populares, supera incluso los niveles de destrucci\u00f3n de empleo registrados durante la pandemia de COVID-19.<\/p>\n<p data-sourcepos=\"7:1-7:502\">Un desplome sin precedentes en el trabajo registrado se produjo entre diciembre de 2024 y enero de 2025, con la p\u00e9rdida de m\u00e1s de 413.000 monotributistas sociales. Esta cifra supera la destrucci\u00f3n de 400.000 puestos de trabajo registrados durante el punto m\u00e1s cr\u00edtico de la pandemia. A esto se suma un crecimiento casi nulo del monotributo com\u00fan y una ca\u00edda vertical en el empleo registrado en casas particulares y en la construcci\u00f3n, sectores clave para la inserci\u00f3n laboral de los sectores populares.<\/p>\n<p data-sourcepos=\"9:1-9:440\">La suspensi\u00f3n de cooperativas de trabajo en diciembre de 2024 y las modificaciones en el monotributo social, que obligaron a los beneficiarios de programas sociales a costear parte de su obra social, explican esta anomal\u00eda que se extendi\u00f3 hasta enero de 2025. La ca\u00edda en el n\u00famero de monotributistas sociales no fue compensada por otros sectores, resultando en la p\u00e9rdida de 427.000 empleos registrados en general durante el mismo per\u00edodo.<\/p>\n<p data-sourcepos=\"11:1-11:462\">La dr\u00e1stica reducci\u00f3n en el monotributo social revierte el proceso de regularizaci\u00f3n laboral de cientos de miles de personas y retrotrae las cifras a niveles de 2013, anulando los avances logrados durante las gestiones de Alberto Fern\u00e1ndez y Mauricio Macri. Desde la llegada de Milei, 539.000 argentinos perdieron su empleo registrado, un golpe devastador para las cajas previsionales y un retroceso sin parang\u00f3n, incluso comparado con la crisis del coronavirus.<\/p>\n<p data-sourcepos=\"13:1-13:344\">El monotributo com\u00fan tambi\u00e9n muestra un estancamiento, con un aumento de apenas 38.000 personas en 14 meses, una tasa inferior a la de Macri y muy por debajo de la de Fern\u00e1ndez. El empleo registrado en casas particulares, mayoritariamente femenino, retrocedi\u00f3 a niveles de hace 10 a\u00f1os, revirtiendo la leve recuperaci\u00f3n posterior a la pandemia.<\/p>\n<p data-sourcepos=\"15:1-15:330\">La construcci\u00f3n, un sector clave para el empleo masculino en los sectores populares, experimenta su peor declive desde la pandemia. La paralizaci\u00f3n de la obra p\u00fablica ha provocado una ca\u00edda del 17% en el empleo registrado del sector, quintuplicando la tasa de destrucci\u00f3n de empleo registrada durante la gesti\u00f3n de Mauricio Macri.<\/p>\n<h3 data-sourcepos=\"17:1-17:54\"><strong>El trabajo privado en general: un panorama sombr\u00edo<\/strong><\/h3>\n<p data-sourcepos=\"19:1-19:551\">A pesar del aumento estacional de empleo privado registrado en enero de 2025, el sector se mantiene un 1,2% por debajo de 2024 y un 0,7% por debajo de 2023. Para acompa\u00f1ar el crecimiento vegetativo de la poblaci\u00f3n, se requerir\u00eda un aumento interanual de al menos el 1%. La destrucci\u00f3n de empleo privado registrado durante la gesti\u00f3n de Milei duplica la tasa registrada durante la gesti\u00f3n de Macri, el \u00fanico per\u00edodo de destrucci\u00f3n de empleo privado desde 2003. Desde la asunci\u00f3n de Milei, m\u00e1s de 101.000 personas perdieron su empleo privado registrado.<\/p>\n<p data-sourcepos=\"21:1-21:284\">La suba estacional, habitual en primavera y verano debido al turismo, no garantiza una recuperaci\u00f3n sostenida. Mientras que durante la gesti\u00f3n de Fern\u00e1ndez se crearon m\u00e1s de 7.300 empleos privados registrados por mes, durante la gesti\u00f3n de Milei se pierden casi 7.200 empleos por mes.<\/p>\n<p data-sourcepos=\"23:1-23:269\">La afirmaci\u00f3n de que no se crea empleo privado registrado desde 2011 se desmiente al analizar la evoluci\u00f3n del empleo privado registrado desde 2003. La \u00abfalta de creaci\u00f3n de trabajo\u00bb responde a los modelos liberales, donde la destrucci\u00f3n de empleo supera a la creaci\u00f3n.<\/p>\n","protected":false},"excerpt":{"rendered":"<p>Argentina se enfrenta a una crisis laboral de magnitud alarmante, con la p\u00e9rdida de m\u00e1s de medio mill\u00f3n de empleos<\/p>\n","protected":false},"author":1,"featured_media":104343,"comment_status":"closed","ping_status":"closed","sticky":false,"template":"","format":"standard","meta":{"kia_subtitle":"El mercado laboral argentino experimenta una ca\u00edda sin precedentes, afectando principalmente a los sectores m\u00e1s vulnerables y superando incluso los niveles de destrucci\u00f3n de empleo durante la pandemia.","footnotes":"","jetpack_publicize_message":"","jetpack_publicize_feature_enabled":true,"jetpack_social_post_already_shared":true,"jetpack_social_options":{"image_generator_settings":{"template":"highway","default_image_id":0,"font":"","enabled":false},"version":2}},"categories":[3,41],"tags":[],"class_list":["post-115229","post","type-post","status-publish","format-standard","has-post-thumbnail","hentry","category-actualidad","category-nacionales"],"jetpack_publicize_connections":[],"jetpack_featured_media_url":"https:\/\/laurbedigital.com.ar\/noticias\/wp-content\/uploads\/2024\/04\/20240425-Desempleo.jpg","_links":{"self":[{"href":"https:\/\/laurbedigital.com.ar\/noticias\/wp-json\/wp\/v2\/posts\/115229","targetHints":{"allow":["GET"]}}],"collection":[{"href":"https:\/\/laurbedigital.com.ar\/noticias\/wp-json\/wp\/v2\/posts"}],"about":[{"href":"https:\/\/laurbedigital.com.ar\/noticias\/wp-json\/wp\/v2\/types\/post"}],"author":[{"embeddable":true,"href":"https:\/\/laurbedigital.com.ar\/noticias\/wp-json\/wp\/v2\/users\/1"}],"replies":[{"embeddable":true,"href":"https:\/\/laurbedigital.com.ar\/noticias\/wp-json\/wp\/v2\/comments?post=115229"}],"version-history":[{"count":1,"href":"https:\/\/laurbedigital.com.ar\/noticias\/wp-json\/wp\/v2\/posts\/115229\/revisions"}],"predecessor-version":[{"id":115230,"href":"https:\/\/laurbedigital.com.ar\/noticias\/wp-json\/wp\/v2\/posts\/115229\/revisions\/115230"}],"wp:featuredmedia":[{"embeddable":true,"href":"https:\/\/laurbedigital.com.ar\/noticias\/wp-json\/wp\/v2\/media\/104343"}],"wp:attachment":[{"href":"https:\/\/laurbedigital.com.ar\/noticias\/wp-json\/wp\/v2\/media?parent=115229"}],"wp:term":[{"taxonomy":"category","embeddable":true,"href":"https:\/\/laurbedigital.com.ar\/noticias\/wp-json\/wp\/v2\/categories?post=115229"},{"taxonomy":"post_tag","embeddable":true,"href":"https:\/\/laurbedigital.com.ar\/noticias\/wp-json\/wp\/v2\/tags?post=115229"}],"curies":[{"name":"wp","href":"https:\/\/api.w.org\/{rel}","templated":true}]}}