{"id":115223,"date":"2025-04-18T03:27:24","date_gmt":"2025-04-18T06:27:24","guid":{"rendered":"https:\/\/laurbedigital.com.ar\/noticias\/?p=115223"},"modified":"2025-04-18T03:27:24","modified_gmt":"2025-04-18T06:27:24","slug":"enigmatico-mensaje-anonimo-reabre-interrogantes-a-10-meses-de-la-desaparicion-de-loan-danilo-pena","status":"publish","type":"post","link":"https:\/\/laurbedigital.com.ar\/noticias\/2025\/04\/18\/enigmatico-mensaje-anonimo-reabre-interrogantes-a-10-meses-de-la-desaparicion-de-loan-danilo-pena\/","title":{"rendered":"Enigm\u00e1tico mensaje an\u00f3nimo reabre interrogantes a 10 meses de la desaparici\u00f3n de Loan Danilo Pe\u00f1a"},"content":{"rendered":"<p data-sourcepos=\"5:1-5:413\">Diez largos meses han transcurrido desde que Loan Danilo Pe\u00f1a desapareci\u00f3 sin dejar rastro en Corrientes, sumiendo a su familia en una angustiante espera. En las \u00faltimas horas, un giro inesperado sacudi\u00f3 la quietud del caso: Mar\u00eda Noguera, la madre del ni\u00f1o, recibi\u00f3 dos mensajes an\u00f3nimos en su tel\u00e9fono celular, inyectando una nueva dosis de misterio y alimentando las dudas sobre lo ocurrido aquel fat\u00eddico d\u00eda.<\/p>\n<p data-sourcepos=\"7:1-7:452\">El primer mensaje, cuyo contenido fue revelado p\u00fablicamente por el periodista Alejandro Pueblas, dec\u00eda textualmente: <strong>\u201cSe\u00f1ora, \u00bfpor qu\u00e9 no quiere que Loan est\u00e9 cerca m\u00edo? No le voy a hacer nada\u201d<\/strong>. La crudeza y la directa interpelaci\u00f3n del texto no solo generaron una fuerte conmoci\u00f3n en la opini\u00f3n p\u00fablica, sino que tambi\u00e9n provocaron la visible indignaci\u00f3n del comunicador, quien ha seguido de cerca cada detalle de la investigaci\u00f3n desde su inicio.<\/p>\n<h3 data-sourcepos=\"9:1-9:68\"><strong>Un remitente desconocido y un desconcertante pedido de disculpas<\/strong><\/h3>\n<p data-sourcepos=\"11:1-11:353\">La inquietante frase lleg\u00f3 sin firma alguna, desde un n\u00famero desconocido. Poco despu\u00e9s, un segundo mensaje irrumpi\u00f3 en el tel\u00e9fono de Mar\u00eda Noguera, esta vez con un tono aparentemente m\u00e1s conciliador: <strong>\u201cMil disculpas si se enoj\u00f3\u201d<\/strong>. Lejos de ofrecer claridad, este segundo texto sembr\u00f3 a\u00fan m\u00e1s confusi\u00f3n sobre la identidad y las intenciones del emisor.<\/p>\n<p data-sourcepos=\"13:1-13:511\">Alejandro Pueblas, con evidente molestia, no dud\u00f3 en expresar su escepticismo ante este nuevo elemento. <strong>\u201cEs alguien que no sabemos qui\u00e9n es y hay que ver si esto la Justicia lo investig\u00f3\u201d<\/strong>, manifest\u00f3 durante una intervenci\u00f3n televisiva, subrayando la necesidad de una exhaustiva indagaci\u00f3n por parte de las autoridades judiciales. <strong>\u201cSi a m\u00ed no me dan entrevistas, es porque tengo que preguntar esto\u201d<\/strong>, sentenci\u00f3 el periodista, cuestionando impl\u00edcitamente el enfoque que se le ha dado al caso en los medios.<\/p>\n<h3 data-sourcepos=\"15:1-15:64\"><strong>Cr\u00edticas a la narrativa medi\u00e1tica y se\u00f1alamientos a la madre<\/strong><\/h3>\n<p data-sourcepos=\"17:1-17:466\">Pueblas fue m\u00e1s all\u00e1 de la mera descripci\u00f3n de los hechos y cuestion\u00f3 abiertamente la narrativa que se ha construido en torno a la figura de Mar\u00eda Noguera. <strong>\u201cYo no le voy a preguntar: \u00bfC\u00f3mo est\u00e1s, Mar\u00eda? \u00bfEst\u00e1s bien? \u00bfQu\u00e9 ten\u00e9s para decirle a la gente?\u201d<\/strong>, afirm\u00f3 con contundencia. En cambio, el periodista plante\u00f3 una pregunta directa y acusatoria: <strong>\u201cLe pregunto: \u00bfPor qu\u00e9 le mentiste a la Justicia provincial diciendo que te hab\u00eda llamado Laudelina cuando no?\u201d<\/strong><\/p>\n<p data-sourcepos=\"19:1-19:474\">Con esta pregunta, Pueblas aludi\u00f3 a una contradicci\u00f3n surgida en las etapas iniciales de la investigaci\u00f3n, cuando Mar\u00eda Noguera afirm\u00f3 haber recibido una llamada de Laudelina, una de las personas presentes el d\u00eda de la desaparici\u00f3n, hecho que posteriormente fue desmentido. <strong>\u201cBueno, me dir\u00e1 \u2018y no s\u00e9, estaba nerviosa\u2019, pero no s\u00e9. Bueno, listo, te la tomo\u201d<\/strong>, concluy\u00f3 el periodista, dejando entrever su escepticismo ante una posible justificaci\u00f3n basada en el nerviosismo.<\/p>\n<h3 data-sourcepos=\"21:1-21:50\"><strong>Una bater\u00eda de preguntas sin respuestas claras<\/strong><\/h3>\n<p data-sourcepos=\"23:1-23:270\">Lejos de conformarse con las dudas, Alejandro Pueblas aprovech\u00f3 su espacio medi\u00e1tico para dirigir una serie de interrogantes directamente a Mar\u00eda Noguera. <strong>\u201cMar\u00eda, \u00bfqui\u00e9n es esta persona que te mand\u00f3 estos dos mensajes?\u201d<\/strong>, inquiri\u00f3 con un tono marcado por la sospecha.<\/p>\n<p data-sourcepos=\"25:1-25:338\">Tambi\u00e9n puso el foco en la fecha de los mensajes: <strong>\u201cEl 11\/4 le manda mil disculpas si se enoj\u00f3. \u00bfDe qu\u00e9? \u00bfQu\u00e9 pas\u00f3?\u201d<\/strong>. El periodista insisti\u00f3 en que estas comunicaciones no pueden ser ignoradas por la Justicia y podr\u00edan representar una nueva y crucial l\u00ednea de investigaci\u00f3n en un caso que, para muchos, se encuentra en un punto muerto.<\/p>\n<h3 data-sourcepos=\"27:1-27:54\"><strong>Sospechas y silencios en torno a la figura materna<\/strong><\/h3>\n<p data-sourcepos=\"29:1-29:265\">La situaci\u00f3n de Mar\u00eda Noguera es compleja. Mientras la b\u00fasqueda de su hijo contin\u00faa, debe lidiar con la opini\u00f3n p\u00fablica, las inconsistencias en su propio relato y ahora, estos enigm\u00e1ticos mensajes que algunos interpretan como posibles piezas clave del rompecabezas.<\/p>\n<p data-sourcepos=\"31:1-31:301\">A pesar de sus espor\u00e1dicas apariciones en los medios, cada declaraci\u00f3n de la madre de Loan parece generar m\u00e1s interrogantes que respuestas. En sus \u00faltimas intervenciones, ha mantenido viva la esperanza de encontrar a su hijo, pero ha evitado profundizar en ciertos detalles del d\u00eda de su desaparici\u00f3n.<\/p>\n<h3 data-sourcepos=\"33:1-33:63\"><strong>El rastreo de un n\u00famero como potencial v\u00eda de investigaci\u00f3n<\/strong><\/h3>\n<p data-sourcepos=\"35:1-35:549\">Una de las demandas m\u00e1s concretas de Alejandro Pueblas es que la Justicia lleve a cabo una investigaci\u00f3n exhaustiva del n\u00famero de tel\u00e9fono desde el cual se enviaron los mensajes an\u00f3nimos. Para el periodista, este dato no es menor y podr\u00eda ser fundamental para identificar al emisor, lo que podr\u00eda abrir nuevas l\u00edneas de investigaci\u00f3n o descartar posibles sospechas. <strong>\u201cEstar\u00eda bueno que en la entrevista televisiva le pregunten a Mar\u00eda: \u2018\u00bfQu\u00e9 es esto?\u2019\u201d<\/strong>, reiter\u00f3, enfatizando lo que considera deber\u00edan ser las preguntas prioritarias de los medios.<\/p>\n<h3 data-sourcepos=\"37:1-37:59\"><strong>Laudelina, un nombre recurrente en la nebulosa del caso<\/strong><\/h3>\n<p data-sourcepos=\"39:1-39:721\">El nombre de Laudelina vuelve a emerger como un punto oscuro dentro de la trama. Su presencia el d\u00eda de la desaparici\u00f3n de Loan y las menciones de diversos testigos la han convertido en una figura relevante en la investigaci\u00f3n. La contradicci\u00f3n en el testimonio de Mar\u00eda Noguera respecto a la supuesta llamada telef\u00f3nica fue uno de los primeros elementos que generaron dudas sobre la veracidad de su relato. Alejandro Pueblas no pas\u00f3 por alto este detalle, utiliz\u00e1ndolo como argumento para insistir en que existen inconsistencias que merecen ser revisadas a fondo. Para el periodista, la falta de respuestas claras en el caso podr\u00eda estar relacionada con la ausencia de preguntas incisivas y una investigaci\u00f3n exhaustiva.<\/p>\n<h3 data-sourcepos=\"41:1-41:46\"><strong>\u00bfUna nueva esperanza o una cruel maniobra?<\/strong><\/h3>\n<p data-sourcepos=\"43:1-43:422\">Por el momento, no existe confirmaci\u00f3n oficial sobre la autenticidad de los mensajes ni sobre las intenciones de su emisor. La incertidumbre persiste sobre si se trata de una pista genuina o de una cruel provocaci\u00f3n en un caso que ha conmovido a la sociedad argentina. Lo innegable es que la aparici\u00f3n de estos textos ha reactivado el inter\u00e9s p\u00fablico y ha reinstalado la pregunta central: <strong>\u00bfD\u00f3nde est\u00e1 Loan Danilo Pe\u00f1a?<\/strong><\/p>\n<p data-sourcepos=\"45:1-45:314\">La fiscal\u00eda a\u00fan no ha emitido declaraciones oficiales respecto a este nuevo elemento, y los familiares del ni\u00f1o tampoco han realizado manifestaciones p\u00fablicas posteriores a la recepci\u00f3n de los mensajes. Sin embargo, el impacto de esta novedad ha generado diversas teor\u00edas, algunas de ellas diametralmente opuestas.<\/p>\n<h3 data-sourcepos=\"47:1-47:61\"><strong>El rol de los medios bajo la lupa y la urgencia de verdad<\/strong><\/h3>\n<p data-sourcepos=\"49:1-49:492\">El descargo de Alejandro Pueblas tambi\u00e9n pone en tela de juicio el papel de los medios de comunicaci\u00f3n en la cobertura de este tipo de casos. En su opini\u00f3n, <strong>\u201chay un enfoque demasiado liviano en ciertas coberturas\u201d<\/strong>, priorizando el aspecto emocional por encima de la rigurosidad de los hechos. Su cr\u00edtica apunta a la necesidad de un periodismo investigativo m\u00e1s incisivo, que no se conforme con la superficie y profundice en los detalles que podr\u00edan ser cruciales para esclarecer la verdad.<\/p>\n<p data-sourcepos=\"51:1-51:331\">Mientras tanto, el reloj sigue corriendo. Y con cada d\u00eda que transcurre sin noticias concretas, la incertidumbre se agudiza y la angustia de Mar\u00eda Noguera se profundiza. Loan Danilo Pe\u00f1a contin\u00faa desaparecido, y estos enigm\u00e1ticos mensajes an\u00f3nimos han a\u00f1adido un nuevo y perturbador cap\u00edtulo a un misterio que clama por respuestas.<\/p>\n","protected":false},"excerpt":{"rendered":"<p>Diez largos meses han transcurrido desde que Loan Danilo Pe\u00f1a desapareci\u00f3 sin dejar rastro en Corrientes, sumiendo a su familia<\/p>\n","protected":false},"author":1,"featured_media":115224,"comment_status":"closed","ping_status":"closed","sticky":false,"template":"","format":"standard","meta":{"kia_subtitle":"Un perturbador texto recibido por la madre del ni\u00f1o reaviva la incertidumbre y las cr\u00edticas hacia la investigaci\u00f3n y el tratamiento medi\u00e1tico del caso.","footnotes":"","jetpack_publicize_message":"","jetpack_publicize_feature_enabled":true,"jetpack_social_post_already_shared":true,"jetpack_social_options":{"image_generator_settings":{"template":"highway","default_image_id":0,"font":"","enabled":false},"version":2}},"categories":[8],"tags":[],"class_list":["post-115223","post","type-post","status-publish","format-standard","has-post-thumbnail","hentry","category-policiales"],"jetpack_publicize_connections":[],"jetpack_featured_media_url":"https:\/\/laurbedigital.com.ar\/noticias\/wp-content\/uploads\/2025\/04\/20250418-Maria-madre-Loan.jpg","_links":{"self":[{"href":"https:\/\/laurbedigital.com.ar\/noticias\/wp-json\/wp\/v2\/posts\/115223","targetHints":{"allow":["GET"]}}],"collection":[{"href":"https:\/\/laurbedigital.com.ar\/noticias\/wp-json\/wp\/v2\/posts"}],"about":[{"href":"https:\/\/laurbedigital.com.ar\/noticias\/wp-json\/wp\/v2\/types\/post"}],"author":[{"embeddable":true,"href":"https:\/\/laurbedigital.com.ar\/noticias\/wp-json\/wp\/v2\/users\/1"}],"replies":[{"embeddable":true,"href":"https:\/\/laurbedigital.com.ar\/noticias\/wp-json\/wp\/v2\/comments?post=115223"}],"version-history":[{"count":1,"href":"https:\/\/laurbedigital.com.ar\/noticias\/wp-json\/wp\/v2\/posts\/115223\/revisions"}],"predecessor-version":[{"id":115225,"href":"https:\/\/laurbedigital.com.ar\/noticias\/wp-json\/wp\/v2\/posts\/115223\/revisions\/115225"}],"wp:featuredmedia":[{"embeddable":true,"href":"https:\/\/laurbedigital.com.ar\/noticias\/wp-json\/wp\/v2\/media\/115224"}],"wp:attachment":[{"href":"https:\/\/laurbedigital.com.ar\/noticias\/wp-json\/wp\/v2\/media?parent=115223"}],"wp:term":[{"taxonomy":"category","embeddable":true,"href":"https:\/\/laurbedigital.com.ar\/noticias\/wp-json\/wp\/v2\/categories?post=115223"},{"taxonomy":"post_tag","embeddable":true,"href":"https:\/\/laurbedigital.com.ar\/noticias\/wp-json\/wp\/v2\/tags?post=115223"}],"curies":[{"name":"wp","href":"https:\/\/api.w.org\/{rel}","templated":true}]}}