{"id":115098,"date":"2025-04-13T19:38:14","date_gmt":"2025-04-13T22:38:14","guid":{"rendered":"https:\/\/laurbedigital.com.ar\/noticias\/?p=115098"},"modified":"2025-04-13T19:38:14","modified_gmt":"2025-04-13T22:38:14","slug":"cascallares-participo-de-una-conferencia-sobre-la-prevencion-de-violencias-de-ninos-ninas-y-adolescentes","status":"publish","type":"post","link":"https:\/\/laurbedigital.com.ar\/noticias\/2025\/04\/13\/cascallares-participo-de-una-conferencia-sobre-la-prevencion-de-violencias-de-ninos-ninas-y-adolescentes\/","title":{"rendered":"Cascallares particip\u00f3 de una conferencia sobre la prevenci\u00f3n de violencias de ni\u00f1os, ni\u00f1as y adolescentes"},"content":{"rendered":"<div>\n<p>La jornada se llev\u00f3 adelante en la Casa Municipal de la Cultura y estuvo dirigida a operadores de los gobiernos locales de las \u00e1reas de ni\u00f1ez y adolescencia con responsabilidades en la ejecuci\u00f3n de programas de promoci\u00f3n y protecci\u00f3n de derechos, cuya finalidad sea la prevenci\u00f3n de la violencia que involucra a ni\u00f1as, ni\u00f1os y adolescentes.<\/p>\n<h5><strong><em>En este marco, el jefe comunal dijo presente en lo que fue la jornada de apertura, en la que se abord\u00f3 \u201cEl rol de los municipios en la prevenci\u00f3n de las violencias y el conflicto penal con adolescentes\u201d, para profundizar sobre las estrategias que se llevan adelante desde los Municipios para garantizar herramientas, derechos y la protecci\u00f3n de los j\u00f3venes.<\/em><\/strong><\/h5>\n<p>Junto a Cascallares estuvieron de UNICEF el oficial de Protecci\u00f3n de Derechos, Hern\u00e1n Monath; del Organismo Provincial de Ni\u00f1ez y Adolescencia de la Provincia de Buenos Aires, el subsecretario de Responsabilidad Penal Juvenil, Pablo Lachener; del Poder Judicial de la Provincia de Buenos Aires, la jueza de Responsabilidad Penal Juvenil N\u00ba 2 de Lomas de Zamora, Marta Pascual, y por la UNAB, su rector Pablo Domenichini.<\/p>\n<p>Adem\u00e1s, la conferencia estuvo a cargo del defensor p\u00fablico oficial ante los Tribunales Orales de Menores de la Defensor\u00eda General de la Naci\u00f3n, Dami\u00e1n Mu\u00f1oz; del doctor en Ciencias Sociales de la Universidad Nacional de la Plata y Profesor Investigador de la Universidad Nacional de Quilmes, Esteban Rodr\u00edguez Alzueta, y del profesor de la Universidad Nacional de Rosario, Enrique Font.<\/p>\n<p><img loading=\"lazy\" decoding=\"async\" class=\"alignnone size-full wp-image-115100\" src=\"https:\/\/laurbedigital.com.ar\/noticias\/wp-content\/uploads\/2025\/04\/20250413-Brown-Conferencia-Cascallares-1.jpg\" alt=\"\" width=\"768\" height=\"428\" title=\"\" srcset=\"https:\/\/laurbedigital.com.ar\/noticias\/wp-content\/uploads\/2025\/04\/20250413-Brown-Conferencia-Cascallares-1.jpg 768w, https:\/\/laurbedigital.com.ar\/noticias\/wp-content\/uploads\/2025\/04\/20250413-Brown-Conferencia-Cascallares-1-300x167.jpg 300w\" sizes=\"auto, (max-width: 768px) 100vw, 768px\" \/><\/p>\n<p>La iniciativa tuvo como finalidad construir un espacio de di\u00e1logo y reflexi\u00f3n que permita brindar herramientas te\u00f3ricas y pr\u00e1cticas para la prevenci\u00f3n de la judicializaci\u00f3n de adolescentes a partir de su inclusi\u00f3n en los \u00e1mbitos comunitarios, escolares, deportivos y de salud.<\/p>\n<p>Tambi\u00e9n se busc\u00f3 profundizar en la incorporaci\u00f3n de una mirada restaurativa que promueva en el adolescente la posibilidad de reflexionar sobre el impacto de sus acciones, fomentando la toma de responsabilidad y la reparaci\u00f3n social y propia.<\/p>\n<h5><strong><em>\u201cMuy contentos de haber participado de la jornada inaugural de esta capacitaci\u00f3n tan importante que busca potenciar los cuidados y la prevenci\u00f3n de las violencias en los j\u00f3venes y tambi\u00e9n fomentar el desarrollo de herramientas y pol\u00edticas p\u00fablicas para garantizar su seguridad y bienestar\u201d, destac\u00f3 Cascallares.<\/em><\/strong><\/h5>\n<p>En la jornada estuvieron tambi\u00e9n el vicerrector de la UNAB,. Facundo Nejamkis; el secretario de Extensi\u00f3n y Bienestar, Ignacio Jawtuschenko; la secretaria de Prevenci\u00f3n y Seguridad Ciudadana de Almirante Brown, Paula Eichel; y la secretaria de Desarrollo, Seguridad Social y Derechos Humanos, B\u00e1rbara Mi\u00f1\u00e1n, entre otras autoridades.<\/p>\n<\/div>\n<div class=\"yj6qo\"><\/div>\n<div class=\"adL\"><\/div>\n","protected":false},"excerpt":{"rendered":"<p>La jornada se llev\u00f3 adelante en la Casa Municipal de la Cultura y estuvo dirigida a operadores de los gobiernos<\/p>\n","protected":false},"author":1,"featured_media":115099,"comment_status":"closed","ping_status":"closed","sticky":false,"template":"","format":"standard","meta":{"kia_subtitle":"El intendente de Almirante Brown, Mariano Cascallares, particip\u00f3 de la conferencia de apertura de la capacitaci\u00f3n \u201cPr\u00e1cticas para la Prevenci\u00f3n de Violencias Asociadas a Delitos de Ni\u00f1os, Ni\u00f1as y Adolescentes\u201d, organizada entre la Universidad Nacional Guillermo Brown (UNaB), Unicef Argentina y el Organismo Provincial de Ni\u00f1ez y Adolescentes.","footnotes":"","jetpack_publicize_message":"","jetpack_publicize_feature_enabled":true,"jetpack_social_post_already_shared":true,"jetpack_social_options":{"image_generator_settings":{"template":"highway","default_image_id":0,"font":"","enabled":false},"version":2}},"categories":[2,51,33],"tags":[],"class_list":["post-115098","post","type-post","status-publish","format-standard","has-post-thumbnail","hentry","category-alte-brown","category-adrogue","category-alte-brown-alte-brown"],"jetpack_publicize_connections":[],"jetpack_featured_media_url":"https:\/\/laurbedigital.com.ar\/noticias\/wp-content\/uploads\/2025\/04\/20250413-Brown-Conferencia-Cascallares.jpg","_links":{"self":[{"href":"https:\/\/laurbedigital.com.ar\/noticias\/wp-json\/wp\/v2\/posts\/115098","targetHints":{"allow":["GET"]}}],"collection":[{"href":"https:\/\/laurbedigital.com.ar\/noticias\/wp-json\/wp\/v2\/posts"}],"about":[{"href":"https:\/\/laurbedigital.com.ar\/noticias\/wp-json\/wp\/v2\/types\/post"}],"author":[{"embeddable":true,"href":"https:\/\/laurbedigital.com.ar\/noticias\/wp-json\/wp\/v2\/users\/1"}],"replies":[{"embeddable":true,"href":"https:\/\/laurbedigital.com.ar\/noticias\/wp-json\/wp\/v2\/comments?post=115098"}],"version-history":[{"count":1,"href":"https:\/\/laurbedigital.com.ar\/noticias\/wp-json\/wp\/v2\/posts\/115098\/revisions"}],"predecessor-version":[{"id":115101,"href":"https:\/\/laurbedigital.com.ar\/noticias\/wp-json\/wp\/v2\/posts\/115098\/revisions\/115101"}],"wp:featuredmedia":[{"embeddable":true,"href":"https:\/\/laurbedigital.com.ar\/noticias\/wp-json\/wp\/v2\/media\/115099"}],"wp:attachment":[{"href":"https:\/\/laurbedigital.com.ar\/noticias\/wp-json\/wp\/v2\/media?parent=115098"}],"wp:term":[{"taxonomy":"category","embeddable":true,"href":"https:\/\/laurbedigital.com.ar\/noticias\/wp-json\/wp\/v2\/categories?post=115098"},{"taxonomy":"post_tag","embeddable":true,"href":"https:\/\/laurbedigital.com.ar\/noticias\/wp-json\/wp\/v2\/tags?post=115098"}],"curies":[{"name":"wp","href":"https:\/\/api.w.org\/{rel}","templated":true}]}}