{"id":115068,"date":"2025-04-11T13:52:35","date_gmt":"2025-04-11T16:52:35","guid":{"rendered":"https:\/\/laurbedigital.com.ar\/noticias\/?p=115068"},"modified":"2025-04-11T13:52:35","modified_gmt":"2025-04-11T16:52:35","slug":"kicillof-y-cascallares-lanzaron-entramados-un-programa-que-genera-oportunidades-para-jovenes-en-conflicto-con-la-ley","status":"publish","type":"post","link":"https:\/\/laurbedigital.com.ar\/noticias\/2025\/04\/11\/kicillof-y-cascallares-lanzaron-entramados-un-programa-que-genera-oportunidades-para-jovenes-en-conflicto-con-la-ley\/","title":{"rendered":"Kicillof y Cascallares lanzaron \u00abEntramados\u201d, un programa que genera oportunidades para j\u00f3venes en conflicto con la ley"},"content":{"rendered":"<p>Esta nueva iniciativa provincial tiene como antecedente m\u00e1s cercano la pol\u00edtica p\u00fablica denominada \u201cInvolucrados\u201d que lleva adelante desde el a\u00f1o pasado el Municipio de Almirante Brown, en articulaci\u00f3n con la Justicia, la Universidad Nacional Guillermo Brown (UNAB) y UNICEF.<\/p>\n<p>La presentaci\u00f3n se llev\u00f3 adelante en la Casa Municipal de la Cultura y cont\u00f3 con la presencia del ministro de Seguridad provincial, Javier Alonso; el ministro de Desarrollo de la Comunidad,\u00a0\u00a0Andr\u00e9s Larroque y la secretaria General,\u00a0\u00a0Agustina Vila, entre otras autoridades.<\/p>\n<p>Se trata de un proyecto multiagencial que tiene como finalidad la prevenci\u00f3n y contenci\u00f3n del delito de ni\u00f1os, ni\u00f1as, adolescentes y j\u00f3venes de entre 14 y 21 a\u00f1os en conflicto penal, el cual se articula con distintas \u00e1reas provinciales como Seguridad, Justicia y Derechos Humanos y que abarca a 51 Municipios de toda la Provincia de Buenos Aires.<\/p>\n<p>Entre ellos: Almirante Brown, Avellaneda, Azul, Bah\u00eda Blanca, Berazategui, Berisso, Campana, Ca\u00f1uelas, Chivilcoy, Coronel Rosales, Ensenada, Escobar, Esteban Echeverr\u00eda, Ezeiza, Florencio Varela, General Pueyrred\u00f3n, General Rodr\u00edguez, General San Mart\u00edn, Hurlingham, Ituzaingo, Jos\u00e9 C. Paz, Jun\u00edn, La Costa, La Matanza, La Plata, Lan\u00fas, Lomas de Zamora, Luj\u00e1n, Malvinas Argentinas, Marcos Paz, Mercedes, Merlo, Moreno, Mor\u00f3n, Necochea, Olavarr\u00eda, Pergamino, Pilar, Presidente Per\u00f3n, Quilmes, San Fernando, San Isidro, San Miguel, San Nicol\u00e1s, San Pedro, San Vicente, Tandil, Tigre, Tres de Febrero, Vicente L\u00f3pez y Z\u00e1rate.<\/p>\n<p>Esta iniciativa tiene como finalidad fortalecer la capacidad de respuesta en los \u00e1mbitos locales para el desarrollo de pol\u00edticas de prevenci\u00f3n de los delitos cometidos por los j\u00f3venes y promover la articulaci\u00f3n institucional para fortalecer las capacidades de las distintas \u00e1reas y provinciales para brindar una respuesta integral.<\/p>\n<p>Tambi\u00e9n busca potenciar las acciones de persecuci\u00f3n penal para desarticular bandas delictivas organizadas por adultos y crear dispositivos de intervenci\u00f3n integrales que contribuyan con el acceso a la salud, educaci\u00f3n, trabajo y la restituci\u00f3n de los derechos vulnerados, prestando especial atenci\u00f3n a las circunstancias que motivaron la transgresi\u00f3n o potencial comisi\u00f3n de un delito penal.<\/p>\n<h5><strong><em>Durante la actividad, Kicillof destac\u00f3 la importancia del programa \u201cInvolucrados\u201d del Municipio de Almirante Brown e indic\u00f3 que la iniciativa provincial que se puso en marcha hoy \u201cbuscar articular con el programa browniano\u201d.<\/em><\/strong><\/h5>\n<div><img loading=\"lazy\" decoding=\"async\" class=\"alignnone size-full wp-image-115070\" src=\"https:\/\/laurbedigital.com.ar\/noticias\/wp-content\/uploads\/2025\/04\/20250411-Brown-Cascallares-Kicillof-1.jpg\" alt=\"\" width=\"800\" height=\"446\" title=\"\" srcset=\"https:\/\/laurbedigital.com.ar\/noticias\/wp-content\/uploads\/2025\/04\/20250411-Brown-Cascallares-Kicillof-1.jpg 800w, https:\/\/laurbedigital.com.ar\/noticias\/wp-content\/uploads\/2025\/04\/20250411-Brown-Cascallares-Kicillof-1-300x167.jpg 300w, https:\/\/laurbedigital.com.ar\/noticias\/wp-content\/uploads\/2025\/04\/20250411-Brown-Cascallares-Kicillof-1-768x428.jpg 768w\" sizes=\"auto, (max-width: 800px) 100vw, 800px\" \/><\/p>\n<h5><strong><em>Por su parte, Mariano Cascallares sostuvo que \u201cestamos muy felices del trabajo articulado entre los municipios y la Provincia de Buenos Aires para darle impulso a este importante programa que busca contener a los j\u00f3venes en situaci\u00f3n de conflictividad penal para que puedan reinsertarse y salir adelante con el acompa\u00f1amiento del Estado\u201d.<\/em><\/strong><\/h5>\n<p>En esa l\u00ednea, el jefe comunal sostuvo que \u201cnosotros venimos impulsando junto a la Justicia y a nuestra Universidad programas de este tipo porque entendemos que tenemos que realizar un gran esfuerzo especialmente en este momento del pa\u00eds\u201d.<\/p>\n<p>Cabe destacar que \u201cEntramados\u201d es la continuidad del programa municipal \u201cInvolucrados\u201d que seguir\u00e1 funcionando en simult\u00e1neo en nuestro distrito, el cual se enmarca en una novedosa experiencia de \u201cJusticia Restaurativa\u201d a partir de la cual los j\u00f3venes tienen una oportunidad concreta de finalizar sus estudios o ingresar en el mundo laboral alej\u00e1ndose del delito y asumiendo un nuevo proyecto de vida.<\/p>\n<p>El mismo es impulsado gracias al trabajo mancomunado con la Justicia, a trav\u00e9s del ministro de la Suprema Corte de Justicia de la Provincia de Buenos Aires, Dr. Sergio Torres, y\u00a0la jueza de Responsabilidad Penal Juvenil N\u00ba 2 de Lomas de Zamora, Marta Pascual; la UNAB y UNICEF.<\/p>\n<p>Dijeron presente en la jornada el presidente del Concejo Deliberante, Nicol\u00e1s Jawtuschenko; el presidente del Consejo Escolar, Ezequiel Mars; la secretaria de Seguridad y Prevenci\u00f3n Ciudadana, Paula Eichel; la secretaria de Desarrollo, Seguridad Social y Derechos Humanos, B\u00e1rbara Mi\u00f1\u00e1n; legisladores provinciales, secretarios, subsecretarios y delegados municipales, adem\u00e1s de concejales y consejeros escolares del Bloque UP, entre otras autoridades.<\/p>\n<\/div>\n","protected":false},"excerpt":{"rendered":"<p>Esta nueva iniciativa provincial tiene como antecedente m\u00e1s cercano la pol\u00edtica p\u00fablica denominada \u201cInvolucrados\u201d que lleva adelante desde el a\u00f1o<\/p>\n","protected":false},"author":1,"featured_media":115069,"comment_status":"closed","ping_status":"closed","sticky":false,"template":"","format":"standard","meta":{"kia_subtitle":"El gobernador bonaerense, Axel Kicillof, present\u00f3 junto al intendente de Almirante Brown, Mariano Cascallares, y a m\u00e1s de 50 jefes comunales de toda la Provincia de Buenos Aires, el programa \u201cEntramados\u201d, orientado a generar oportunidades para contener a j\u00f3venes en conflicto con la ley.","footnotes":"","jetpack_publicize_message":"","jetpack_publicize_feature_enabled":true,"jetpack_social_post_already_shared":true,"jetpack_social_options":{"image_generator_settings":{"template":"highway","default_image_id":0,"font":"","enabled":false},"version":2}},"categories":[2,51,33],"tags":[],"class_list":["post-115068","post","type-post","status-publish","format-standard","has-post-thumbnail","hentry","category-alte-brown","category-adrogue","category-alte-brown-alte-brown"],"jetpack_publicize_connections":[],"jetpack_featured_media_url":"https:\/\/laurbedigital.com.ar\/noticias\/wp-content\/uploads\/2025\/04\/20250411-Brown-Cascallares-Kicillof.jpg","_links":{"self":[{"href":"https:\/\/laurbedigital.com.ar\/noticias\/wp-json\/wp\/v2\/posts\/115068","targetHints":{"allow":["GET"]}}],"collection":[{"href":"https:\/\/laurbedigital.com.ar\/noticias\/wp-json\/wp\/v2\/posts"}],"about":[{"href":"https:\/\/laurbedigital.com.ar\/noticias\/wp-json\/wp\/v2\/types\/post"}],"author":[{"embeddable":true,"href":"https:\/\/laurbedigital.com.ar\/noticias\/wp-json\/wp\/v2\/users\/1"}],"replies":[{"embeddable":true,"href":"https:\/\/laurbedigital.com.ar\/noticias\/wp-json\/wp\/v2\/comments?post=115068"}],"version-history":[{"count":1,"href":"https:\/\/laurbedigital.com.ar\/noticias\/wp-json\/wp\/v2\/posts\/115068\/revisions"}],"predecessor-version":[{"id":115071,"href":"https:\/\/laurbedigital.com.ar\/noticias\/wp-json\/wp\/v2\/posts\/115068\/revisions\/115071"}],"wp:featuredmedia":[{"embeddable":true,"href":"https:\/\/laurbedigital.com.ar\/noticias\/wp-json\/wp\/v2\/media\/115069"}],"wp:attachment":[{"href":"https:\/\/laurbedigital.com.ar\/noticias\/wp-json\/wp\/v2\/media?parent=115068"}],"wp:term":[{"taxonomy":"category","embeddable":true,"href":"https:\/\/laurbedigital.com.ar\/noticias\/wp-json\/wp\/v2\/categories?post=115068"},{"taxonomy":"post_tag","embeddable":true,"href":"https:\/\/laurbedigital.com.ar\/noticias\/wp-json\/wp\/v2\/tags?post=115068"}],"curies":[{"name":"wp","href":"https:\/\/api.w.org\/{rel}","templated":true}]}}